{"id":51822,"date":"2025-02-13T09:51:12","date_gmt":"2025-02-13T09:51:12","guid":{"rendered":"https:\/\/dekkbi.com\/?p=51822"},"modified":"2025-02-13T09:51:13","modified_gmt":"2025-02-13T09:51:13","slug":"retrait-de-bases-francaises-vers-linstallation-dune-commission-conjointe-entre-le-senegal-et-la-france","status":"publish","type":"post","link":"https:\/\/dekkbi.com\/?p=51822","title":{"rendered":"Retrait de bases fran\u00e7aises : vers l\u2019installation d\u2019une commission conjointe entre le S\u00e9n\u00e9gal et la France"},"content":{"rendered":"\n<p><a href=\"https:\/\/lesoleil.sn\/wp-content\/uploads\/2025\/02\/WhatsApp-Image-2024-11-29-at-08.53.47.jpeg\"><\/a>Le S\u00e9n\u00e9gal et la France ont annonc\u00e9 ce mercredi, dans un communiqu\u00e9 conjoint, la cr\u00e9ation d\u2019une commission conjointe pour coordonner le retrait des forces fran\u00e7aises \u00e9tablies au S\u00e9n\u00e9gal.<\/p>\n\n\n\n<p>Cette initiative vise la restitution des emprises d\u2019ici la fin de l\u2019ann\u00e9e 2025, marquant ainsi un nouveau chapitre dans les relations des deux Etats. Ce communiqu\u00e9 du Minist\u00e8re de l\u2019Int\u00e9gration Africaine et des Affaires \u00c9trang\u00e8res du S\u00e9n\u00e9gal et du Minist\u00e8re de l\u2019Europe et des Affaires \u00e9trang\u00e8res fran\u00e7ais, souligne l\u2019engagement des deux pays \u00e0 \u00e9tablir un partenariat renouvel\u00e9 en mati\u00e8re de d\u00e9fense et de s\u00e9curit\u00e9. Ce partenariat sera con\u00e7u pour s\u2019aligner sur les priorit\u00e9s strat\u00e9giques de chaque nation.<\/p>\n\n\n\n<p>SOURCE LESOLEIL<\/p>\n","protected":false},"excerpt":{"rendered":"<p>Le S\u00e9n\u00e9gal et la France ont annonc\u00e9 ce mercredi, dans un communiqu\u00e9 conjoint, la cr\u00e9ation d\u2019une commission conjointe pour coordonner<\/p>\n","protected":false},"author":1,"featured_media":51547,"comment_status":"open","ping_status":"open","sticky":false,"template":"","format":"standard","meta":{"footnotes":""},"categories":[6],"tags":[],"class_list":["post-51822","post","type-post","status-publish","format-standard","has-post-thumbnail","hentry","category-politics"],"_links":{"self":[{"href":"https:\/\/dekkbi.com\/index.php?rest_route=\/wp\/v2\/posts\/51822","targetHints":{"allow":["GET"]}}],"collection":[{"href":"https:\/\/dekkbi.com\/index.php?rest_route=\/wp\/v2\/posts"}],"about":[{"href":"https:\/\/dekkbi.com\/index.php?rest_route=\/wp\/v2\/types\/post"}],"author":[{"embeddable":true,"href":"https:\/\/dekkbi.com\/index.php?rest_route=\/wp\/v2\/users\/1"}],"replies":[{"embeddable":true,"href":"https:\/\/dekkbi.com\/index.php?rest_route=%2Fwp%2Fv2%2Fcomments&post=51822"}],"version-history":[{"count":1,"href":"https:\/\/dekkbi.com\/index.php?rest_route=\/wp\/v2\/posts\/51822\/revisions"}],"predecessor-version":[{"id":51823,"href":"https:\/\/dekkbi.com\/index.php?rest_route=\/wp\/v2\/posts\/51822\/revisions\/51823"}],"wp:featuredmedia":[{"embeddable":true,"href":"https:\/\/dekkbi.com\/index.php?rest_route=\/wp\/v2\/media\/51547"}],"wp:attachment":[{"href":"https:\/\/dekkbi.com\/index.php?rest_route=%2Fwp%2Fv2%2Fmedia&parent=51822"}],"wp:term":[{"taxonomy":"category","embeddable":true,"href":"https:\/\/dekkbi.com\/index.php?rest_route=%2Fwp%2Fv2%2Fcategories&post=51822"},{"taxonomy":"post_tag","embeddable":true,"href":"https:\/\/dekkbi.com\/index.php?rest_route=%2Fwp%2Fv2%2Ftags&post=51822"}],"curies":[{"name":"wp","href":"https:\/\/api.w.org\/{rel}","templated":true}]}}