{"id":51812,"date":"2025-02-13T09:42:56","date_gmt":"2025-02-13T09:42:56","guid":{"rendered":"https:\/\/dekkbi.com\/?p=51812"},"modified":"2025-02-13T09:44:10","modified_gmt":"2025-02-13T09:44:10","slug":"38%e1%b5%89-sommet-de-lunion-africaine-bassirou-diomaye-faye-a-addis-abeba-pour-lannee-de-la-justice-pour-les-africains","status":"publish","type":"post","link":"https:\/\/dekkbi.com\/?p=51812","title":{"rendered":"38\u1d49 Sommet de l\u2019Union africaine : Bassirou Diomaye Faye \u00e0 Addis-Abeba pour \u00ab l\u2019Ann\u00e9e de la justice pour les Africains \u00bb"},"content":{"rendered":"\n<p>\u00ab Le pr\u00e9sident Bassirou Diomaye Diakhar Faye se rendra \u00e0 Addis-Abeba (\u00c9thiopie) du 13 au 16 f\u00e9vrier 2025 pour participer \u00e0 la 38\u1d49 session ordinaire de la Conf\u00e9rence des chefs d\u2019\u00c9tat et de gouvernement de l\u2019Union africaine (UA) \u00bb, annonce, ce mercredi, un communiqu\u00e9 de la Pr\u00e9sidence de la R\u00e9publique.<\/p>\n\n\n\n<p>Cette rencontre se tiendra sous le th\u00e8me : \u00ab Ann\u00e9e de la justice pour les Africains et les personnes d\u2019ascendance africaine par le biais de r\u00e9parations \u00bb.<\/p>\n\n\n\n<p>En marge de ce d\u00e9placement, \u00ab le Pr\u00e9sident de la R\u00e9publique participera \u00e0 des r\u00e9unions de haut niveau, notamment sur le financement de la sant\u00e9 et le M\u00e9canisme africain d\u2019\u00e9valuation par les pairs \u00bb, pr\u00e9cise la m\u00eame source.<\/p>\n\n\n\n<p>SOURCE LE SOLEIL<\/p>\n\n\n\n<p><\/p>\n","protected":false},"excerpt":{"rendered":"<p>\u00ab Le pr\u00e9sident Bassirou Diomaye Diakhar Faye se rendra \u00e0 Addis-Abeba (\u00c9thiopie) du 13 au 16 f\u00e9vrier 2025 pour participer<\/p>\n","protected":false},"author":1,"featured_media":35006,"comment_status":"open","ping_status":"open","sticky":false,"template":"","format":"standard","meta":{"footnotes":""},"categories":[6],"tags":[],"class_list":["post-51812","post","type-post","status-publish","format-standard","has-post-thumbnail","hentry","category-politics"],"_links":{"self":[{"href":"https:\/\/dekkbi.com\/index.php?rest_route=\/wp\/v2\/posts\/51812","targetHints":{"allow":["GET"]}}],"collection":[{"href":"https:\/\/dekkbi.com\/index.php?rest_route=\/wp\/v2\/posts"}],"about":[{"href":"https:\/\/dekkbi.com\/index.php?rest_route=\/wp\/v2\/types\/post"}],"author":[{"embeddable":true,"href":"https:\/\/dekkbi.com\/index.php?rest_route=\/wp\/v2\/users\/1"}],"replies":[{"embeddable":true,"href":"https:\/\/dekkbi.com\/index.php?rest_route=%2Fwp%2Fv2%2Fcomments&post=51812"}],"version-history":[{"count":1,"href":"https:\/\/dekkbi.com\/index.php?rest_route=\/wp\/v2\/posts\/51812\/revisions"}],"predecessor-version":[{"id":51813,"href":"https:\/\/dekkbi.com\/index.php?rest_route=\/wp\/v2\/posts\/51812\/revisions\/51813"}],"wp:featuredmedia":[{"embeddable":true,"href":"https:\/\/dekkbi.com\/index.php?rest_route=\/wp\/v2\/media\/35006"}],"wp:attachment":[{"href":"https:\/\/dekkbi.com\/index.php?rest_route=%2Fwp%2Fv2%2Fmedia&parent=51812"}],"wp:term":[{"taxonomy":"category","embeddable":true,"href":"https:\/\/dekkbi.com\/index.php?rest_route=%2Fwp%2Fv2%2Fcategories&post=51812"},{"taxonomy":"post_tag","embeddable":true,"href":"https:\/\/dekkbi.com\/index.php?rest_route=%2Fwp%2Fv2%2Ftags&post=51812"}],"curies":[{"name":"wp","href":"https:\/\/api.w.org\/{rel}","templated":true}]}}