{"id":51806,"date":"2025-02-13T09:33:24","date_gmt":"2025-02-13T09:33:24","guid":{"rendered":"https:\/\/dekkbi.com\/?p=51806"},"modified":"2025-02-13T09:33:24","modified_gmt":"2025-02-13T09:33:24","slug":"des-ondes-au-changement-limpact-des-radios-sur-la-democratie-au-senegal","status":"publish","type":"post","link":"https:\/\/dekkbi.com\/?p=51806","title":{"rendered":"Des ondes au changement : l\u2019impact des radios sur la d\u00e9mocratie au S\u00e9n\u00e9gal"},"content":{"rendered":"\n<p><a href=\"https:\/\/lesoleil.sn\/wp-content\/uploads\/2025\/02\/radio-micro.jpg\"><\/a><strong>Alors que le monde c\u00e9l\u00e8bre ce jeudi 13 f\u00e9vrier la Journ\u00e9e mondiale de la radio, il est essentiel de rappeler le r\u00f4le fondamental qu\u2019a jou\u00e9 ce m\u00e9dia dans les grandes mutations politiques du S\u00e9n\u00e9gal.<\/strong><\/p>\n\n\n\n<p>Depuis l\u2019av\u00e8nement du pluralisme m\u00e9diatique, la radio s\u2019est impos\u00e9e comme un vecteur incontournable du d\u00e9bat d\u00e9mocratique, un outil d\u2019information et de sensibilisation ayant largement influenc\u00e9 les diff\u00e9rentes alternances politiques du pays. Initi\u00e9e par l\u2019Unesco en 2012, la journ\u00e9e mondiale de la radio a pour vocation de c\u00e9l\u00e9brer l\u2019importance de la diffusion radiophonique dans le monde et le r\u00f4le jou\u00e9 par de nombreuses stations de radio pour informer le plus grand nombre.<\/p>\n\n\n\n<p><strong>Un m\u00e9dia au service de la d\u00e9mocratie<\/strong><\/p>\n\n\n\n<p>Au S\u00e9n\u00e9gal, la radio demeure le principal canal d\u2019information pour une grande partie de la population, notamment en milieu rural. Gr\u00e2ce \u00e0 sa proximit\u00e9, son accessibilit\u00e9 et sa capacit\u00e9 \u00e0 diffuser des programmes dans les langues locales, elle constitue un puissant levier d\u2019\u00e9ducation citoyenne et de mobilisation politique. \u00ab&nbsp;<em>Avant la lib\u00e9ralisation des ondes, il n\u2019y avait que la radio et la t\u00e9l\u00e9vision, mais cette derni\u00e8re n\u2019\u00e9tait pas accessible partout, notamment en milieu rural. La radio a donc permis une diffusion massive de l\u2019information, aussi bien en ville qu\u2019en campagne<\/em>&nbsp;\u00bb, explique Yacine Diagne, docteure en science politique.<\/p>\n\n\n\n<p>Ce m\u00e9dia a \u00e9galement jou\u00e9 un r\u00f4le d\u2019\u00e9mancipation en r\u00e9duisant la distance entre le monde rural et urbain. \u00ab&nbsp;<em>Nous avons connu l\u2019exp\u00e9rience de la radio \u00e9ducative rurale, qui \u00e9tait d\u00e9di\u00e9e aux paysans et a jou\u00e9 un r\u00f4le crucial dans l\u2019alphab\u00e9tisation. Elle a ainsi permis \u00e0 une grande partie de la population d\u2019acc\u00e9der \u00e0 l\u2019information sur les enjeux politiques, sociaux et \u00e9conomiques<\/em>&nbsp;\u00bb, poursuit-elle.<\/p>\n\n\n\n<p><strong>Voix du peuple<\/strong><\/p>\n\n\n\n<p>L\u2019\u00e9lection pr\u00e9sidentielle de 2000, qui a vu la premi\u00e8re alternance d\u00e9mocratique avec la victoire d\u2019Abdoulaye Wade face \u00e0 Abdou Diouf, a mis en \u00e9vidence l\u2019influence des radios priv\u00e9es telles que Sud FM, Walfadjri et Radio Dunyaa. Ces m\u00e9dias ont boulevers\u00e9 le paysage informationnel, brisant le monopole de l\u2019ORTS (aujourd\u2019hui RTS) et offrant une pluralit\u00e9 de voix au sein du d\u00e9bat public. \u00ab&nbsp;<em>La libert\u00e9 d\u2019expression a commenc\u00e9 par la radio avant de s\u2019\u00e9tendre \u00e0 la t\u00e9l\u00e9vision dans les ann\u00e9es 2000. L\u2019apparition des radios priv\u00e9es et communautaires a renforc\u00e9 la diversit\u00e9 d\u2019opinions et a permis aux citoyens de s\u2019exprimer librement<\/em>&nbsp;\u00bb, souligne Yacine Diagne.<\/p>\n\n\n\n<p>Les radios ont \u00e9galement jou\u00e9 un r\u00f4le essentiel dans la transparence \u00e9lectorale. Elles ont couvert les manifestations politiques, relay\u00e9 les revendications populaires et assur\u00e9 le monitoring du scrutin en diffusant des r\u00e9sultats en temps r\u00e9el.<\/p>\n\n\n\n<p>La seconde alternance qui a vu Macky Sall succ\u00e9der \u00e0 Abdoulaye Wade, a encore d\u00e9montr\u00e9 l\u2019influence de ce m\u00e9dia sur les transitions d\u00e9mocratiques au S\u00e9n\u00e9gal. Les radios ont \u00e9t\u00e9 un instrument de pression sociale en donnant la parole aux acteurs de la soci\u00e9t\u00e9 civile et en amplifiant les aspirations au changement. La couverture m\u00e9diatique des manifestations contre la tentative de Wade de briguer un troisi\u00e8me mandat a jou\u00e9 un r\u00f4le d\u00e9terminant dans la mobilisation citoyenne.<\/p>\n\n\n\n<p><strong>En constante r\u00e9invention<\/strong><\/p>\n\n\n\n<p>Lors de l\u2019\u00e9lection pr\u00e9sidentielle de 2024, qui a conduit \u00e0 l\u2019\u00e9lection de Bassirou Diomaye Faye, la radio a su s\u2019adapter \u00e0 un paysage m\u00e9diatique en pleine mutation. Avec l\u2019essor du num\u00e9rique et des r\u00e9seaux sociaux, elle est rest\u00e9e un outil essentiel dans la lutte contre la d\u00e9sinformation, la couverture des d\u00e9bats et le suivi du processus \u00e9lectoral. \u00ab&nbsp;<em>L\u2019av\u00e8nement du num\u00e9rique a vu \u00e9merger des cha\u00eenes YouTube et des cr\u00e9ateurs de contenu animant des d\u00e9bats en direct. Mais cela n\u2019enl\u00e8ve rien \u00e0 l\u2019importance de la radio, car elle reste moins co\u00fbteuse et accessible, surtout dans les zones recul\u00e9es o\u00f9 l\u2019acc\u00e8s \u00e0 Internet et \u00e0 l\u2019\u00e9lectricit\u00e9 est limit\u00e9&nbsp;<\/em>\u00bb, analyse Yacine Diagne.<\/p>\n\n\n\n<p>Malgr\u00e9 l\u2019\u00e9volution technologique, la radio demeure le m\u00e9dia roi par excellence au S\u00e9n\u00e9gal pour influencer l\u2019opinion et accompagner les processus d\u00e9mocratiques. \u00ab&nbsp;<em>On avait pr\u00e9dit la disparition de la presse \u00e9crite avec l\u2019apparition de nouvelles technologies, mais cela ne s\u2019est pas produit. Idem pour la radio avec l\u2019apparition de la t\u00e9l\u00e9vision. Mais on constatque que la radio, de par son usage des langues locales et sa capacit\u00e9 d\u2019adaptation, conserve une place essentielle dans le paysage m\u00e9diatique<\/em>&nbsp;\u00bb, affirme, Yacine Diagne, qui occupe aussi le poste de cheffe de d\u00e9partement radio au Centre d\u2019\u00e9tudes des sciences et techniques de l\u2019information (Cesti).<\/p>\n\n\n\n<p>Pour elle, il existe une v\u00e9ritable compl\u00e9mentarit\u00e9 entre la radio et le num\u00e9rique : \u00ab&nbsp;<em>Elle doit se r\u00e9inventer, non pas en se substituant aux nouvelles plateformes, mais en exploitant leurs potentialit\u00e9s. Les podcasts, les diffusions en ligne et les \u00e9missions interactives attirent aujourd\u2019hui une nouvelle g\u00e9n\u00e9ration hyperconnect\u00e9e<\/em>&nbsp;\u00bb.<\/p>\n\n\n\n<p>La radio, en perp\u00e9tuelle \u00e9volution, continue donc de fa\u00e7onner l\u2019avenir m\u00e9diatique du S\u00e9n\u00e9gal tout en restant fid\u00e8le \u00e0 son r\u00f4le de sentinelle de la d\u00e9mocratie.<\/p>\n\n\n\n<p><strong>Cheikh Gora DIOP<\/strong><br>LESOLEIL<\/p>\n","protected":false},"excerpt":{"rendered":"<p>Alors que le monde c\u00e9l\u00e8bre ce jeudi 13 f\u00e9vrier la Journ\u00e9e mondiale de la radio, il est essentiel de rappeler<\/p>\n","protected":false},"author":1,"featured_media":51807,"comment_status":"open","ping_status":"open","sticky":false,"template":"","format":"standard","meta":{"footnotes":""},"categories":[21],"tags":[],"class_list":["post-51806","post","type-post","status-publish","format-standard","has-post-thumbnail","hentry","category-societe"],"_links":{"self":[{"href":"https:\/\/dekkbi.com\/index.php?rest_route=\/wp\/v2\/posts\/51806","targetHints":{"allow":["GET"]}}],"collection":[{"href":"https:\/\/dekkbi.com\/index.php?rest_route=\/wp\/v2\/posts"}],"about":[{"href":"https:\/\/dekkbi.com\/index.php?rest_route=\/wp\/v2\/types\/post"}],"author":[{"embeddable":true,"href":"https:\/\/dekkbi.com\/index.php?rest_route=\/wp\/v2\/users\/1"}],"replies":[{"embeddable":true,"href":"https:\/\/dekkbi.com\/index.php?rest_route=%2Fwp%2Fv2%2Fcomments&post=51806"}],"version-history":[{"count":1,"href":"https:\/\/dekkbi.com\/index.php?rest_route=\/wp\/v2\/posts\/51806\/revisions"}],"predecessor-version":[{"id":51808,"href":"https:\/\/dekkbi.com\/index.php?rest_route=\/wp\/v2\/posts\/51806\/revisions\/51808"}],"wp:featuredmedia":[{"embeddable":true,"href":"https:\/\/dekkbi.com\/index.php?rest_route=\/wp\/v2\/media\/51807"}],"wp:attachment":[{"href":"https:\/\/dekkbi.com\/index.php?rest_route=%2Fwp%2Fv2%2Fmedia&parent=51806"}],"wp:term":[{"taxonomy":"category","embeddable":true,"href":"https:\/\/dekkbi.com\/index.php?rest_route=%2Fwp%2Fv2%2Fcategories&post=51806"},{"taxonomy":"post_tag","embeddable":true,"href":"https:\/\/dekkbi.com\/index.php?rest_route=%2Fwp%2Fv2%2Ftags&post=51806"}],"curies":[{"name":"wp","href":"https:\/\/api.w.org\/{rel}","templated":true}]}}