{"id":51803,"date":"2025-02-13T09:30:12","date_gmt":"2025-02-13T09:30:12","guid":{"rendered":"https:\/\/dekkbi.com\/?p=51803"},"modified":"2025-02-13T09:30:13","modified_gmt":"2025-02-13T09:30:13","slug":"comptes-publics-la-cour-des-comptes-releve-des-anomalies-sur-les-recettes-de-letat-et-des-transferts-de-credits-irreguliers","status":"publish","type":"post","link":"https:\/\/dekkbi.com\/?p=51803","title":{"rendered":"Comptes publics: la Cour des comptes rel\u00e8ve \u2018\u2019des anomalies\u2019\u2019 sur les recettes de l\u2019\u00c9tat et des transferts de cr\u00e9dits irr\u00e9guliers"},"content":{"rendered":"\n<p>Dakar,  (APS) \u2013 La Cour des comptes constate \u2018\u2019des anomalies relatives \u00e0 des rattachements de recettes\u2019\u2019, une absence de rapports d\u2019\u00e9valuation des d\u00e9penses fiscales en 2022 et 2023 \u2018\u2019contraire\u2019\u2019 \u00e0 la r\u00e8glementation de l\u2019UEMOA, des transferts de cr\u00e9dits contraires aux r\u00e8gles en la mati\u00e8re, entre autres, dans son \u2018\u2019Audit du rapport sur la situation des finances publiques\u2013Gestions de 2019 au 31 mars 2024\u2019\u2019.<\/p>\n\n\n\n<p>\u2018\u2019La Cour [des comptes] constate, \u00e0 la recette g\u00e9n\u00e9rale du Tr\u00e9sor, des rattachements irr\u00e9guliers consistant \u00e0 comptabiliser des recettes recouvr\u00e9es en ann\u00e9e N \u00e0 l\u2019exercice N-1\u2019\u2019, lit-on dans le rapport d\u00e9finitif de l\u2019audit men\u00e9 depuis plusieurs mois.<\/p>\n\n\n\n<p>\u2018\u2019L\u2019absence de rapports d\u2019\u00e9valuation des d\u00e9penses fiscales pour les gestions 2022 et 2023 est contraire \u00e0 la d\u00e9cision n\u00b0 08\/2015\/CM\/UEMOA du 2 juillet 2015 instituant les modalit\u00e9s d\u2019\u00e9valuation des d\u00e9penses fiscales dans les \u00c9tats membres de l\u2019UEMOA\u2019\u2019, notent les auteurs du document.<\/p>\n\n\n\n<p>Ils disent avoir constat\u00e9 que \u2018\u2019la masse salariale est pass\u00e9e de 744,96 milliards de francs CFA en 2019 \u00e0 1 303,50 milliards en 2023, soit une \u00e9volution de 74,97 %\u2019\u2019.<\/p>\n\n\n\n<p>\u2018\u2019La Cour [des comptes] rel\u00e8ve des transferts importants au profit des services non personnalis\u00e9s de l\u2019\u00c9tat (SNPE) et des d\u00e9penses sur ressources ext\u00e9rieures non retrac\u00e9es\u2019\u2019 dans les documents budg\u00e9taires.<\/p>\n\n\n\n<p>En plus, \u2018\u2019les services non personnalis\u00e9s de l\u2019\u00c9tat, entit\u00e9s d\u00e9pourvues de personnalit\u00e9 juridique, ont b\u00e9n\u00e9fici\u00e9 [\u2026] de transferts budg\u00e9taires d\u2019un montant total de 2.562,17 milliards de francs CFA repr\u00e9sentant 28,06 % des transferts globaux du budget g\u00e9n\u00e9ral\u2019\u2019, alors que \u2018\u2019l\u2019\u00c9tat ne doit pas accorder \u00e0 ses propres services des transferts de cr\u00e9dits\u2019\u2019.<\/p>\n\n\n\n<p>La Cour des comptes signale que \u2018\u2019les faits relat\u00e9s dans le pr\u00e9sent rapport, pr\u00e9sum\u00e9s constitutifs de fautes de gestion, de gestions de fait ou d\u2019infractions \u00e0 caract\u00e8re p\u00e9nal, feront l\u2019objet, le cas \u00e9ch\u00e9ant, de d\u00e9f\u00e9r\u00e9s, de r\u00e9f\u00e9r\u00e9s ou de d\u00e9clarations provisoires de gestion de fait\u2019\u2019.<\/p>\n\n\n\n<p>L\u2019audit a \u00e9t\u00e9 fait \u00e0 la demande des nouvelles autorit\u00e9s s\u00e9n\u00e9galaises, \u00e0 la suite de l\u2019\u00e9lection pr\u00e9sidentielle de mars 2024.<\/p>\n\n\n\n<p>Il a \u00e9t\u00e9 conduit apr\u00e8s que le ministre des Finances et du Budget a transmis \u00e0 la Cour des comptes un rapport sur la situation des finances publiques couvrant la p\u00e9riode allant de 2019 au 31 mars 2024.<\/p>\n\n\n\n<p>\u2018\u2019L\u2019objectif g\u00e9n\u00e9ral de l\u2019audit est de s\u2019assurer que le rapport produit par le gouvernement rend compte fid\u00e8lement de la situation budg\u00e9taire et financi\u00e8re de l\u2019\u00c9tat, de 2019 au 31 mars 2024\u2019\u2019, rappellent les fonctionnaires auteurs de l\u2019audit.<\/p>\n\n\n\n<p>ESF\/ASB\/OID<\/p>\n","protected":false},"excerpt":{"rendered":"<p>Dakar, (APS) \u2013 La Cour des comptes constate \u2018\u2019des anomalies relatives \u00e0 des rattachements de recettes\u2019\u2019, une absence de rapports<\/p>\n","protected":false},"author":1,"featured_media":51804,"comment_status":"open","ping_status":"open","sticky":false,"template":"","format":"standard","meta":{"footnotes":""},"categories":[3],"tags":[],"class_list":["post-51803","post","type-post","status-publish","format-standard","has-post-thumbnail","hentry","category-event-more-news"],"_links":{"self":[{"href":"https:\/\/dekkbi.com\/index.php?rest_route=\/wp\/v2\/posts\/51803","targetHints":{"allow":["GET"]}}],"collection":[{"href":"https:\/\/dekkbi.com\/index.php?rest_route=\/wp\/v2\/posts"}],"about":[{"href":"https:\/\/dekkbi.com\/index.php?rest_route=\/wp\/v2\/types\/post"}],"author":[{"embeddable":true,"href":"https:\/\/dekkbi.com\/index.php?rest_route=\/wp\/v2\/users\/1"}],"replies":[{"embeddable":true,"href":"https:\/\/dekkbi.com\/index.php?rest_route=%2Fwp%2Fv2%2Fcomments&post=51803"}],"version-history":[{"count":1,"href":"https:\/\/dekkbi.com\/index.php?rest_route=\/wp\/v2\/posts\/51803\/revisions"}],"predecessor-version":[{"id":51805,"href":"https:\/\/dekkbi.com\/index.php?rest_route=\/wp\/v2\/posts\/51803\/revisions\/51805"}],"wp:featuredmedia":[{"embeddable":true,"href":"https:\/\/dekkbi.com\/index.php?rest_route=\/wp\/v2\/media\/51804"}],"wp:attachment":[{"href":"https:\/\/dekkbi.com\/index.php?rest_route=%2Fwp%2Fv2%2Fmedia&parent=51803"}],"wp:term":[{"taxonomy":"category","embeddable":true,"href":"https:\/\/dekkbi.com\/index.php?rest_route=%2Fwp%2Fv2%2Fcategories&post=51803"},{"taxonomy":"post_tag","embeddable":true,"href":"https:\/\/dekkbi.com\/index.php?rest_route=%2Fwp%2Fv2%2Ftags&post=51803"}],"curies":[{"name":"wp","href":"https:\/\/api.w.org\/{rel}","templated":true}]}}