{"id":51780,"date":"2025-02-12T13:51:46","date_gmt":"2025-02-12T13:51:46","guid":{"rendered":"https:\/\/dekkbi.com\/?p=51780"},"modified":"2025-02-12T13:51:47","modified_gmt":"2025-02-12T13:51:47","slug":"le-qatar-et-legypte-travaillent-a-sauver-le-cessez-le-feu-a-gaza","status":"publish","type":"post","link":"https:\/\/dekkbi.com\/?p=51780","title":{"rendered":"Le Qatar et l&rsquo;Egypte travaillent \u00e0 sauver le cessez-le-feu \u00e0 Gaza"},"content":{"rendered":"\n<p>Par \u00a9 2025 AFP<\/p>\n\n\n\n<p>Le gouvernement isra\u00e9lien a fait part de son indignation face \u00e0 la parade organis\u00e9e le 8 f\u00e9vrier \u00e0 Gaza par le Hamas lors de la lib\u00e9ration de trois otages, apparus faibles et \u00e9maci\u00e9s et qui ont \u00e9t\u00e9 contraints de remercier leurs ravisseurs.<\/p>\n\n\n\n<p>Le Hamas a lui accus\u00e9 Isra\u00ebl de bloquer l&rsquo;entr\u00e9e de l&rsquo;aide humanitaire \u00e0 Gaza, et menac\u00e9 lundi de ne pas proc\u00e9der aux lib\u00e9rations pr\u00e9vues samedi.<\/p>\n\n\n\n<p>Et la tension est mont\u00e9e d&rsquo;un cran apr\u00e8s que le secr\u00e9taire d&rsquo;Etat am\u00e9ricain Marco Rubio, attendu cette semaine au Moyen-Orient, a d\u00e9clar\u00e9 qu'\u00a0\u00bbIsra\u00ebl ne peut pas permettre (&#8230;) au Hamas d&rsquo;utiliser le cessez-le-feu pour reconstruire ses forces\u00a0\u00bb.<\/p>\n\n\n\n<p>L&rsquo;arm\u00e9e isra\u00e9lienne a entretemps envoy\u00e9 des renforts suppl\u00e9mentaires autour de la bande de Gaza, d\u00e9vast\u00e9e par la guerre d\u00e9clench\u00e9e par l&rsquo;attaque sans pr\u00e9c\u00e9dent du Hamas le 7 octobre 2023 dans le sud d&rsquo;Isra\u00ebl.<\/p>\n\n\n\n<p>Mercredi, l&rsquo;arm\u00e9e a dit avoir men\u00e9 un raid a\u00e9rien contre deux personnes qui tentaient de r\u00e9cup\u00e9rer un drone \u00e0 Gaza, sans pr\u00e9ciser leur sort, et fait \u00e9tat de \u00ab\u00a0plusieurs tentatives\u00a0\u00bb de faire entrer des armes par drones dans le territoire palestinien.<\/p>\n\n\n\n<p>Les pourparlers pour pr\u00e9parer la deuxi\u00e8me phase de l&rsquo;accord de tr\u00eave n&rsquo;ont par ailleurs toujours pas commenc\u00e9, ce que le Hamas a imput\u00e9 \u00e0 une \u00ab\u00a0obstruction continue\u00a0\u00bb d&rsquo;Isra\u00ebl pour le \u00ab\u00a0saboter\u00a0\u00bb.<\/p>\n\n\n\n<p>Jusque l\u00e0, 16 otages isra\u00e9liens et 765 prisonniers palestiniens ont \u00e9t\u00e9 lib\u00e9r\u00e9s lors de la premi\u00e8re phase s&rsquo;achevant d\u00e9but mars.<\/p>\n\n\n\n<p>Sur 251 personnes enlev\u00e9es lors de l&rsquo;attaque le 7-Octobre, 73 sont toujours otages \u00e0 Gaza, dont au moins 35 mortes, selon l&rsquo;arm\u00e9e isra\u00e9lienne.<\/p>\n\n\n\n<p>Principal alli\u00e9 d&rsquo;Isra\u00ebl, Donald Trump a promis \u00ab\u00a0l&rsquo;enfer\u00a0\u00bb au Hamas s&rsquo;il ne rel\u00e2chait pas \u00ab\u00a0tous les otages\u00a0\u00bb retenus \u00e0 Gaza avant samedi \u00ab\u00a0\u00e0 12 heures\u00a0\u00bb.<\/p>\n\n\n\n<figure class=\"wp-block-image\"><img decoding=\"async\" src=\"https:\/\/information.tv5monde.com\/sites\/tv5-info\/files\/styles\/entete\/public\/2025-02\/field_media_image-2902644-d2a4d97d16bd0367b71fdeaaa715e7d1055435d0.jpg?itok=adVvtOMI\" alt=\"Dans les d\u00e9combres d'un immeuble bombard\u00e9 \u00e0 beit Lahia, dans le nord de la bande de Gaza, le 11 f\u00e9vrier 2025\" title=\"Dans les d\u00e9combres d'un immeuble bombard\u00e9 \u00e0 beit Lahia, dans le nord de la bande de Gaza, le 11 f\u00e9vrier 2025\"\/><\/figure>\n\n\n\n<p>Dans les d\u00e9combres d&rsquo;un immeuble bombard\u00e9 \u00e0 beit Lahia, dans le nord de la bande de Gaza, le 11 f\u00e9vrier 2025<\/p>\n\n\n\n<p>AFP  &#8211; BASHAR TALEB<\/p>\n\n\n\n<p>\u00ab\u00a0Si le Hamas ne lib\u00e8re pas nos otages d&rsquo;ici \u00e0 samedi midi, le cessez-le-feu prendra fin\u00a0\u00bb et l&rsquo;arm\u00e9e \u00ab\u00a0reprendra des combats intenses jusqu&rsquo;\u00e0 ce que le Hamas soit d\u00e9finitivement battu\u00a0\u00bb, a averti mardi le Premier ministre isra\u00e9lien Benjamin Netanyahu, sans pr\u00e9ciser s&rsquo;il parlait de tous les otages ou du seul groupe cens\u00e9 \u00eatre lib\u00e9r\u00e9 pour le sixi\u00e8me \u00e9change.<\/p>\n\n\n\n<p>Le mouvement palestinien a r\u00e9pondu qu&rsquo;il restait \u00ab\u00a0attach\u00e9\u00a0\u00bb \u00e0 l&rsquo;accord de tr\u00eave, mais Donald Trump a affirm\u00e9 \u00ab\u00a0ne pas croire\u00a0\u00bb qu&rsquo;il respecterait la date limite de samedi.<\/p>\n\n\n\n<h2 class=\"wp-block-heading\">\u00ab\u00a0Inacceptable\u00a0\u00bb<\/h2>\n\n\n\n<p>Le Hamas a en outre salu\u00e9 les positions d&rsquo;Amman et du Caire oppos\u00e9es \u00e0 la proposition de Donald Trump de d\u00e9placer les Palestiniens de Gaza ainsi que la perspective \u00ab\u00a0d&rsquo;un plan arabe pour reconstruire Gaza sans d\u00e9placer ses habitants\u00a0\u00bb.<\/p>\n\n\n\n<p>M. Trump a propos\u00e9 de placer Gaza sous contr\u00f4le am\u00e9ricain pour la reconstruire et de d\u00e9placer ses quelque 2,4 millions d&rsquo;habitants notamment vers l&rsquo;Egypte et la Jordanie.<\/p>\n\n\n\n<p>Le secr\u00e9taire g\u00e9n\u00e9ral de la Ligue arabe, Ahmed Aboul Gheit, a jug\u00e9 \u00ab\u00a0inacceptable pour le monde arabe\u00a0\u00bb un tel projet.<\/p>\n\n\n\n<p>Apr\u00e8s des entretiens avec M. Trump \u00e0 Washington, le roi Abdallah II de Jordanie a de nouveau r\u00e9it\u00e9r\u00e9 mardi sa \u00ab\u00a0ferme opposition\u00a0\u00bb \u00e0 tout d\u00e9placement des Palestiniens.<\/p>\n\n\n\n<p>Ce rejet a \u00e9galement \u00e9t\u00e9 r\u00e9affirm\u00e9 par le pr\u00e9sident \u00e9gyptien Abdel Fattah al-Sissi, attendu prochainement \u00e0 la Maison Blanche.<\/p>\n\n\n\n<p>Isra\u00ebl \u00ab\u00a0n&rsquo;a pas \u00e9t\u00e9 en mesure de nous pousser hors de ce pays, et Trump n&rsquo;y parviendra pas non plus\u00a0\u00bb, affirme Isma\u00efl Shehada, un habitant de Gaza-ville, pour qui \u00ab\u00a0les menaces\u00a0\u00bb du pr\u00e9sident am\u00e9ricain sont \u00ab\u00a0irr\u00e9alistes\u00a0\u00bb.<\/p>\n\n\n\n<p>La deuxi\u00e8me phase de l&rsquo;accord vise \u00e0 permettre la lib\u00e9ration de tous les otages et la fin d\u00e9finitive de la guerre. La troisi\u00e8me et derni\u00e8re phase doit \u00eatre consacr\u00e9e \u00e0 la reconstruction de Gaza, un gigantesque chantier de plus de 53 milliards de dollars selon l&rsquo;ONU.<\/p>\n\n\n\n<p>L&rsquo;attaque du 7-Octobre a entra\u00een\u00e9 la mort de 1.210 personnes du c\u00f4t\u00e9 isra\u00e9lien, en majorit\u00e9 des civils, selon un d\u00e9compte de l&rsquo;AFP bas\u00e9 sur des donn\u00e9es officielles.<\/p>\n\n\n\n<p>L&rsquo;offensive isra\u00e9lienne men\u00e9e en repr\u00e9sailles \u00e0 Gaza a fait au moins 48.219 morts, en majorit\u00e9 des civils, selon les donn\u00e9es du minist\u00e8re de la Sant\u00e9 du Hamas, jug\u00e9es fiables par l&rsquo;ONU.<\/p>\n","protected":false},"excerpt":{"rendered":"<p>Par \u00a9 2025 AFP Le gouvernement isra\u00e9lien a fait part de son indignation face \u00e0 la parade organis\u00e9e le 8<\/p>\n","protected":false},"author":1,"featured_media":51781,"comment_status":"open","ping_status":"open","sticky":false,"template":"","format":"standard","meta":{"footnotes":""},"categories":[51],"tags":[],"class_list":["post-51780","post","type-post","status-publish","format-standard","has-post-thumbnail","hentry","category-general"],"_links":{"self":[{"href":"https:\/\/dekkbi.com\/index.php?rest_route=\/wp\/v2\/posts\/51780","targetHints":{"allow":["GET"]}}],"collection":[{"href":"https:\/\/dekkbi.com\/index.php?rest_route=\/wp\/v2\/posts"}],"about":[{"href":"https:\/\/dekkbi.com\/index.php?rest_route=\/wp\/v2\/types\/post"}],"author":[{"embeddable":true,"href":"https:\/\/dekkbi.com\/index.php?rest_route=\/wp\/v2\/users\/1"}],"replies":[{"embeddable":true,"href":"https:\/\/dekkbi.com\/index.php?rest_route=%2Fwp%2Fv2%2Fcomments&post=51780"}],"version-history":[{"count":1,"href":"https:\/\/dekkbi.com\/index.php?rest_route=\/wp\/v2\/posts\/51780\/revisions"}],"predecessor-version":[{"id":51782,"href":"https:\/\/dekkbi.com\/index.php?rest_route=\/wp\/v2\/posts\/51780\/revisions\/51782"}],"wp:featuredmedia":[{"embeddable":true,"href":"https:\/\/dekkbi.com\/index.php?rest_route=\/wp\/v2\/media\/51781"}],"wp:attachment":[{"href":"https:\/\/dekkbi.com\/index.php?rest_route=%2Fwp%2Fv2%2Fmedia&parent=51780"}],"wp:term":[{"taxonomy":"category","embeddable":true,"href":"https:\/\/dekkbi.com\/index.php?rest_route=%2Fwp%2Fv2%2Fcategories&post=51780"},{"taxonomy":"post_tag","embeddable":true,"href":"https:\/\/dekkbi.com\/index.php?rest_route=%2Fwp%2Fv2%2Ftags&post=51780"}],"curies":[{"name":"wp","href":"https:\/\/api.w.org\/{rel}","templated":true}]}}