{"id":51735,"date":"2025-02-12T10:15:05","date_gmt":"2025-02-12T10:15:05","guid":{"rendered":"https:\/\/dekkbi.com\/?p=51735"},"modified":"2025-02-12T10:17:37","modified_gmt":"2025-02-12T10:17:37","slug":"affaire-doro-gaye-le-colonel-cheikh-sarr-contre-attaque-en-justice","status":"publish","type":"post","link":"https:\/\/dekkbi.com\/?p=51735","title":{"rendered":"Affaire Doro Gaye : Le Colonel Cheikh Sarr Contre-Attaque en Justice"},"content":{"rendered":"\n<p>L\u2019affaire Doro Gaye continue de secouer le paysage judiciaire s\u00e9n\u00e9galais. Inculp\u00e9 et plac\u00e9 sous mandat de d\u00e9p\u00f4t \u00e0 la suite de sa convocation mi-novembre, le colonel Cheikh Sarr n\u2019entend pas se laisser faire. Selon&nbsp;<strong>Les \u00c9chos<\/strong>, l\u2019ancien patron de la Section de recherches (SR) a saisi la Chambre d\u2019accusation pour contester son inculpation.<br><br><strong>Une offensive judiciaire pour vices de proc\u00e9dure<\/strong><br><br>D\u2019apr\u00e8s&nbsp;<strong>Les \u00c9chos<\/strong>, les avocats du colonel Cheikh Sarr contestent la r\u00e9gularit\u00e9 de la proc\u00e9dure engag\u00e9e contre leur client. Ils d\u00e9noncent des&nbsp;<strong>\u00ab vices de forme commis par le juge d\u2019instruction \u00bb<\/strong>, estimant que certaines \u00e9tapes judiciaires obligatoires n\u2019ont pas \u00e9t\u00e9 respect\u00e9es.&nbsp;<strong>\u00ab Il y a des pr\u00e9alables que le magistrat instructeur devait poser et qui n\u2019ont pas \u00e9t\u00e9 faits \u00bb,<\/strong>&nbsp;insistent-ils.<br><br>En cons\u00e9quence, la d\u00e9fense du colonel plaide la&nbsp;<strong>\u00ab nullit\u00e9 de forme \u00bb<\/strong>&nbsp;et esp\u00e8re obtenir l\u2019annulation des charges qui p\u00e8sent contre lui. Cette initiative marque la&nbsp;<strong>deuxi\u00e8me requ\u00eate<\/strong>&nbsp;introduite dans ce dossier pour contester la proc\u00e9dure, rappelle&nbsp;<strong>Les \u00c9chos<\/strong>.<br><br><strong>Un dossier aux multiples rebondissements<\/strong><br><br>Avant cette d\u00e9marche de Cheikh Sarr, la d\u00e9fense de&nbsp;<strong>Doro Gaye<\/strong>&nbsp;avait d\u00e9j\u00e0 saisi la justice pour faire annuler la proc\u00e9dure lanc\u00e9e contre lui par l\u2019homme d\u2019affaires&nbsp;<strong>Zakiroulahi Sow<\/strong>. Parmi les arguments avanc\u00e9s, les avocats de Doro Gaye d\u00e9non\u00e7aient une d\u00e9cision du juge d\u2019instruction qu\u2019ils consid\u00e8rent comme&nbsp;<strong>pr\u00e9cipit\u00e9e et irr\u00e9guli\u00e8re<\/strong>.<br><br><strong>\u00ab Le juge d\u2019instruction avait r\u00e9voqu\u00e9 le contr\u00f4le judiciaire avant m\u00eame que leur client ne quitte le pays, alors qu\u2019aucune des conditions du contr\u00f4le judiciaire n\u2019a \u00e9t\u00e9 viol\u00e9e \u00bb,<\/strong>&nbsp;rappelle&nbsp;<strong>Les \u00c9chos<\/strong>. Cette contestation, qui n\u2019a pas encore livr\u00e9 son verdict, vient donc s\u2019ajouter \u00e0 la contre-offensive judiciaire du colonel Cheikh Sarr.<br><br><strong>Vers une bataille judiciaire prolong\u00e9e ?<\/strong><br><br>Avec cette nouvelle saisine de la Chambre d\u2019accusation, le dossier Doro Gaye continue de prendre une tournure complexe. La justice devra trancher sur les multiples recours d\u00e9pos\u00e9s par les diff\u00e9rents protagonistes, ce qui pourrait prolonger l\u2019affaire bien au-del\u00e0 des premi\u00e8res estimations.<\/p>\n\n\n\n<p>Reste \u00e0 savoir si ces d\u00e9marches permettront aux accus\u00e9s d\u2019\u00e9chapper aux poursuites ou si la proc\u00e9dure sera maintenue, plongeant ainsi cette affaire dans un feuilleton judiciaire \u00e0 rebondissements.<\/p>\n\n\n\n<p>SOURCE DAKARACTU<\/p>\n","protected":false},"excerpt":{"rendered":"<p>L\u2019affaire Doro Gaye continue de secouer le paysage judiciaire s\u00e9n\u00e9galais. Inculp\u00e9 et plac\u00e9 sous mandat de d\u00e9p\u00f4t \u00e0 la suite<\/p>\n","protected":false},"author":1,"featured_media":51736,"comment_status":"open","ping_status":"open","sticky":false,"template":"","format":"standard","meta":{"footnotes":""},"categories":[26],"tags":[],"class_list":["post-51735","post","type-post","status-publish","format-standard","has-post-thumbnail","hentry","category-fait-divers"],"_links":{"self":[{"href":"https:\/\/dekkbi.com\/index.php?rest_route=\/wp\/v2\/posts\/51735","targetHints":{"allow":["GET"]}}],"collection":[{"href":"https:\/\/dekkbi.com\/index.php?rest_route=\/wp\/v2\/posts"}],"about":[{"href":"https:\/\/dekkbi.com\/index.php?rest_route=\/wp\/v2\/types\/post"}],"author":[{"embeddable":true,"href":"https:\/\/dekkbi.com\/index.php?rest_route=\/wp\/v2\/users\/1"}],"replies":[{"embeddable":true,"href":"https:\/\/dekkbi.com\/index.php?rest_route=%2Fwp%2Fv2%2Fcomments&post=51735"}],"version-history":[{"count":2,"href":"https:\/\/dekkbi.com\/index.php?rest_route=\/wp\/v2\/posts\/51735\/revisions"}],"predecessor-version":[{"id":51741,"href":"https:\/\/dekkbi.com\/index.php?rest_route=\/wp\/v2\/posts\/51735\/revisions\/51741"}],"wp:featuredmedia":[{"embeddable":true,"href":"https:\/\/dekkbi.com\/index.php?rest_route=\/wp\/v2\/media\/51736"}],"wp:attachment":[{"href":"https:\/\/dekkbi.com\/index.php?rest_route=%2Fwp%2Fv2%2Fmedia&parent=51735"}],"wp:term":[{"taxonomy":"category","embeddable":true,"href":"https:\/\/dekkbi.com\/index.php?rest_route=%2Fwp%2Fv2%2Fcategories&post=51735"},{"taxonomy":"post_tag","embeddable":true,"href":"https:\/\/dekkbi.com\/index.php?rest_route=%2Fwp%2Fv2%2Ftags&post=51735"}],"curies":[{"name":"wp","href":"https:\/\/api.w.org\/{rel}","templated":true}]}}