{"id":51732,"date":"2025-02-12T10:13:13","date_gmt":"2025-02-12T10:13:13","guid":{"rendered":"https:\/\/dekkbi.com\/?p=51732"},"modified":"2025-02-12T10:25:45","modified_gmt":"2025-02-12T10:25:45","slug":"tensions-a-luniversite-iba-der-thiam-de-thies-un-etudiant-perd-un-oeil-lors-des-affrontements-communique","status":"publish","type":"post","link":"https:\/\/dekkbi.com\/?p=51732","title":{"rendered":"Tensions \u00e0 l&rsquo;universit\u00e9 Iba Der Thiam de Thi\u00e8s : Un \u00e9tudiant perd un \u0153il lors des affrontements."},"content":{"rendered":"\n<p>Par un communiqu\u00e9 transmis \u00e0 la r\u00e9daction de Dakaractu de Thi\u00e8s, la Conf\u00e9rence des amicales d\u2019\u00e9tudiants de l&rsquo;universit\u00e9 Iba Der Thiam de Thi\u00e8s a inform\u00e9 qu&rsquo;un \u00e9tudiant a perdu un \u0153il lors des affrontements. \u00ab\u00a0La Conf\u00e9rence des amicales d\u2019\u00e9tudiants de l&rsquo;universit\u00e9 Iba Der Thiam de Thi\u00e8s exprime son indignation face \u00e0 l&rsquo;acte barbare [&#8230;], perp\u00e9tr\u00e9 par les forces de l&rsquo;ordre, ayant entra\u00een\u00e9 la perte d&rsquo;un \u0153il chez un \u00e9tudiant. Cet acte d&rsquo;une brutalit\u00e9 inqualifiable constitue une violation flagrante des droits fondamentaux et un affront aux principes les plus \u00e9l\u00e9mentaires de l&rsquo;\u00c9tat de droit\u00a0\u00bb, a d\u00e9plor\u00e9 ladite conf\u00e9rence.<\/p>\n\n\n\n<p>Poursuivant, elle ajoute : \u00ab\u00a0Nous refusons que l&rsquo;universit\u00e9 soit transform\u00e9e en un terrain d&rsquo;exp\u00e9rimentation par la r\u00e9pression polici\u00e8re et la violence institutionnelle\u00a0\u00bb. Dans son communiqu\u00e9, la Conf\u00e9rence des amicales d\u2019\u00e9tudiants de l&rsquo;universit\u00e9 Iba Der Thiam de Thi\u00e8s a interpell\u00e9 les autorit\u00e9s universitaires sur les \u00e9v\u00e9nements survenus ce matin dans l&rsquo;enceinte de leur universit\u00e9, ainsi que le pr\u00e9sident de la R\u00e9publique et le PM sur l&rsquo;avenir de ce temple du savoir.<\/p>\n\n\n\n<p>\u00ab\u00a0Nous exigeons que justice lui soit rendue et que des mesures d&rsquo;accompagnement concr\u00e8tes soient prises imm\u00e9diatement afin de lui garantir un suivi m\u00e9dical et un avenir digne\u00a0\u00bb, a-t-elle conclu.<\/p>\n\n\n\n<p>SOURCE DAKARACTU<\/p>\n","protected":false},"excerpt":{"rendered":"<p>Par un communiqu\u00e9 transmis \u00e0 la r\u00e9daction de Dakaractu de Thi\u00e8s, la Conf\u00e9rence des amicales d\u2019\u00e9tudiants de l&rsquo;universit\u00e9 Iba Der<\/p>\n","protected":false},"author":1,"featured_media":51733,"comment_status":"open","ping_status":"open","sticky":false,"template":"","format":"standard","meta":{"footnotes":""},"categories":[26],"tags":[],"class_list":["post-51732","post","type-post","status-publish","format-standard","has-post-thumbnail","hentry","category-fait-divers"],"_links":{"self":[{"href":"https:\/\/dekkbi.com\/index.php?rest_route=\/wp\/v2\/posts\/51732","targetHints":{"allow":["GET"]}}],"collection":[{"href":"https:\/\/dekkbi.com\/index.php?rest_route=\/wp\/v2\/posts"}],"about":[{"href":"https:\/\/dekkbi.com\/index.php?rest_route=\/wp\/v2\/types\/post"}],"author":[{"embeddable":true,"href":"https:\/\/dekkbi.com\/index.php?rest_route=\/wp\/v2\/users\/1"}],"replies":[{"embeddable":true,"href":"https:\/\/dekkbi.com\/index.php?rest_route=%2Fwp%2Fv2%2Fcomments&post=51732"}],"version-history":[{"count":3,"href":"https:\/\/dekkbi.com\/index.php?rest_route=\/wp\/v2\/posts\/51732\/revisions"}],"predecessor-version":[{"id":51753,"href":"https:\/\/dekkbi.com\/index.php?rest_route=\/wp\/v2\/posts\/51732\/revisions\/51753"}],"wp:featuredmedia":[{"embeddable":true,"href":"https:\/\/dekkbi.com\/index.php?rest_route=\/wp\/v2\/media\/51733"}],"wp:attachment":[{"href":"https:\/\/dekkbi.com\/index.php?rest_route=%2Fwp%2Fv2%2Fmedia&parent=51732"}],"wp:term":[{"taxonomy":"category","embeddable":true,"href":"https:\/\/dekkbi.com\/index.php?rest_route=%2Fwp%2Fv2%2Fcategories&post=51732"},{"taxonomy":"post_tag","embeddable":true,"href":"https:\/\/dekkbi.com\/index.php?rest_route=%2Fwp%2Fv2%2Ftags&post=51732"}],"curies":[{"name":"wp","href":"https:\/\/api.w.org\/{rel}","templated":true}]}}