{"id":51729,"date":"2025-02-12T10:10:06","date_gmt":"2025-02-12T10:10:06","guid":{"rendered":"https:\/\/dekkbi.com\/?p=51729"},"modified":"2025-02-12T10:10:21","modified_gmt":"2025-02-12T10:10:21","slug":"affaire-des-94-milliards-la-justice-freine-la-politique","status":"publish","type":"post","link":"https:\/\/dekkbi.com\/?p=51729","title":{"rendered":"Affaire des 94 milliards: La justice freine la politique"},"content":{"rendered":"\n<p>L\u2019ancien directeur des Domaines et l\u2019homme d\u2019affaires, Administrateur de la Sofico, avaient \u00e9t\u00e9 exon\u00e9r\u00e9s de toute faute dans ce dossier par un arr\u00eat de la Cour d\u2019appel de Dakar de juillet 2021. Et leurs adversaires avaient laiss\u00e9 le dossier se clore sans se pourvoir en cassation. Il ne pourrait \u00eatre envisag\u00e9 de remettre \u00e0 l\u2019ordre jour ce dossier sur la simple base d\u2019une volont\u00e9 politique.<\/p>\n\n\n\n<p>Par arr\u00eat n\u00b0211 du 29 juillet 2021, la Cour d\u2019appel de Dakar, en sa Chambre civile n\u00b02, a condamn\u00e9 la Dgid et la Soci\u00e9t\u00e9 Sfu Suarl, ainsi que Monsieur Ababacar Wade Ciss\u00e9 repr\u00e9sent\u00e9 par ses avocats, de la Scp Diagne et Di\u00e8ne dans le dossier notoirement connu comme l\u2019affaire du Tf 1451\/R, qui a pendant tr\u00e8s longtemps d\u00e9fray\u00e9 la chronique. Les juges d\u2019Appel ont constat\u00e9 que la Dgid devait \u00e0 la Sofico un montant \u00e9quivalant \u00e0 94 milliards 177 millions 305 mille 500 francs Cfa, tir\u00e9s de la transaction op\u00e9r\u00e9e sur le terrain en question.<\/p>\n\n\n\n<p>Condamn\u00e9e en Appel, la Direction g\u00e9n\u00e9rale des imp\u00f4ts et domaines n\u2019a jamais jug\u00e9 utile de se pourvoir en cassation. La Sofico, appartenant \u00e0 M. Seydou Sarr, plus connu sous le nom de Tahirou Sarr, s\u2019en est assur\u00e9e. Apr\u00e8s l\u2019arr\u00eat de la Cour d\u2019appel, elle s\u2019est fait d\u00e9livrer, par le greffier Abdou\u00adlaye Diouf, de la Cour supr\u00eame, un Certificat de non-pourvoi en cassation. C\u2019\u00e9tait au 2 f\u00e9vrier 2022.<\/p>\n\n\n\n<p>C\u2019est dire qu\u2019en termes de Droit, cette affaire dite des 94 milliards dont les politiciens se sont saisis, a, apr\u00e8s cet arr\u00eat de la Cour d\u2019Appel, acquis l\u2019autorit\u00e9 de la chose jug\u00e9e. Elle ne pourrait \u00eatre rouverte que si un \u00e9l\u00e9ment nouveau venait \u00e0 intervenir, ce qui ne semble pas \u00eatre le cas. On peut donc se demander d\u2019o\u00f9 viennent alors les bruits qui voudraient que l\u2019un des protagonistes, l\u2019ancien directeur des Domaines, M. Mamour Diallo, ferait l\u2019objet d\u2019un mandat d\u2019arr\u00eat international dans le cadre de cette affaire. La chose est d\u2019autant plus extraordinaire que des enqu\u00eates, semble-t-il, diligent\u00e9es au haut niveau de l\u2019Etat, n\u2019ont pu d\u00e9terminer ne serait-ce qu\u2019une once de culpabilit\u00e9 ou de faute professionnelle, aussi bien de la part des fonctionnaires des Domaines que de la Sofico et de son Administrateur g\u00e9n\u00e9ral, qui ont \u00e9t\u00e9 parties dans ce dossier des 94 milliards.<\/p>\n\n\n\n<p>L\u2019une de ces enqu\u00eates, diligent\u00e9e par le Juge du 2\u00e8me Cabinet Pr\u00e8s le Tribunal de grande instance du Tribunal Hors calasse de Dakar, et men\u00e9e par des limiers de la police, a conclu que les h\u00e9ritiers plaignants avaient re\u00e7u les cr\u00e9ances d\u2019indemnit\u00e9s d\u2019expropriation qui leur \u00e9taient dues. Par ailleurs, s\u2019agissant de la Sofico et de Tahirou Sarr, l\u2019enqu\u00eate indique n\u2019avoir \u00abd\u00e9cel\u00e9 aucune irr\u00e9gularit\u00e9 qui leur serait imputable, de nature \u00e0 entacher la proc\u00e9dure qui a abouti \u00e0 la subrogation de ladite soci\u00e9t\u00e9 dans les droits des h\u00e9ritiers propri\u00e9taires des Tf en cause\u00bb.<\/p>\n\n\n\n<p>Il n\u2019en reste pas moins que si le bras de la justice est arm\u00e9 par le glaive de la politique, il trouvera n\u00e9cessairement le moyen de trancher le n\u0153ud qu\u2019il vise. M\u00eame si celui des 94 milliards du Tf 1451 est d\u00e9j\u00e0 effiloch\u00e9 par l\u2019action de la justice et tous ses protagonistes blanchis des accusations \u00e0 leur endroit.<\/p>\n","protected":false},"excerpt":{"rendered":"<p>L\u2019ancien directeur des Domaines et l\u2019homme d\u2019affaires, Administrateur de la Sofico, avaient \u00e9t\u00e9 exon\u00e9r\u00e9s de toute faute dans ce dossier<\/p>\n","protected":false},"author":1,"featured_media":51730,"comment_status":"open","ping_status":"open","sticky":false,"template":"","format":"standard","meta":{"footnotes":""},"categories":[6],"tags":[],"class_list":["post-51729","post","type-post","status-publish","format-standard","has-post-thumbnail","hentry","category-politics"],"_links":{"self":[{"href":"https:\/\/dekkbi.com\/index.php?rest_route=\/wp\/v2\/posts\/51729","targetHints":{"allow":["GET"]}}],"collection":[{"href":"https:\/\/dekkbi.com\/index.php?rest_route=\/wp\/v2\/posts"}],"about":[{"href":"https:\/\/dekkbi.com\/index.php?rest_route=\/wp\/v2\/types\/post"}],"author":[{"embeddable":true,"href":"https:\/\/dekkbi.com\/index.php?rest_route=\/wp\/v2\/users\/1"}],"replies":[{"embeddable":true,"href":"https:\/\/dekkbi.com\/index.php?rest_route=%2Fwp%2Fv2%2Fcomments&post=51729"}],"version-history":[{"count":1,"href":"https:\/\/dekkbi.com\/index.php?rest_route=\/wp\/v2\/posts\/51729\/revisions"}],"predecessor-version":[{"id":51731,"href":"https:\/\/dekkbi.com\/index.php?rest_route=\/wp\/v2\/posts\/51729\/revisions\/51731"}],"wp:featuredmedia":[{"embeddable":true,"href":"https:\/\/dekkbi.com\/index.php?rest_route=\/wp\/v2\/media\/51730"}],"wp:attachment":[{"href":"https:\/\/dekkbi.com\/index.php?rest_route=%2Fwp%2Fv2%2Fmedia&parent=51729"}],"wp:term":[{"taxonomy":"category","embeddable":true,"href":"https:\/\/dekkbi.com\/index.php?rest_route=%2Fwp%2Fv2%2Fcategories&post=51729"},{"taxonomy":"post_tag","embeddable":true,"href":"https:\/\/dekkbi.com\/index.php?rest_route=%2Fwp%2Fv2%2Ftags&post=51729"}],"curies":[{"name":"wp","href":"https:\/\/api.w.org\/{rel}","templated":true}]}}