{"id":51726,"date":"2025-02-12T10:06:00","date_gmt":"2025-02-12T10:06:00","guid":{"rendered":"https:\/\/dekkbi.com\/?p=51726"},"modified":"2025-02-12T10:06:01","modified_gmt":"2025-02-12T10:06:01","slug":"a-saint-louis-beaucoup-denfants-victimes-de-diverses-formes-dexploitation-expert","status":"publish","type":"post","link":"https:\/\/dekkbi.com\/?p=51726","title":{"rendered":"A Saint-Louis, beaucoup d\u2019enfants victimes de diverses formes d\u2019exploitation (expert)"},"content":{"rendered":"\n<p>Saint-Louis, (APS) \u2013 Beaucoup d\u2019enfants sont victimes de diverses formes d\u2019exploitation \u00e0 Saint-Louis (nord), a r\u00e9v\u00e9l\u00e9, mardi, le secr\u00e9taire permanent de la Cellule nationale de lutte contre la traite des personnes (CNLTP), Mody Ndiaye, signalant la mise en \u0153uvre de strat\u00e9gies pour la protection des enfants.<\/p>\n\n\n\n<p>\u2018\u2019Parmi les personnes vuln\u00e9rables, vous avez les enfants. A Saint-Louis, vous avez beaucoup d\u2019enfants qui sont exploit\u00e9s de fa\u00e7on tr\u00e8s diverse (\u2026)\u2019\u2019 , a-t-il expliqu\u00e9 dans un entretien avec la presse.<\/p>\n\n\n\n<p>Il souligne qu\u2019\u2019\u2019il est important que l\u2019ensemble des acteurs, notamment de la chaine p\u00e9nale, puissent se retrouver au niveau local avec des experts, notamment de l\u2019Union europ\u00e9enne (\u2026) pour voir ensemble comment am\u00e9liorer la protection des enfants mineurs s\u00e9n\u00e9galais victimes de traite\u2019\u2019.<\/p>\n\n\n\n<p>M. Ndiaye s\u2019entretenait avec des journalistes en marge de la c\u00e9r\u00e9monie d\u2019ouverture d\u2019un atelier de formation de trois jours (11-13 f\u00e9vrier), sur les techniques d\u2019audition des mineurs en mati\u00e8re de traite des personnes.<\/p>\n\n\n\n<p>Cet atelier s\u2019inscrit dans le cadre de la mise en \u0153uvre du plan d\u2019action national de la Cellule nationale de lutte contre la traite des personnes, dans le cadre de son axe \u2018\u2019Renforcement de capacit\u00e9\u2019\u2019, indique un document parvenu \u00e0 l\u2019APS.<\/p>\n\n\n\n<p>Il permet non seulement au projet de disposer d\u2019un appui technique de qualit\u00e9, mais surtout de r\u00e9pondre \u00e0 un besoin identifi\u00e9 dans le plan de travail annuel de la Cellule, selon la m\u00eame source.<\/p>\n\n\n\n<p>Mody Ndiaye a rappel\u00e9 que Saint-Louis est une ville d\u2019histoire et une ville carrefour. C\u2019est aussi \u2018\u2019une ville o\u00f9 se retrouvent beaucoup d\u2019enfants\u2019\u2019. \u2018\u2019Alors, il est important de faire le tri. Tous les enfants ne sont pas victimes de traite, tous les enfants ne sont pas exploit\u00e9s, mais notre attention est attir\u00e9e par le nombre exponentiel d\u2019enfants qui potentiellement est victime de traite\u2019\u2019, a-t-il relev\u00e9.<\/p>\n\n\n\n<p>Outre l\u2019exploitation des enfants li\u00e9e \u00e0 la mendicit\u00e9, dit-il, il faut aussi noter celle dans les autres secteurs \u00e9conomiques, notamment dans les march\u00e9s, dans les pirogues, dans l\u2019agriculture.<\/p>\n\n\n\n<p>Selon lui, \u2018\u2019partout o\u00f9 il y a un secteur \u00e9conomique, vous avez des enfants qui sont exploit\u00e9s et dont la place n\u2019est pas l\u00e0-bas\u2019\u2019. Il soutient que la place des enfants n\u2019est ni dans l\u2019exploitation ni dans la marchandisation des \u00eatres humains.<\/p>\n\n\n\n<p>\u2018\u2019Nous avions constat\u00e9, il y a quelque temps, et j\u2019esp\u00e8re que \u00e7a n\u2019a pas \u00e9volu\u00e9 \u00e0 Saint-Louis, que m\u00eame dans certains foyers, les enfants avaient remplac\u00e9 les jeunes filles majeures qui travaillaient\u2019\u2019, a-t-il d\u00e9plor\u00e9.<\/p>\n\n\n\n<p>Sa conviction est que \u2018\u2019les enfants du S\u00e9n\u00e9gal m\u00e9ritent la m\u00eame protection que les enfants qu\u2019on trouve dans les autres pays\u2019\u2019.<\/p>\n\n\n\n<p>Il d\u00e9clare que la traite des personnes et le trafic illicite des migrants sont des formes de criminalit\u00e9 tr\u00e8s particuli\u00e8res, qui ont pour cible les \u00eatres humains et parmi eux, les plus vuln\u00e9rables.<\/p>\n\n\n\n<p>A Saint-Louis, observe-t-il, ce fl\u00e9au prend des proportions inqui\u00e9tantes. Saint-Louis est, en effet, une ville carrefour, de transit, de destination des enfants talib\u00e9s et pr\u00e9sente une tradition de culture et d\u2019enseignement coranique, depuis l\u2019entr\u00e9e de l\u2019islam dans la sous-r\u00e9gion, rappelle un document des initiateurs de l\u2019atelier.<\/p>\n\n\n\n<p>Aujourd\u2019hui, les enfants sont recrut\u00e9s \u00e0 tr\u00e8s bas \u00e2ge dans la p\u00eache et dans l\u2019enseignement coranique pour \u00eatre soumis \u00e0 de pires formes d\u2019exploitation dans une zone de d\u00e9part pour les migrants vers l\u2019Europe, poursuit le document.<\/p>\n\n\n\n<p>L\u2019atelier a enregistr\u00e9 la pr\u00e9sence, en autres personnalit\u00e9s, d\u2019Issa Saka, directeur r\u00e9gional pour l\u2019Afrique de l\u2019Ouest de l\u2019ONG Free the slaves (FTS), Alain Boucherie, expert fran\u00e7ais pour Civipol et repr\u00e9sentant du Programme op\u00e9rationnel conjoint (POC).<\/p>\n\n\n\n<p>CGD\/AMD\/AS<\/p>\n","protected":false},"excerpt":{"rendered":"<p>Saint-Louis, (APS) \u2013 Beaucoup d\u2019enfants sont victimes de diverses formes d\u2019exploitation \u00e0 Saint-Louis (nord), a r\u00e9v\u00e9l\u00e9, mardi, le secr\u00e9taire permanent<\/p>\n","protected":false},"author":1,"featured_media":51727,"comment_status":"open","ping_status":"open","sticky":false,"template":"","format":"standard","meta":{"footnotes":""},"categories":[21],"tags":[],"class_list":["post-51726","post","type-post","status-publish","format-standard","has-post-thumbnail","hentry","category-societe"],"_links":{"self":[{"href":"https:\/\/dekkbi.com\/index.php?rest_route=\/wp\/v2\/posts\/51726","targetHints":{"allow":["GET"]}}],"collection":[{"href":"https:\/\/dekkbi.com\/index.php?rest_route=\/wp\/v2\/posts"}],"about":[{"href":"https:\/\/dekkbi.com\/index.php?rest_route=\/wp\/v2\/types\/post"}],"author":[{"embeddable":true,"href":"https:\/\/dekkbi.com\/index.php?rest_route=\/wp\/v2\/users\/1"}],"replies":[{"embeddable":true,"href":"https:\/\/dekkbi.com\/index.php?rest_route=%2Fwp%2Fv2%2Fcomments&post=51726"}],"version-history":[{"count":1,"href":"https:\/\/dekkbi.com\/index.php?rest_route=\/wp\/v2\/posts\/51726\/revisions"}],"predecessor-version":[{"id":51728,"href":"https:\/\/dekkbi.com\/index.php?rest_route=\/wp\/v2\/posts\/51726\/revisions\/51728"}],"wp:featuredmedia":[{"embeddable":true,"href":"https:\/\/dekkbi.com\/index.php?rest_route=\/wp\/v2\/media\/51727"}],"wp:attachment":[{"href":"https:\/\/dekkbi.com\/index.php?rest_route=%2Fwp%2Fv2%2Fmedia&parent=51726"}],"wp:term":[{"taxonomy":"category","embeddable":true,"href":"https:\/\/dekkbi.com\/index.php?rest_route=%2Fwp%2Fv2%2Fcategories&post=51726"},{"taxonomy":"post_tag","embeddable":true,"href":"https:\/\/dekkbi.com\/index.php?rest_route=%2Fwp%2Fv2%2Ftags&post=51726"}],"curies":[{"name":"wp","href":"https:\/\/api.w.org\/{rel}","templated":true}]}}