{"id":51719,"date":"2025-02-12T09:54:32","date_gmt":"2025-02-12T09:54:32","guid":{"rendered":"https:\/\/dekkbi.com\/?p=51719"},"modified":"2025-02-12T09:54:33","modified_gmt":"2025-02-12T09:54:33","slug":"non-publication-du-rapport-daudit-les-mauvais-comptes-de-letat","status":"publish","type":"post","link":"https:\/\/dekkbi.com\/?p=51719","title":{"rendered":"Non-publication du rapport d\u2019audit: LES MAUVAIS COMPTES DE L\u2019\u00c9TAT"},"content":{"rendered":"\n<p><strong>Les affirmations du Pm sur la falsification des comptes sous le r\u00e9gime de Macky Sall, ont install\u00e9 un gros malaise au sein de la Cour des comptes, comme on le dit depuis un certain temps. Il semblerait en plus, que le m\u00eame malaise aurait atteint certains membres du gouvernement, qui ne semblent plus \u00eatre en phase avec d\u2019autres coll\u00e9gues !<\/strong><strong>Par M. G. \u2013&nbsp;<\/strong><\/p>\n\n\n\n<p>Si la Cour des comptes p\u00e8se et soup\u00e8se ses options quant \u00e0 la publication ou non de son fameux rapport de validation des comptes de la gestion de la gouvernance de Macky Sall, l\u2019onde de choc de cette affaire semble avoir atteint le gouvernement. Il semblerait que certains ministres partageraient le malaise qui a saisi des membres de la Cour des comptes, \u00e0 propos du contenu de ce rapport, somme toute assez ordinaire. Ceux qui ont eu la chance de le parcourir sont partag\u00e9s entre les camps de ceux qui pensent qu\u2019il faut publier le document dans son int\u00e9gralit\u00e9, et sans y retoucher quoi que ce soit, comme \u00e0 l\u2019habitude de la faire la Cour.<\/p>\n\n\n\n<p>L\u2019autre camp est compos\u00e9 de ces magistrats qui estiment que l\u2019autorit\u00e9 politique ayant d\u00e9j\u00e0 orient\u00e9 le d\u00e9bat dans le sens qu\u2019il voudrait, les fonctionnaires, fussent-ils asserment\u00e9s, se devaient de ne pas avoir \u00e0 le d\u00e9mentir publiquement en mettant sur la place publique un document qui tendrait \u00e0 d\u00e9mentir ses d\u00e9clarations. Tout cela a pour cons\u00e9quence qu\u2019aujourd\u2019hui, l\u2019opinion ne sait toujours pas si ce document sortira un jour \u2013 en l\u2019\u00e9tat.<\/p>\n\n\n\n<p>S\u2019agissant du malaise au sein du gouvernement, il a suffi de regarder et d\u2019\u00e9couter hier, le ministre des Finances et du budget, Cheikh Diba, pour se rendre compte \u00e0 quel point il devenait palpable. R\u00e9pondant \u00e0 des questions sur son \u00e9ventuelle implication dans un pr\u00e9sum\u00e9 scandale dont a fait \u00e9tat un m\u00e9dia local, scandale pr\u00e9sum\u00e9 qui a valu avant-hier, la convocation par la Dic, d\u2019un journaliste dudit m\u00e9dia, le ministre Diba avait du mal \u00e0 ma\u00eetriser son \u00e9motion. Il a n\u00e9anmoins d\u00e9clar\u00e9&nbsp;:&nbsp;\u00abNous allons continuer \u00e0 travailler dans la s\u00e9r\u00e9nit\u00e9, parce que nous avons besoin de s\u00e9r\u00e9nit\u00e9\u2026 mais une chose est certaine, nous ne serons pas pris \u00e0 d\u00e9faut.\u00bb<\/p>\n\n\n\n<p>Des personnes proches du gouvernement estiment que ces attaques, qui touchent \u00e0 l\u2019honorabilit\u00e9 d\u2019un membre \u00e9minent du gouvernement, ne pourraient prosp\u00e9rer que parce que les accusateurs b\u00e9n\u00e9ficieraient de la couverture d\u2019autres membres du m\u00eame gouvernement. Ce qui est le signe d\u2019une crise latente.<\/p>\n\n\n\n<p>A quel point ladite crise est-elle s\u00e9rieuse, le temps nous le dira rapidement.<\/p>\n\n\n\n<p><strong>mgueye@lequotidien.sn<\/strong><br>SOURCE LEQUOTIDIEN<\/p>\n","protected":false},"excerpt":{"rendered":"<p>Les affirmations du Pm sur la falsification des comptes sous le r\u00e9gime de Macky Sall, ont install\u00e9 un gros malaise<\/p>\n","protected":false},"author":1,"featured_media":51720,"comment_status":"open","ping_status":"open","sticky":false,"template":"","format":"standard","meta":{"footnotes":""},"categories":[6],"tags":[],"class_list":["post-51719","post","type-post","status-publish","format-standard","has-post-thumbnail","hentry","category-politics"],"_links":{"self":[{"href":"https:\/\/dekkbi.com\/index.php?rest_route=\/wp\/v2\/posts\/51719","targetHints":{"allow":["GET"]}}],"collection":[{"href":"https:\/\/dekkbi.com\/index.php?rest_route=\/wp\/v2\/posts"}],"about":[{"href":"https:\/\/dekkbi.com\/index.php?rest_route=\/wp\/v2\/types\/post"}],"author":[{"embeddable":true,"href":"https:\/\/dekkbi.com\/index.php?rest_route=\/wp\/v2\/users\/1"}],"replies":[{"embeddable":true,"href":"https:\/\/dekkbi.com\/index.php?rest_route=%2Fwp%2Fv2%2Fcomments&post=51719"}],"version-history":[{"count":1,"href":"https:\/\/dekkbi.com\/index.php?rest_route=\/wp\/v2\/posts\/51719\/revisions"}],"predecessor-version":[{"id":51721,"href":"https:\/\/dekkbi.com\/index.php?rest_route=\/wp\/v2\/posts\/51719\/revisions\/51721"}],"wp:featuredmedia":[{"embeddable":true,"href":"https:\/\/dekkbi.com\/index.php?rest_route=\/wp\/v2\/media\/51720"}],"wp:attachment":[{"href":"https:\/\/dekkbi.com\/index.php?rest_route=%2Fwp%2Fv2%2Fmedia&parent=51719"}],"wp:term":[{"taxonomy":"category","embeddable":true,"href":"https:\/\/dekkbi.com\/index.php?rest_route=%2Fwp%2Fv2%2Fcategories&post=51719"},{"taxonomy":"post_tag","embeddable":true,"href":"https:\/\/dekkbi.com\/index.php?rest_route=%2Fwp%2Fv2%2Ftags&post=51719"}],"curies":[{"name":"wp","href":"https:\/\/api.w.org\/{rel}","templated":true}]}}