{"id":51709,"date":"2025-02-12T09:35:39","date_gmt":"2025-02-12T09:35:39","guid":{"rendered":"https:\/\/dekkbi.com\/?p=51709"},"modified":"2025-02-12T09:35:40","modified_gmt":"2025-02-12T09:35:40","slug":"famara-ibrahima-cisse-denonce-le-deficit-de-protection-des-clients-contre-les-banques","status":"publish","type":"post","link":"https:\/\/dekkbi.com\/?p=51709","title":{"rendered":"Famara Ibrahima Ciss\u00e9 d\u00e9nonce le \u2018\u2019d\u00e9ficit de protection\u2019\u2019 des clients contre les banques"},"content":{"rendered":"\n<p>Dakar,  (APS) \u2013 Le leader de l\u2019Association des clients et soci\u00e9taires des institutions financi\u00e8res (ACSIF), Famara Ibrahima Ciss\u00e9, a d\u00e9nonc\u00e9, mardi, \u00e0 Dakar, le \u2018\u2019d\u00e9ficit de protection\u2019\u2019 des usagers des services bancaires contre les banques et les institutions de microfinance.<\/p>\n\n\n\n<p>\u2018\u2019Il y a un d\u00e9ficit de protection des usagers face aux banques et aux institutions de microfinance. Aujourd\u2019hui, \u00e0 l\u2019Assembl\u00e9e nationale, on devrait prot\u00e9ger davantage les usagers [des services bancaires] que les banques\u2019\u2019, a dit M. Ciss\u00e9.<\/p>\n\n\n\n<p>Le pr\u00e9sident de l\u2019ACSIF s\u2019entretenait avec les journalistes en marge du vote, par les d\u00e9put\u00e9s, de deux projets de lois portant r\u00e9glementation de la microfinance et du secteur bancaire.<\/p>\n\n\n\n<p>Il estime que les projets de loi adopt\u00e9s par l\u2019Assembl\u00e9e nationale sont davantage favorables aux banques et aux institutions de microfinance qu\u2019\u00e0 leurs clients.<\/p>\n\n\n\n<p>Les questions dont devraient surtout discuter les d\u00e9put\u00e9s n\u2019ont pas \u00e9t\u00e9 abord\u00e9es, \u00e0 son avis.<\/p>\n\n\n\n<p>Famara Ibrahima Ciss\u00e9 s\u2019est aussi appesanti sur les difficult\u00e9s relatives \u00e0 la mobilit\u00e9 bancaire. \u2018\u2019Au S\u00e9n\u00e9gal, pour changer de banque, c\u2019est la croix et la banni\u00e8re. Le client paie plus de 200.000 francs CFA, \u00e0 travers une attestation d\u2019engagement, une attestation de non-engagement et des frais de p\u00e9nalit\u00e9 de remboursement par anticipation pour changer de banque\u2019\u2019, a-t-il d\u00e9nonc\u00e9.<\/p>\n\n\n\n<p>M. Ciss\u00e9 d\u00e9plore, par ailleurs, le surendettement de certains salari\u00e9s envers les banques. \u2018\u2019Beaucoup de travailleurs n\u2019arrivent pas \u00e0 entrer en possession de leurs revenus parce que [\u2026] la banque les absorbe. Il devrait y avoir une disposition l\u00e9gale contre cela.\u2019\u2019<\/p>\n\n\n\n<p><strong>\u2018\u2019Vous n\u2019\u00eates pas d\u2019\u00e9gale dignit\u00e9 avec la banque\u2019\u2019<\/strong><\/p>\n\n\n\n<p>\u2018\u2019C\u2019est apr\u00e8s l\u2019avoir lu et approuv\u00e9 que le client doit signer l\u2019accord de pr\u00eat, mais on ne lui donne m\u00eame pas le temps de l\u2019amener chez lui pour cela. C\u2019est sous la pression des banques que les usagers signent les conventions\u2019\u2019, a poursuivi Famara Ibrahima Ciss\u00e9.<\/p>\n\n\n\n<p>Il regrette le fait que les projets de loi adopt\u00e9s \u00e0 l\u2019unanimit\u00e9 des d\u00e9put\u00e9s \u2018\u2019ne tiennent pas compte de ces cas de figure\u2019\u2019.<\/p>\n\n\n\n<p>\u2018\u2019Si vous avez un probl\u00e8me avec votre banque, vous n\u2019avez pas la possibilit\u00e9 de soutenir les frais de proc\u00e8s. Vous n\u2019avez pas la possibilit\u00e9 de prendre un avocat, alors que la banque a son pool d\u2019avocats. Devant la loi, vous n\u2019\u00eates pas d\u2019\u00e9gale dignit\u00e9 avec la banque\u2019\u2019, a d\u00e9nonc\u00e9 M. Ciss\u00e9.<\/p>\n\n\n\n<p>Lorsqu\u2019un usager a un contentieux avec une institution financi\u00e8re, soutient-il, \u2018\u2019il perd toujours\u2019\u2019.<\/p>\n\n\n\n<p>\u2018\u2019Si vous avez un probl\u00e8me avec une institution de microfinance, vous allez au tribunal et vous d\u00e9tenez une d\u00e9cision de justice. Si l\u2019institution de microfinance est en difficult\u00e9, vous ne pourrez pas ex\u00e9cuter cette d\u00e9cision de justice. Si c\u2019est le contraire, vos biens sont saisis, y compris vos comptes\u2019\u2019, a fustig\u00e9 le leader de l\u2019ACSIF, d\u00e9plorant l\u2019adoption des deux projets de loi par les d\u00e9put\u00e9s.<\/p>\n\n\n\n<p>MFD\/ASG\/ESF<\/p>\n","protected":false},"excerpt":{"rendered":"<p>Dakar, (APS) \u2013 Le leader de l\u2019Association des clients et soci\u00e9taires des institutions financi\u00e8res (ACSIF), Famara Ibrahima Ciss\u00e9, a d\u00e9nonc\u00e9,<\/p>\n","protected":false},"author":1,"featured_media":13769,"comment_status":"open","ping_status":"open","sticky":false,"template":"","format":"standard","meta":{"footnotes":""},"categories":[3],"tags":[],"class_list":["post-51709","post","type-post","status-publish","format-standard","has-post-thumbnail","hentry","category-event-more-news"],"_links":{"self":[{"href":"https:\/\/dekkbi.com\/index.php?rest_route=\/wp\/v2\/posts\/51709","targetHints":{"allow":["GET"]}}],"collection":[{"href":"https:\/\/dekkbi.com\/index.php?rest_route=\/wp\/v2\/posts"}],"about":[{"href":"https:\/\/dekkbi.com\/index.php?rest_route=\/wp\/v2\/types\/post"}],"author":[{"embeddable":true,"href":"https:\/\/dekkbi.com\/index.php?rest_route=\/wp\/v2\/users\/1"}],"replies":[{"embeddable":true,"href":"https:\/\/dekkbi.com\/index.php?rest_route=%2Fwp%2Fv2%2Fcomments&post=51709"}],"version-history":[{"count":1,"href":"https:\/\/dekkbi.com\/index.php?rest_route=\/wp\/v2\/posts\/51709\/revisions"}],"predecessor-version":[{"id":51710,"href":"https:\/\/dekkbi.com\/index.php?rest_route=\/wp\/v2\/posts\/51709\/revisions\/51710"}],"wp:featuredmedia":[{"embeddable":true,"href":"https:\/\/dekkbi.com\/index.php?rest_route=\/wp\/v2\/media\/13769"}],"wp:attachment":[{"href":"https:\/\/dekkbi.com\/index.php?rest_route=%2Fwp%2Fv2%2Fmedia&parent=51709"}],"wp:term":[{"taxonomy":"category","embeddable":true,"href":"https:\/\/dekkbi.com\/index.php?rest_route=%2Fwp%2Fv2%2Fcategories&post=51709"},{"taxonomy":"post_tag","embeddable":true,"href":"https:\/\/dekkbi.com\/index.php?rest_route=%2Fwp%2Fv2%2Ftags&post=51709"}],"curies":[{"name":"wp","href":"https:\/\/api.w.org\/{rel}","templated":true}]}}