{"id":5165,"date":"2022-12-22T12:27:12","date_gmt":"2022-12-22T12:27:12","guid":{"rendered":"https:\/\/dekkbi.com\/?p=5165"},"modified":"2022-12-22T12:27:13","modified_gmt":"2022-12-22T12:27:13","slug":"attentat-de-grand-bassam-en-cote-divoire-perpetuite-requise-contre-quatre-accuses","status":"publish","type":"post","link":"https:\/\/dekkbi.com\/?p=5165","title":{"rendered":"Attentat de Grand-Bassam en C\u00f4te d&rsquo;Ivoire: perp\u00e9tuit\u00e9 requise contre quatre accus\u00e9s"},"content":{"rendered":"\n<p><a href=\"https:\/\/www.addthis.com\/bookmark.php?v=300\"><\/a><a href=\"https:\/\/www.addthis.com\/bookmark.php?v=300\"><\/a><a rel=\"noreferrer noopener\" href=\"https:\/\/www.addthis.com\/bookmark.php?v=300\" target=\"_blank\"><\/a><a rel=\"noreferrer noopener\" href=\"https:\/\/www.addthis.com\/bookmark.php?v=300\" target=\"_blank\"><\/a>La prison \u00e0 perp\u00e9tuit\u00e9 a \u00e9t\u00e9 requise mercredi \u00e0 Abidjan contre quatre accus\u00e9s de l&rsquo;attentat jihadiste de la ville baln\u00e9aire ivoirienne de Grand-Bassam, qui avait fait 19 morts en mars 2016, dont des Europ\u00e9ens.<\/p>\n\n\n\n<p>A l&rsquo;issue d&rsquo;un r\u00e9quisitoire de plus de deux heures, le procureur de la R\u00e9publique Richard Adou a demand\u00e9 la perp\u00e9tuit\u00e9, \u00ab\u00a0une peine exemplaire et dissuasive\u00a0\u00bb, pour les quatre accus\u00e9s pr\u00e9sents physiquement au proc\u00e8s, qui sont jug\u00e9s depuis fin novembre.<\/p>\n\n\n\n<p>14 autres accus\u00e9s sont en fuite ou d\u00e9tenus au Mali et parmi eux, certains \u00ab\u00a0cerveaux\u00a0\u00bb de l&rsquo;op\u00e9ration pour lesquels le procureur a \u00e9galement requis la prison \u00e0 vie.<\/p>\n\n\n\n<p>Tous sont accus\u00e9s \u00ab\u00a0d&rsquo;actes terroristes, assassinat, tentative d\u2019assassinat, recel de malfaiteurs, d\u00e9tention ill\u00e9gale d\u2019armes \u00e0 feu et de munitions de guerre et de complicit\u00e9 desdits faits\u00a0\u00bb.<\/p>\n\n\n\n<p>Les quatre accus\u00e9s pr\u00e9sents \u00e0 l&rsquo;audience, Hantao Ag Mohamed Ciss\u00e9, Sidi Mohamed Kounta, Mohamed Ciss\u00e9 et Hassan Barry, sont particuli\u00e8rement soup\u00e7onn\u00e9s d&rsquo;avoir \u00e9t\u00e9 des complices de cette attaque, en aidant les cerveaux de l&rsquo;op\u00e9ration dans le rep\u00e9rage notamment, ce qu&rsquo;ils nient.<\/p>\n\n\n\n<p>\u00ab\u00a0Il faut d\u00e9courager les adeptes de ces actes terroristes\u00a0\u00bb, a d\u00e9clar\u00e9 le procureur au cours de son r\u00e9quisitoire.<\/p>\n\n\n\n<p>Le 13 mars 2016, trois jeunes assaillants avaient remont\u00e9 la plage de Grand-Bassam, tr\u00e8s fr\u00e9quent\u00e9e par des \u00e9trangers, puis pris d&rsquo;assaut plusieurs restaurants, tirant \u00e0 la kalachnikov sur des clients en terrasse avant d&rsquo;\u00eatre abattus par les forces de s\u00e9curit\u00e9 ivoiriennes.<\/p>\n\n\n\n<p>Revendiqu\u00e9e par la branche d&rsquo;Al-Qa\u00efda au Maghreb islamique (Aqmi), cette attaque jihadiste, la premi\u00e8re survenue en C\u00f4te d&rsquo;Ivoire, avait fait 19 morts, dont quatre Fran\u00e7ais.<\/p>\n\n\n\n<p>AFP<\/p>\n\n\n\n<p>\u00a9 2022 AFP<\/p>\n","protected":false},"excerpt":{"rendered":"<p>La prison \u00e0 perp\u00e9tuit\u00e9 a \u00e9t\u00e9 requise mercredi \u00e0 Abidjan contre quatre accus\u00e9s de l&rsquo;attentat jihadiste de la ville baln\u00e9aire<\/p>\n","protected":false},"author":1,"featured_media":5166,"comment_status":"open","ping_status":"open","sticky":false,"template":"","format":"standard","meta":{"footnotes":""},"categories":[51],"tags":[],"class_list":["post-5165","post","type-post","status-publish","format-standard","has-post-thumbnail","hentry","category-general"],"_links":{"self":[{"href":"https:\/\/dekkbi.com\/index.php?rest_route=\/wp\/v2\/posts\/5165","targetHints":{"allow":["GET"]}}],"collection":[{"href":"https:\/\/dekkbi.com\/index.php?rest_route=\/wp\/v2\/posts"}],"about":[{"href":"https:\/\/dekkbi.com\/index.php?rest_route=\/wp\/v2\/types\/post"}],"author":[{"embeddable":true,"href":"https:\/\/dekkbi.com\/index.php?rest_route=\/wp\/v2\/users\/1"}],"replies":[{"embeddable":true,"href":"https:\/\/dekkbi.com\/index.php?rest_route=%2Fwp%2Fv2%2Fcomments&post=5165"}],"version-history":[{"count":1,"href":"https:\/\/dekkbi.com\/index.php?rest_route=\/wp\/v2\/posts\/5165\/revisions"}],"predecessor-version":[{"id":5167,"href":"https:\/\/dekkbi.com\/index.php?rest_route=\/wp\/v2\/posts\/5165\/revisions\/5167"}],"wp:featuredmedia":[{"embeddable":true,"href":"https:\/\/dekkbi.com\/index.php?rest_route=\/wp\/v2\/media\/5166"}],"wp:attachment":[{"href":"https:\/\/dekkbi.com\/index.php?rest_route=%2Fwp%2Fv2%2Fmedia&parent=5165"}],"wp:term":[{"taxonomy":"category","embeddable":true,"href":"https:\/\/dekkbi.com\/index.php?rest_route=%2Fwp%2Fv2%2Fcategories&post=5165"},{"taxonomy":"post_tag","embeddable":true,"href":"https:\/\/dekkbi.com\/index.php?rest_route=%2Fwp%2Fv2%2Ftags&post=5165"}],"curies":[{"name":"wp","href":"https:\/\/api.w.org\/{rel}","templated":true}]}}