{"id":51637,"date":"2025-02-11T11:47:23","date_gmt":"2025-02-11T11:47:23","guid":{"rendered":"https:\/\/dekkbi.com\/?p=51637"},"modified":"2025-02-11T13:09:20","modified_gmt":"2025-02-11T13:09:20","slug":"pape-sane-apres-son-audition-jai-maintenu-mes-propos-devant-les-enqueteurs-et-apporte-toutes-les-preuves","status":"publish","type":"post","link":"https:\/\/dekkbi.com\/?p=51637","title":{"rendered":"Pape San\u00e9 : \u00ab J\u2019ai maintenu mes propos devant les enqu\u00eateurs et apport\u00e9 toutes les preuves\u2026 \u00bb"},"content":{"rendered":"\n<p>En pr\u00e9sence de ses avocats Me Moussa Sarr, Me Youssouf Camara, Me Cheikh Niass et Me Amadou Diallo, le journaliste-chroniqueur Pape San\u00e9 s\u2019est largement exprim\u00e9 devant les enqu\u00eateurs dans les locaux de la Brigade des Affaires G\u00e9n\u00e9rales (BAG) au Palais de justice de Dakar. L\u2019audition s\u2019est d\u00e9roul\u00e9e en deux \u00e9tapes. D\u2019abord, il s\u2019agissait de parler du dossier pour lequel Pape San\u00e9 a \u00e9t\u00e9 convoqu\u00e9 ce lundi. \u00ab&nbsp;Nous avons donn\u00e9 notre version du dossier dont il s\u2019agit. Toutes les preuves ont \u00e9t\u00e9 apport\u00e9es. L\u2019audition a dur\u00e9 plusieurs heures et on nous a demand\u00e9 \u00e0 la fin, d\u2019attendre que la hi\u00e9rarchie soit inform\u00e9e&nbsp;\u00bb, a rappel\u00e9 le journaliste qui s\u2019est confi\u00e9 \u00e0 la presse \u00e0 sa sortie du palais de justice de Dakar.&nbsp;<\/p>\n\n\n\n<p>D\u2019autre part, Pape San\u00e9 apprend qu\u2019il lui a \u00e9t\u00e9 demand\u00e9 de donner l\u2019origine des documents \u00e0 sa disposition concernant le dossier en question. Mais il a pr\u00e9f\u00e9r\u00e9 garder sa source. \u00ab&nbsp;Il n\u2019ont rien \u00e0 me reprocher et aucune charge contre ma personne au terme de l\u2019interrogatoire. Les enqu\u00eateurs m\u2019ont signifi\u00e9 que je peux retourner chez moi mais en \u00e9tant \u00e0 la disposition de la justice&nbsp;\u00bb, a-t-il clarifi\u00e9.&nbsp;<\/p>\n\n\n\n<p>Pape San\u00e9 a \u00e9t\u00e9 convoqu\u00e9 ce lundi \u00e0 la Division des Investigations Criminelles (DIC) avant d\u2019\u00eatre conduit \u00e0 la Brigade des Affaires G\u00e9n\u00e9rales (BAG) du Palais de justice de Dakar pour audition. Sa convocation fait suite \u00e0 des r\u00e9v\u00e9lations qu\u2019il a faites lors d&rsquo;une \u00e9mission sur Walf Tv concernant un scandale suppos\u00e9 impliquant des milliards et mettant en cause un homme d&rsquo;affaires et un ministre de la R\u00e9publique.<\/p>\n","protected":false},"excerpt":{"rendered":"<p>En pr\u00e9sence de ses avocats Me Moussa Sarr, Me Youssouf Camara, Me Cheikh Niass et Me Amadou Diallo, le journaliste-chroniqueur<\/p>\n","protected":false},"author":1,"featured_media":51638,"comment_status":"open","ping_status":"open","sticky":false,"template":"","format":"standard","meta":{"footnotes":""},"categories":[26],"tags":[],"class_list":["post-51637","post","type-post","status-publish","format-standard","has-post-thumbnail","hentry","category-fait-divers"],"_links":{"self":[{"href":"https:\/\/dekkbi.com\/index.php?rest_route=\/wp\/v2\/posts\/51637","targetHints":{"allow":["GET"]}}],"collection":[{"href":"https:\/\/dekkbi.com\/index.php?rest_route=\/wp\/v2\/posts"}],"about":[{"href":"https:\/\/dekkbi.com\/index.php?rest_route=\/wp\/v2\/types\/post"}],"author":[{"embeddable":true,"href":"https:\/\/dekkbi.com\/index.php?rest_route=\/wp\/v2\/users\/1"}],"replies":[{"embeddable":true,"href":"https:\/\/dekkbi.com\/index.php?rest_route=%2Fwp%2Fv2%2Fcomments&post=51637"}],"version-history":[{"count":2,"href":"https:\/\/dekkbi.com\/index.php?rest_route=\/wp\/v2\/posts\/51637\/revisions"}],"predecessor-version":[{"id":51664,"href":"https:\/\/dekkbi.com\/index.php?rest_route=\/wp\/v2\/posts\/51637\/revisions\/51664"}],"wp:featuredmedia":[{"embeddable":true,"href":"https:\/\/dekkbi.com\/index.php?rest_route=\/wp\/v2\/media\/51638"}],"wp:attachment":[{"href":"https:\/\/dekkbi.com\/index.php?rest_route=%2Fwp%2Fv2%2Fmedia&parent=51637"}],"wp:term":[{"taxonomy":"category","embeddable":true,"href":"https:\/\/dekkbi.com\/index.php?rest_route=%2Fwp%2Fv2%2Fcategories&post=51637"},{"taxonomy":"post_tag","embeddable":true,"href":"https:\/\/dekkbi.com\/index.php?rest_route=%2Fwp%2Fv2%2Ftags&post=51637"}],"curies":[{"name":"wp","href":"https:\/\/api.w.org\/{rel}","templated":true}]}}