{"id":51625,"date":"2025-02-11T11:39:29","date_gmt":"2025-02-11T11:39:29","guid":{"rendered":"https:\/\/dekkbi.com\/?p=51625"},"modified":"2025-02-11T11:39:30","modified_gmt":"2025-02-11T11:39:30","slug":"pool-judiciaire-financier-tahirou-sarr-et-farba-ngom-devant-le-college-des-juges-dinstruction-ce-jeudi","status":"publish","type":"post","link":"https:\/\/dekkbi.com\/?p=51625","title":{"rendered":"Pool judiciaire financier : Tahirou Sarr et Farba Ngom devant le coll\u00e8ge des juges d\u2019instruction ce jeudi"},"content":{"rendered":"\n<p><a href=\"https:\/\/lesoleil.sn\/wp-content\/uploads\/2025\/02\/Tahirou-Sarr-et-Farba.jpg\"><\/a>Le d\u00e9put\u00e9 Mouhamadou Ngom, plus connu sous le nom de Farba, a \u00e9t\u00e9 convoqu\u00e9 ce lundi par la Division des investigations criminelles pour recevoir un mandat de comparution. Il doit alors se pr\u00e9senter ce jeudi devant le coll\u00e8ge des juges d\u2019instruction du Pool judiciaire financier (PJF). Ce mandat de comparution, qui constitue une forme de mise en demeure pr\u00e9vue par la loi p\u00e9nale, oblige l\u2019inculp\u00e9 \u00e0 se pr\u00e9senter \u00e0 la date et \u00e0 l\u2019heure sp\u00e9cifi\u00e9es. En cas de non-pr\u00e9sentation, un mandat d\u2019amener pourrait \u00eatre \u00e9mis \u00e0 son encontre.<\/p>\n\n\n\n<p>Le d\u00e9put\u00e9 de l\u2019Apr, dont l\u2019immunit\u00e9 parlementaire a \u00e9t\u00e9 lev\u00e9e par ses coll\u00e8gues, est donc livr\u00e9 \u00e0 la justice.<\/p>\n\n\n\n<p>Cependant, le maire des Agnam ne sera pas seul. L\u2019homme d\u2019affaires Seydou Sarr plus connu sous le nom de Tahirou Sarr a \u00e9galement \u00e9t\u00e9 convoqu\u00e9 devant le coll\u00e8ge des juges d\u2019instruction du PJ,F, le m\u00eame jour.<\/p>\n\n\n\n<p>Il est mis en cause dans le cadre d\u2019une enqu\u00eate men\u00e9e par le parquet financier, \u00e0 la suite de la publication d\u2019un rapport de la Cellule nationale de traitement des informations financi\u00e8res (Centif). Ce document met en lumi\u00e8re des flux financiers suspects totalisant plus de 125 milliards de FCFA.<\/p>\n\n\n\n<p>Il faut par ailleurs signaler que d\u2019autres personnalit\u00e9s, impliqu\u00e9es dans cette affaire, sont \u00e9galement convoqu\u00e9es.<\/p>\n\n\n\n<p><strong>Salla GUEYE<\/strong><\/p>\n","protected":false},"excerpt":{"rendered":"<p>Le d\u00e9put\u00e9 Mouhamadou Ngom, plus connu sous le nom de Farba, a \u00e9t\u00e9 convoqu\u00e9 ce lundi par la Division des<\/p>\n","protected":false},"author":1,"featured_media":51626,"comment_status":"open","ping_status":"open","sticky":false,"template":"","format":"standard","meta":{"footnotes":""},"categories":[21],"tags":[],"class_list":["post-51625","post","type-post","status-publish","format-standard","has-post-thumbnail","hentry","category-societe"],"_links":{"self":[{"href":"https:\/\/dekkbi.com\/index.php?rest_route=\/wp\/v2\/posts\/51625","targetHints":{"allow":["GET"]}}],"collection":[{"href":"https:\/\/dekkbi.com\/index.php?rest_route=\/wp\/v2\/posts"}],"about":[{"href":"https:\/\/dekkbi.com\/index.php?rest_route=\/wp\/v2\/types\/post"}],"author":[{"embeddable":true,"href":"https:\/\/dekkbi.com\/index.php?rest_route=\/wp\/v2\/users\/1"}],"replies":[{"embeddable":true,"href":"https:\/\/dekkbi.com\/index.php?rest_route=%2Fwp%2Fv2%2Fcomments&post=51625"}],"version-history":[{"count":1,"href":"https:\/\/dekkbi.com\/index.php?rest_route=\/wp\/v2\/posts\/51625\/revisions"}],"predecessor-version":[{"id":51627,"href":"https:\/\/dekkbi.com\/index.php?rest_route=\/wp\/v2\/posts\/51625\/revisions\/51627"}],"wp:featuredmedia":[{"embeddable":true,"href":"https:\/\/dekkbi.com\/index.php?rest_route=\/wp\/v2\/media\/51626"}],"wp:attachment":[{"href":"https:\/\/dekkbi.com\/index.php?rest_route=%2Fwp%2Fv2%2Fmedia&parent=51625"}],"wp:term":[{"taxonomy":"category","embeddable":true,"href":"https:\/\/dekkbi.com\/index.php?rest_route=%2Fwp%2Fv2%2Fcategories&post=51625"},{"taxonomy":"post_tag","embeddable":true,"href":"https:\/\/dekkbi.com\/index.php?rest_route=%2Fwp%2Fv2%2Ftags&post=51625"}],"curies":[{"name":"wp","href":"https:\/\/api.w.org\/{rel}","templated":true}]}}