{"id":51622,"date":"2025-02-11T11:35:58","date_gmt":"2025-02-11T11:35:58","guid":{"rendered":"https:\/\/dekkbi.com\/?p=51622"},"modified":"2025-02-11T11:35:58","modified_gmt":"2025-02-11T11:35:58","slug":"bakel-le-prefet-magnifie-le-role-deducateur-des-chefs-religieux","status":"publish","type":"post","link":"https:\/\/dekkbi.com\/?p=51622","title":{"rendered":"Bakel: le pr\u00e9fet magnifie le \u00ab\u00a0r\u00f4le d\u2019\u00e9ducateur\u00a0\u00bb des chefs religieux"},"content":{"rendered":"\n<p>Bakel,  (APS) \u2013 Le pr\u00e9fet du d\u00e9partement de Bakel (est), Daouda S\u00e8ne, a mis en exergue, le \u00ab\u00a0r\u00f4le d\u2019\u00e9ducateur\u00a0\u00bb des chefs religieux ainsi que leur contribution dans le maintien de la paix et la stabilit\u00e9 au S\u00e9n\u00e9gal.<\/p>\n\n\n\n<p>\u00ab&nbsp;Les chefs religieux jouent un r\u00f4le tr\u00e8s important pour notre nation. (\u2026). Quand il y a une bonne \u00e9ducation, le juge du tribunal, le commandant de la gendarmerie n\u2019auront pas beaucoup de travail. Et les chefs religieux appuient l\u2019administration dans ce sens&nbsp;\u00bb, a notamment d\u00e9clar\u00e9 l\u2019autorit\u00e9 administrative.<\/p>\n\n\n\n<p>Daouda S\u00e8ne s\u2019exprimait, lundi, lors de la c\u00e9r\u00e9monie officielle de la 50<sup>e<\/sup>&nbsp;\u00e9dition du Daaka de Samba Yid\u00e9, une retraite spirituelle pr\u00e9sid\u00e9e par Thierno Bachir Ba, fils du Khalife de M\u00e9dina Gounass.<\/p>\n\n\n\n<p>\u00ab&nbsp;Le chef de l\u2019\u00c9tat nous demande de soutenir et d\u2019accompagner les chefs religieux pour trois raisons : parce que vous \u00eates des acteurs de la paix, des acteurs de la stabilit\u00e9 et pour vos missions d\u2019\u00e9ducation&nbsp;\u00bb, a soulign\u00e9 le pr\u00e9fet du d\u00e9partement de Bakel.<\/p>\n\n\n\n<p>Il a r\u00e9it\u00e9r\u00e9 son engagement \u00e0 toujours accompagner les organisateurs pour la r\u00e9ussite de cet \u00e9v\u00e9nement religieux, ajoutant qu\u2019il \u00ab&nbsp;ne fera pas moins que ses pr\u00e9d\u00e9cesseurs&nbsp;\u00bb.<\/p>\n\n\n\n<p>Des p\u00e8lerins venus de plusieurs r\u00e9gions du S\u00e9n\u00e9gal, du Mali et de la Mauritanie ont pris part \u00e0 cet \u00e9v\u00e8nement religieux lors duquel des pri\u00e8res ont \u00e9t\u00e9 formul\u00e9es pour la paix et la stabilit\u00e9 au S\u00e9n\u00e9gal et dans les pays voisins.<\/p>\n\n\n\n<p>AND\/ABD\/SMD\/OID<\/p>\n","protected":false},"excerpt":{"rendered":"<p>Bakel, (APS) \u2013 Le pr\u00e9fet du d\u00e9partement de Bakel (est), Daouda S\u00e8ne, a mis en exergue, le \u00ab\u00a0r\u00f4le d\u2019\u00e9ducateur\u00a0\u00bb des<\/p>\n","protected":false},"author":1,"featured_media":51623,"comment_status":"open","ping_status":"open","sticky":false,"template":"","format":"standard","meta":{"footnotes":""},"categories":[21],"tags":[],"class_list":["post-51622","post","type-post","status-publish","format-standard","has-post-thumbnail","hentry","category-societe"],"_links":{"self":[{"href":"https:\/\/dekkbi.com\/index.php?rest_route=\/wp\/v2\/posts\/51622","targetHints":{"allow":["GET"]}}],"collection":[{"href":"https:\/\/dekkbi.com\/index.php?rest_route=\/wp\/v2\/posts"}],"about":[{"href":"https:\/\/dekkbi.com\/index.php?rest_route=\/wp\/v2\/types\/post"}],"author":[{"embeddable":true,"href":"https:\/\/dekkbi.com\/index.php?rest_route=\/wp\/v2\/users\/1"}],"replies":[{"embeddable":true,"href":"https:\/\/dekkbi.com\/index.php?rest_route=%2Fwp%2Fv2%2Fcomments&post=51622"}],"version-history":[{"count":1,"href":"https:\/\/dekkbi.com\/index.php?rest_route=\/wp\/v2\/posts\/51622\/revisions"}],"predecessor-version":[{"id":51624,"href":"https:\/\/dekkbi.com\/index.php?rest_route=\/wp\/v2\/posts\/51622\/revisions\/51624"}],"wp:featuredmedia":[{"embeddable":true,"href":"https:\/\/dekkbi.com\/index.php?rest_route=\/wp\/v2\/media\/51623"}],"wp:attachment":[{"href":"https:\/\/dekkbi.com\/index.php?rest_route=%2Fwp%2Fv2%2Fmedia&parent=51622"}],"wp:term":[{"taxonomy":"category","embeddable":true,"href":"https:\/\/dekkbi.com\/index.php?rest_route=%2Fwp%2Fv2%2Fcategories&post=51622"},{"taxonomy":"post_tag","embeddable":true,"href":"https:\/\/dekkbi.com\/index.php?rest_route=%2Fwp%2Fv2%2Ftags&post=51622"}],"curies":[{"name":"wp","href":"https:\/\/api.w.org\/{rel}","templated":true}]}}