{"id":51599,"date":"2025-02-10T12:26:06","date_gmt":"2025-02-10T12:26:06","guid":{"rendered":"https:\/\/dekkbi.com\/?p=51599"},"modified":"2025-02-10T12:26:06","modified_gmt":"2025-02-10T12:26:06","slug":"le-sommet-sur-lia-debute-a-paris-avec-une-liste-impressionnante-dinvites-de-marque","status":"publish","type":"post","link":"https:\/\/dekkbi.com\/?p=51599","title":{"rendered":"Le sommet sur l&rsquo;IA d\u00e9bute \u00e0 Paris avec une liste impressionnante d&rsquo;invit\u00e9s de marque"},"content":{"rendered":"\n<p><strong>Emmanuel Macron accueille pas moins de 1.500 personnalit\u00e9s politiques et \u00e9conomiques \u00e0 Paris, lors d\u2019un sommet sur l\u2019IA qui se tient dans un contexte tendu.<\/strong><\/p>\n\n\n\n<p>\u201cUn moment de v\u00e9ritable ouverture sur le monde\u201d:\u00a0le sommet international de Paris sur l\u2019intelligence artificielle (IA), r\u00e9unissant dirigeants politiques et de la tech, s\u2019est ouvert lundi matin au Grand Palais, pour deux journ\u00e9es de d\u00e9bats sur la r\u00e9gulation de cette technologie qui bouleverse les soci\u00e9t\u00e9s depuis deux ans.<\/p>\n\n\n\n<h2 class=\"wp-block-heading\">Chefs d\u2019\u00c9tats et grands dirigeants d\u2019entreprises<\/h2>\n\n\n\n<p>\u201cIl est grand temps que nous passions de la science-fiction au monde r\u00e9el concernant l\u2019application de l\u2019IA\u201d, a insist\u00e9 Anne Bouverot, envoy\u00e9e sp\u00e9ciale de la pr\u00e9sidence fran\u00e7aise pour ce sommet co-dirig\u00e9 avec l\u2019Inde, repr\u00e9sent\u00e9e par son Premier ministre Narendra Modi.<\/p>\n\n\n\n<p>Pr\u00e8s de 1.500 participants sont attendus pour cette troisi\u00e8me rencontre internationale sur le sujet, dont le vice-pr\u00e9sident am\u00e9ricain J.D. Vance (arriv\u00e9 \u00e0 l\u2019a\u00e9roport d\u2019Orly dans la matin\u00e9e), le vice-Premier ministre chinois Zhang Guoqing (qui a rencontr\u00e9 le pr\u00e9sident fran\u00e7ais Emmanuel Macron \u00e0 l\u2019Elys\u00e9e), le chancelier allemand Olaf Scholz, le secr\u00e9taire g\u00e9n\u00e9ral des Nations Unies Ant\u00f3nio Guterres, et la pr\u00e9sidente de la Commission europ\u00e9enne Ursula von der Leyen.<\/p>\n\n\n\n<p>Des dirigeants de la tech comme Sam Altman d\u2019OpenAI, cr\u00e9ateur de ChatGPT, Sundar Pichai, directeur g\u00e9n\u00e9ral de Google, Demis Hassabis, directeur de Google Deepmind, et Dario Amodei, patron de la start-up am\u00e9ricaine Anthropic, ont \u00e9galement fait le d\u00e9placement. Elon Musk pourrait \u00e9galement \u00eatre de la partie, m\u00eame si sa pr\u00e9sence est plus incertaine.<\/p>\n\n\n\n<h2 class=\"wp-block-heading\">Un sommet aux multiples enjeux<\/h2>\n\n\n\n<p>Les grands acteurs du secteur se pencheront aussi sur une gouvernance mondiale de l\u2019IA visant \u00e0 encadrer ses potentielles d\u00e9rives, apr\u00e8s son irruption aupr\u00e8s du grand public il y a deux ans avec ChatGPT. Sans en entraver le d\u00e9veloppement.<\/p>\n\n\n\n<p>Face \u00e0 l\u2019irruption du robot conversationnel chinois DeepSeek, qui a stup\u00e9fi\u00e9 la Silicon Valley en janvier\u00a0par sa capacit\u00e9 \u00e0 \u00e9galer ses concurrents am\u00e9ricains \u00e0 un co\u00fbt tr\u00e8s inf\u00e9rieur, et la puissance de frappe des Etats-Unis avec les 500 milliards de dollars du projet \u201cStargate\u201d, l\u2019enjeu du sommet est aussi de montrer que \u201cla France et l\u2019Europe sont cr\u00e9dibles\u201d, a martel\u00e9 Emmanuel Macron dimanche.<\/p>\n","protected":false},"excerpt":{"rendered":"<p>Emmanuel Macron accueille pas moins de 1.500 personnalit\u00e9s politiques et \u00e9conomiques \u00e0 Paris, lors d\u2019un sommet sur l\u2019IA qui se<\/p>\n","protected":false},"author":1,"featured_media":51600,"comment_status":"open","ping_status":"open","sticky":false,"template":"","format":"standard","meta":{"footnotes":""},"categories":[51],"tags":[],"class_list":["post-51599","post","type-post","status-publish","format-standard","has-post-thumbnail","hentry","category-general"],"_links":{"self":[{"href":"https:\/\/dekkbi.com\/index.php?rest_route=\/wp\/v2\/posts\/51599","targetHints":{"allow":["GET"]}}],"collection":[{"href":"https:\/\/dekkbi.com\/index.php?rest_route=\/wp\/v2\/posts"}],"about":[{"href":"https:\/\/dekkbi.com\/index.php?rest_route=\/wp\/v2\/types\/post"}],"author":[{"embeddable":true,"href":"https:\/\/dekkbi.com\/index.php?rest_route=\/wp\/v2\/users\/1"}],"replies":[{"embeddable":true,"href":"https:\/\/dekkbi.com\/index.php?rest_route=%2Fwp%2Fv2%2Fcomments&post=51599"}],"version-history":[{"count":1,"href":"https:\/\/dekkbi.com\/index.php?rest_route=\/wp\/v2\/posts\/51599\/revisions"}],"predecessor-version":[{"id":51601,"href":"https:\/\/dekkbi.com\/index.php?rest_route=\/wp\/v2\/posts\/51599\/revisions\/51601"}],"wp:featuredmedia":[{"embeddable":true,"href":"https:\/\/dekkbi.com\/index.php?rest_route=\/wp\/v2\/media\/51600"}],"wp:attachment":[{"href":"https:\/\/dekkbi.com\/index.php?rest_route=%2Fwp%2Fv2%2Fmedia&parent=51599"}],"wp:term":[{"taxonomy":"category","embeddable":true,"href":"https:\/\/dekkbi.com\/index.php?rest_route=%2Fwp%2Fv2%2Fcategories&post=51599"},{"taxonomy":"post_tag","embeddable":true,"href":"https:\/\/dekkbi.com\/index.php?rest_route=%2Fwp%2Fv2%2Ftags&post=51599"}],"curies":[{"name":"wp","href":"https:\/\/api.w.org\/{rel}","templated":true}]}}