{"id":51596,"date":"2025-02-10T12:21:05","date_gmt":"2025-02-10T12:21:05","guid":{"rendered":"https:\/\/dekkbi.com\/?p=51596"},"modified":"2025-02-10T12:26:52","modified_gmt":"2025-02-10T12:26:52","slug":"gerald-darmanin-veut-interdire-les-mariages-entre-francais-et-etrangers-irreguliers","status":"publish","type":"post","link":"https:\/\/dekkbi.com\/?p=51596","title":{"rendered":"Darmanin veut interdire les mariages entre Fran\u00e7ais et \u201c\u00e9trangers irr\u00e9guliers\u201d"},"content":{"rendered":"\n<p>Le ministre fran\u00e7ais de la Justice, G\u00e9rald Darmanin, \u00e9tait l&rsquo;invit\u00e9 de BFMTV ce dimanche 9 f\u00e9vrier. Il a notamment \u00e9voqu\u00e9 la question du mariage et sa volont\u00e9 de r\u00e9former la loi en la mati\u00e8re.<\/p>\n\n\n\n<p><strong>Source:<\/strong>\u00a0BFMTV, France Bleu, Service-Public.fr, Justifit, AFP<\/p>\n\n\n\n<p>Le garde des Sceaux r\u00e9agissait \u00e0 une question du journaliste Benjamin Duhamel sur un paradoxe de la mesure administrative d\u2019\u00e9loignement d\u2019un citoyen \u00e9tranger en situation de s\u00e9jour irr\u00e9gulier en France, connue sous le sigle\u00a0<a href=\"https:\/\/www.service-public.fr\/particuliers\/vosdroits\/F18362\" target=\"_blank\" rel=\"noreferrer noopener\">OQTF<\/a>\u00a0(<strong>O<\/strong>bligation de\u00a0<strong>Q<\/strong>uitter le\u00a0<strong>T<\/strong>erritoire\u00a0<strong>F<\/strong>ran\u00e7ais). Le maire de B\u00e9ziers (H\u00e9rault, sud), Robert M\u00e9nard, est ainsi convoqu\u00e9 devant la justice le 18 f\u00e9vrier pour avoir refus\u00e9, le 7 juillet 2023, de marier une citoyenne fran\u00e7aise et un ressortissant alg\u00e9rien sous le coup d&rsquo;une OQTF. L\u2019\u00e9lu local avait justifi\u00e9 sa d\u00e9cision et assum\u00e9 son ill\u00e9galit\u00e9,\u00a0relate France Bleu.<\/p>\n\n\n\n<h2 class=\"wp-block-heading\">L\u2019OQTF n\u2019interdit pas le mariage<\/h2>\n\n\n\n<p>En effet, l\u2019OQTF et le mariage ne sont pas incompatibles en France. La loi, si elle ne garantit pas la lev\u00e9e de la mesure d\u2019\u00e9loignement pour autant, ne l\u2019interdit pas. \u201cSe marier ou se pacser peut influencer le statut d\u2019une OQTF, surtout si le conjoint est citoyen fran\u00e7ais ou r\u00e9sident permanent. Cependant, cela ne garantit pas l\u2019annulation automatique de l\u2019OQTF\u201d,\u00a0rappelle le site sp\u00e9cialis\u00e9 Justifit, ni l\u2019octroi d\u2019un permis de s\u00e9jour.<\/p>\n\n\n\n<h2 class=\"wp-block-heading\">Pas une raison \u201csuffisante\u201d<\/h2>\n\n\n\n<p>\u00c0 la question \u00e9crite soumise par l\u2019ancienne d\u00e9put\u00e9e Emmanuelle M\u00e9nard\u00a0(\u00e9pouse de Bernard M\u00e9nard), aujourd\u2019hui conseill\u00e8re municipale \u00e0 B\u00e9ziers, le gouvernement avait pr\u00e9cis\u00e9 en mars 2024 que \u201cle droit au mariage\u201d ne pouvait \u201cfaire l\u2019objet d\u2019une interdiction totale et absolue \u00e0 un individu, m\u00eame \u00e9tranger\u201d. L\u2019officier d\u2019\u00e9tat civil b\u00e9n\u00e9ficie n\u00e9anmoins d\u2019une \u201clibert\u00e9 d\u2019appr\u00e9ciation de la validit\u00e9 d\u2019une demande de mariage entre un ressortissant fran\u00e7ais et un ressortissant \u00e9tranger en situation irr\u00e9guli\u00e8re\u201d. Or, le seul argument de l\u2019OQTF, d\u00e9nonc\u00e9 par Robert M\u00e9nard, n\u2019est \u201cpas suffisant pour faire obstacle au mariage\u201d, pr\u00e9cise la loi. Le couple concern\u00e9 avait port\u00e9 plainte contre lui. L&rsquo;homme a depuis lors \u00e9t\u00e9 expuls\u00e9 vers l\u2019Alg\u00e9rie (suite ci-dessous).<\/p>\n\n\n\n<h2 class=\"wp-block-heading\">Dans quel cas un maire peut-il s\u2019opposer au mariage?<\/h2>\n\n\n\n<p>Un officier d\u2019\u00e9tat civil \u201cpeut d\u00e9cider de l\u2019opposition au mariage\u201d uniquement:<\/p>\n\n\n\n<p>&#8211; \u201csi des indices s\u00e9rieux permettent de douter de la r\u00e9alit\u00e9 de l\u2019intention matrimoniale<\/p>\n\n\n\n<p>&#8211; si le projet de mariage rev\u00eat un caract\u00e8re manifestement frauduleux, \u00e0 la suite d\u2019un contr\u00f4le de l\u2019autorit\u00e9 administrative visant \u00e0 caract\u00e9riser un mariage de complaisance<\/p>\n\n\n\n<p>&#8211; lorsque l\u2019autorit\u00e9 administrative acquiert la connaissance d\u2019un crime ou d\u00e9lit inh\u00e9rents \u00e0 la demande de mariage, tel que, par exemple, l\u2019absence de document d\u2019identit\u00e9 fourni par l\u2019\u00e9tranger\u201d,\u00a0pr\u00e9cise la loi fran\u00e7aise.\u00a0<\/p>\n\n\n\n<blockquote class=\"wp-block-quote is-layout-flow wp-block-quote-is-layout-flow\">\n<figure class=\"wp-block-image\"><img decoding=\"async\" src=\"https:\/\/statics.7sur7.be\/img\/icons\/article-quote-6f574e7dd1.svg\" alt=\"\"\/><\/figure>\n\n\n\n<p>\u201cIl ne faut pas s\u2019en prendre au juge, il faut s\u2019en prendre \u00e0 la loi\u201d<\/p>\n<\/blockquote>\n\n\n\n<p>Selon le ministre de la Justice G\u00e9rald Darmanin, la loi devrait \u00eatre modifi\u00e9e: \u201cLa loi enjoint aujourd\u2019hui le maire de marier ces personnes mais je souhaite changer cette loi\u201d, confie-t-il. Une proposition de loi en ce sens a d\u2019ailleurs \u00e9t\u00e9 d\u00e9pos\u00e9e par un s\u00e9nateur pour permettre au maire de \u201cs\u2019opposer au mariage entre une personne r\u00e9guli\u00e8re ou fran\u00e7aise et quelqu&rsquo;un en s\u00e9jour irr\u00e9gulier (&#8230;) Quand la loi est mauvaise, il ne faut pas s\u2019en prendre au juge, il faut s\u2019en prendre \u00e0 la loi.<\/p>\n\n\n\n<h2 class=\"wp-block-heading\">Droit du sol<\/h2>\n\n\n\n<p>G\u00e9rald Darmanin se prononce\u00a0depuis longtemps\u00a0pour l\u2019abrogation pure et simple du droit du sol \u00e0 Mayotte, archipel fran\u00e7ais de l\u2019oc\u00e9an Indien confront\u00e9 \u00e0 une forte pression migratoire africaine, notamment en provenance des Comores voisines, et estime aujourd\u2019hui \u201cque le d\u00e9bat public\u201d doit d\u00e9sormais \u201cs\u2019ouvrir\u201d\u00a0\u00e0 l\u2019\u00e9chelle nationale. Il encourage, pour ce faire, \u201cune r\u00e9forme de la Constitution\u201d, par r\u00e9f\u00e9rendum ou \u00e0 l\u2019occasion de la pr\u00e9sidentielle de 2027. Jeudi dernier, l\u2019Assembl\u00e9e nationale a adopt\u00e9 une proposition de loi visant \u00e0 durcir les restrictions au droit du sol \u00e0 Mayotte (suite ci-dessous).<\/p>\n\n\n\n<h2 class=\"wp-block-heading\">D\u00e9bat \u201ctrop \u00e9troit\u201d, r\u00e9agit Bayrou<\/h2>\n\n\n\n<p>Le Premier ministre Fran\u00e7ois Bayrou a toutefois jug\u00e9 ce d\u00e9bat \u00e9voqu\u00e9 par son ministre \u201ctrop \u00e9troit\u201d: \u201cCe d\u00e9bat public est trop \u00e9troit et il faut un d\u00e9bat public approfondi et beaucoup plus large que \u00e7a\u201d, a affirm\u00e9 le chef du gouvernement. \u201cVous voyez bien ce qui fermente depuis des ann\u00e9es. Ce qui fermente, c\u2019est qu\u2019est-ce que c\u2019est qu\u2019\u00eatre fran\u00e7ais? Qu\u2019est-ce que \u00e7a donne comme droit? Qu\u2019est-ce que \u00e7a impose comme devoirs? Qu\u2019est-ce que \u00e7a procure comme avantages? Et en quoi \u00e7a vous engage \u00e0 \u00eatre membre d\u2019une communaut\u00e9 nationale? \u00c0 quoi croit-on quand on est fran\u00e7ais?\u201d, a-t-il ajout\u00e9. Il a rappel\u00e9 avoir propos\u00e9 \u201cdepuis d\u00e9j\u00e0 douze ans ou quinze ans\u201d de se pencher sur la situation de Mayotte et de la Guyane, \u201cdans laquelle il y a des milliers et des milliers de personnes qui arrivent avec l\u2019id\u00e9e que, s\u2019ils mettent au monde des enfants l\u00e0, ils seront fran\u00e7ais\u201d. \u201cTout cela, \u00e9videmment, \u00e7a m\u00e9rite d\u2019\u00eatre reconsid\u00e9r\u00e9\u201d, a-t-il comment\u00e9.<\/p>\n\n\n\n<p>SOURCE 7\/7.BE<\/p>\n","protected":false},"excerpt":{"rendered":"<p>Le ministre fran\u00e7ais de la Justice, G\u00e9rald Darmanin, \u00e9tait l&rsquo;invit\u00e9 de BFMTV ce dimanche 9 f\u00e9vrier. Il a notamment \u00e9voqu\u00e9<\/p>\n","protected":false},"author":1,"featured_media":51597,"comment_status":"open","ping_status":"open","sticky":false,"template":"","format":"standard","meta":{"footnotes":""},"categories":[51],"tags":[],"class_list":["post-51596","post","type-post","status-publish","format-standard","has-post-thumbnail","hentry","category-general"],"_links":{"self":[{"href":"https:\/\/dekkbi.com\/index.php?rest_route=\/wp\/v2\/posts\/51596","targetHints":{"allow":["GET"]}}],"collection":[{"href":"https:\/\/dekkbi.com\/index.php?rest_route=\/wp\/v2\/posts"}],"about":[{"href":"https:\/\/dekkbi.com\/index.php?rest_route=\/wp\/v2\/types\/post"}],"author":[{"embeddable":true,"href":"https:\/\/dekkbi.com\/index.php?rest_route=\/wp\/v2\/users\/1"}],"replies":[{"embeddable":true,"href":"https:\/\/dekkbi.com\/index.php?rest_route=%2Fwp%2Fv2%2Fcomments&post=51596"}],"version-history":[{"count":2,"href":"https:\/\/dekkbi.com\/index.php?rest_route=\/wp\/v2\/posts\/51596\/revisions"}],"predecessor-version":[{"id":51602,"href":"https:\/\/dekkbi.com\/index.php?rest_route=\/wp\/v2\/posts\/51596\/revisions\/51602"}],"wp:featuredmedia":[{"embeddable":true,"href":"https:\/\/dekkbi.com\/index.php?rest_route=\/wp\/v2\/media\/51597"}],"wp:attachment":[{"href":"https:\/\/dekkbi.com\/index.php?rest_route=%2Fwp%2Fv2%2Fmedia&parent=51596"}],"wp:term":[{"taxonomy":"category","embeddable":true,"href":"https:\/\/dekkbi.com\/index.php?rest_route=%2Fwp%2Fv2%2Fcategories&post=51596"},{"taxonomy":"post_tag","embeddable":true,"href":"https:\/\/dekkbi.com\/index.php?rest_route=%2Fwp%2Fv2%2Ftags&post=51596"}],"curies":[{"name":"wp","href":"https:\/\/api.w.org\/{rel}","templated":true}]}}