{"id":51582,"date":"2025-02-10T12:01:47","date_gmt":"2025-02-10T12:01:47","guid":{"rendered":"https:\/\/dekkbi.com\/?p=51582"},"modified":"2025-02-10T12:07:03","modified_gmt":"2025-02-10T12:07:03","slug":"grande-muraille-verte-declaration-de-cloture-de-la-session-extraordinaire-du-conseil-des-ministres","status":"publish","type":"post","link":"https:\/\/dekkbi.com\/?p=51582","title":{"rendered":"Grande Muraille Verte -D\u00e9claration de cl\u00f4ture de la session"},"content":{"rendered":"\n<p>iGFM &#8211; (Dakar) La session extraordinaire du Conseil des Ministres de la Grande Muraille Verte (GMV) s\u2019est tenue \u00e0 Dakar le 07 f\u00e9vrier 2025 avec la participation de dix pays membres sur onze.<\/p>\n\n\n\n<p>Cette r\u00e9union a permis d\u2019examiner et de valider des recommandations strat\u00e9giques essentielles pour renforcer l\u2019op\u00e9rationnalisation et la p\u00e9rennisation de l\u2019Agence Panafricaine de la GMV (APGMV).<\/p>\n\n\n\n<p>Les discussions ont abouti \u00e0 plusieurs d\u00e9cisions majeures : Le renforcement institutionnel, \u00e0 travers l\u2019am\u00e9lioration de l\u2019organisation et du fonctionnement de l\u2019APGMV afin de mieux r\u00e9pondre aux attentes des \u00c9tats membres. La mobilisation des ressources, par le respect des contributions statutaires des \u00c9tats membres et la diversification des partenariats financiers pour garantir la viabilit\u00e9 de l\u2019initiative.\u00a0 L\u2019acc\u00e9l\u00e9ration de la r\u00e9forme et de la transition, en engageant le recrutement d\u2019un nouveau secr\u00e9taire ex\u00e9cutif sur une p\u00e9riode transitoire d\u2019au maximum 18 mois.<\/p>\n\n\n\n<p>Le conseil a mis en place un comit\u00e9 de recrutement d\u2019un nouveau secr\u00e9taire ex\u00e9cutif de l\u2019APGMV. Ce comit\u00e9 plac\u00e9 sous la pr\u00e9sidence de la R\u00e9publique Islamique de Mauritanie, s\u2019adjoindra des repr\u00e9sentants du S\u00e9n\u00e9gal, du Mali, du Nig\u00e9ria, du Soudan, du PNUE et de l\u2019Acc\u00e9l\u00e9rateur de la GMV.<\/p>\n\n\n\n<p>Ce comit\u00e9 qui se r\u00e9unira en Mauritanie recevra les dossiers de candidature et proposera d&rsquo;ici le 31 mars 2025 les meilleurs profils de candidats pour le poste du Secr\u00e9taire Ex\u00e9cutif. La s\u00e9ance des ministres a statu\u00e9 sur le profil du nouveau Secr\u00e9taire Ex\u00e9cutif qui doit \u00eatre bilingue et ne doit pas d\u00e9passer la limite d\u2019\u00e2ge de 65 ans. Il aura pour mission de redynamiser l\u2019APGMV et de redonner confiance aux partenaires techniques et financiers.<\/p>\n\n\n\n<p>Le conseil a d\u00e9cid\u00e9 d&rsquo;initier une r\u00e9union circulaire dans les pays de l&rsquo;Afrique de l&rsquo;Est pour un plus grand plaidoyer aupr\u00e8s des plus hautes autorit\u00e9s de ces pays.<\/p>\n\n\n\n<p>Tous les pays se sont engag\u00e9s \u00e0 l&rsquo;apurement des arri\u00e9r\u00e9s de paiement des contributions statutaires.<\/p>\n\n\n\n<p>Le processus de transfert de la pr\u00e9sidence du Conseil \u00e0 la R\u00e9publique du Mali a d\u00e9marr\u00e9 \u00e0 ce jour et sera parachev\u00e9 par le 5 i\u00e8meSommet des Chefs d\u2019Etat et de Gouvernement qui se tiendra \u00e0 Bamako au Mali avant le 30 juin 2025.<\/p>\n\n\n\n<p>Cette r\u00e9union sera pr\u00e9c\u00e9d\u00e9e par la r\u00e9union du Conseil des ministres de l\u2019APGMV.<\/p>\n\n\n\n<p>Le Conseil des Ministres salue l\u2019engagement collectif des pays membres et exprime sa profonde gratitude au S\u00e9n\u00e9gal pour l\u2019organisation r\u00e9ussie de cette session.<\/p>\n\n\n\n<p>Il r\u00e9affirme sa d\u00e9termination \u00e0 intensifier les efforts pour faire de la GMV un levier central de r\u00e9silience climatique et de d\u00e9veloppement durable en Afrique.<\/p>\n\n\n\n<p><\/p>\n","protected":false},"excerpt":{"rendered":"<p>iGFM &#8211; (Dakar) La session extraordinaire du Conseil des Ministres de la Grande Muraille Verte (GMV) s\u2019est tenue \u00e0 Dakar<\/p>\n","protected":false},"author":1,"featured_media":51583,"comment_status":"open","ping_status":"open","sticky":false,"template":"","format":"standard","meta":{"footnotes":""},"categories":[3],"tags":[],"class_list":["post-51582","post","type-post","status-publish","format-standard","has-post-thumbnail","hentry","category-event-more-news"],"_links":{"self":[{"href":"https:\/\/dekkbi.com\/index.php?rest_route=\/wp\/v2\/posts\/51582","targetHints":{"allow":["GET"]}}],"collection":[{"href":"https:\/\/dekkbi.com\/index.php?rest_route=\/wp\/v2\/posts"}],"about":[{"href":"https:\/\/dekkbi.com\/index.php?rest_route=\/wp\/v2\/types\/post"}],"author":[{"embeddable":true,"href":"https:\/\/dekkbi.com\/index.php?rest_route=\/wp\/v2\/users\/1"}],"replies":[{"embeddable":true,"href":"https:\/\/dekkbi.com\/index.php?rest_route=%2Fwp%2Fv2%2Fcomments&post=51582"}],"version-history":[{"count":4,"href":"https:\/\/dekkbi.com\/index.php?rest_route=\/wp\/v2\/posts\/51582\/revisions"}],"predecessor-version":[{"id":51589,"href":"https:\/\/dekkbi.com\/index.php?rest_route=\/wp\/v2\/posts\/51582\/revisions\/51589"}],"wp:featuredmedia":[{"embeddable":true,"href":"https:\/\/dekkbi.com\/index.php?rest_route=\/wp\/v2\/media\/51583"}],"wp:attachment":[{"href":"https:\/\/dekkbi.com\/index.php?rest_route=%2Fwp%2Fv2%2Fmedia&parent=51582"}],"wp:term":[{"taxonomy":"category","embeddable":true,"href":"https:\/\/dekkbi.com\/index.php?rest_route=%2Fwp%2Fv2%2Fcategories&post=51582"},{"taxonomy":"post_tag","embeddable":true,"href":"https:\/\/dekkbi.com\/index.php?rest_route=%2Fwp%2Fv2%2Ftags&post=51582"}],"curies":[{"name":"wp","href":"https:\/\/api.w.org\/{rel}","templated":true}]}}