{"id":51535,"date":"2025-02-10T10:44:24","date_gmt":"2025-02-10T10:44:24","guid":{"rendered":"https:\/\/dekkbi.com\/?p=51535"},"modified":"2025-02-10T10:44:25","modified_gmt":"2025-02-10T10:44:25","slug":"lybie-50-corps-de-migrants-retrouves-dans-des-fosses-communes","status":"publish","type":"post","link":"https:\/\/dekkbi.com\/?p=51535","title":{"rendered":"Lybie : 50 corps de migrants retrouv\u00e9s dans des fosses communes"},"content":{"rendered":"\n<p><a href=\"https:\/\/lesoleil.sn\/wp-content\/uploads\/2025\/02\/Lybie-b50-corps-retrouves-dans-des-fosses-communes.jpg\"><\/a>Le premier charnier contenant 19 corps a \u00e9t\u00e9 d\u00e9couvert vendredi dernier dans une ferme de la ville de Kufra, dans le sud-est du pays.\u00a0 Selon l\u2019organisation caritative al-Abreen, qui aide les migrants dans l\u2019est et le sud de la Libye, la plupart ont \u00e9t\u00e9\u00a0tu\u00e9s par balle avant d\u2019\u00eatre enterr\u00e9s.<\/p>\n\n\n\n<p>Une autre fosse commune contenant au moins 30 corps a \u00e9galement \u00e9t\u00e9 d\u00e9couverte dans un centre de trafic d\u2019\u00eatres humains. Des personnes rescap\u00e9es ont indiqu\u00e9 que pr\u00e8s de 70 personnes avaient \u00e9t\u00e9 enterr\u00e9es. Pour les autorit\u00e9s, le travail de fouille se poursuit.&nbsp; &nbsp;Les charniers de migrants ne sont pas rares en Libye. En 2024, les autorit\u00e9s ont d\u00e9terr\u00e9&nbsp;les corps&nbsp;d\u2019au moins 65 migrants&nbsp;dans la r\u00e9gion de Shuayrif, \u00e0 350 kilom\u00e8tres au sud de la capitale, Tripoli.<\/p>\n\n\n\n<p>La Libye est le principal point de transit pour les migrants d\u2019Afrique et du Moyen-Orient qui tentent de gagner l\u2019Europe. Le pays a plong\u00e9 dans le chaos \u00e0 la suite d\u2019un soul\u00e8vement soutenu par l\u2019OTAN qui a renvers\u00e9 et tu\u00e9 le dirigeant Mouammar Kadhafi en 2011.<\/p>\n\n\n\n<p>SOURCE LESOLEIL<\/p>\n","protected":false},"excerpt":{"rendered":"<p>Le premier charnier contenant 19 corps a \u00e9t\u00e9 d\u00e9couvert vendredi dernier dans une ferme de la ville de Kufra, dans<\/p>\n","protected":false},"author":1,"featured_media":51536,"comment_status":"open","ping_status":"open","sticky":false,"template":"","format":"standard","meta":{"footnotes":""},"categories":[26],"tags":[],"class_list":["post-51535","post","type-post","status-publish","format-standard","has-post-thumbnail","hentry","category-fait-divers"],"_links":{"self":[{"href":"https:\/\/dekkbi.com\/index.php?rest_route=\/wp\/v2\/posts\/51535","targetHints":{"allow":["GET"]}}],"collection":[{"href":"https:\/\/dekkbi.com\/index.php?rest_route=\/wp\/v2\/posts"}],"about":[{"href":"https:\/\/dekkbi.com\/index.php?rest_route=\/wp\/v2\/types\/post"}],"author":[{"embeddable":true,"href":"https:\/\/dekkbi.com\/index.php?rest_route=\/wp\/v2\/users\/1"}],"replies":[{"embeddable":true,"href":"https:\/\/dekkbi.com\/index.php?rest_route=%2Fwp%2Fv2%2Fcomments&post=51535"}],"version-history":[{"count":1,"href":"https:\/\/dekkbi.com\/index.php?rest_route=\/wp\/v2\/posts\/51535\/revisions"}],"predecessor-version":[{"id":51537,"href":"https:\/\/dekkbi.com\/index.php?rest_route=\/wp\/v2\/posts\/51535\/revisions\/51537"}],"wp:featuredmedia":[{"embeddable":true,"href":"https:\/\/dekkbi.com\/index.php?rest_route=\/wp\/v2\/media\/51536"}],"wp:attachment":[{"href":"https:\/\/dekkbi.com\/index.php?rest_route=%2Fwp%2Fv2%2Fmedia&parent=51535"}],"wp:term":[{"taxonomy":"category","embeddable":true,"href":"https:\/\/dekkbi.com\/index.php?rest_route=%2Fwp%2Fv2%2Fcategories&post=51535"},{"taxonomy":"post_tag","embeddable":true,"href":"https:\/\/dekkbi.com\/index.php?rest_route=%2Fwp%2Fv2%2Ftags&post=51535"}],"curies":[{"name":"wp","href":"https:\/\/api.w.org\/{rel}","templated":true}]}}