{"id":51466,"date":"2025-02-06T11:14:15","date_gmt":"2025-02-06T11:14:15","guid":{"rendered":"https:\/\/dekkbi.com\/?p=51466"},"modified":"2025-02-06T11:14:15","modified_gmt":"2025-02-06T11:14:15","slug":"diogo-conflits-gco-populations-impactees-une-mission-parlementaire-veut-y-voir-clair","status":"publish","type":"post","link":"https:\/\/dekkbi.com\/?p=51466","title":{"rendered":"Diogo \u2013 Conflits Gco-Populations impact\u00e9es : Une mission parlementaire veut y voir clair"},"content":{"rendered":"\n<p><strong>La pol\u00e9mique autour de la mine de Diogo, exploit\u00e9e par Eramet Grande C\u00f4te (ex-Gco), occupe, \u00e0 pr\u00e9sent, le devant de l\u2019actualit\u00e9 dans le d\u00e9partement de Tivaouane et \u00e0 Lompoul (K\u00e9b\u00e9mer). Les activit\u00e9s de la soci\u00e9t\u00e9 mini\u00e8re font l\u2019objet d\u2019une description alarmante, au point qu\u2019une mission parlementaire a jug\u00e9 n\u00e9cessaire de descendre sur le site.\u00a0<\/strong><\/p>\n\n\n\n<p>Le d\u00e9put\u00e9 Babacar Ndiaye souligne&nbsp;: \u00abNous avons d\u00e9barqu\u00e9 sur le site pour voir ce qui s\u2019y fait et avoir des \u00e9changes, sans gants, sans tabou, avec le top management sur toutes les questions d\u2019actualit\u00e9, en particulier autour de la probl\u00e9matique de la Responsabilit\u00e9 soci\u00e9tale d\u2019entreprise (Rse), la r\u00e9habilitation des terres, du contenu local, et les aspects li\u00e9s \u00e0 la mine.\u00bb<br>Les parlementaires dont la descente sur Diogo a \u00e9t\u00e9, disent-ils, pr\u00e9cipit\u00e9e par \u00abl\u2019affaire des conflits opposant l\u2019entreprise mini\u00e8re aux populations riveraines, en particulier les habitants de Lompoul\u00bb, ont fait le tour de la situation avec la direction et les techniciens de Gco. Avant de promettre une autre rencontre, d\u2019ici quelques jours, entre la commission parlementaire et les populations de Lompoul pour, aussi, les \u00e9couter, recueillir leurs avis, leurs dol\u00e9ances.<\/p>\n\n\n\n<p>\u00abUne visite fructueuse, qui a permis \u00e0 la d\u00e9l\u00e9gation parlementaire de voir et comprendre beaucoup de choses\u00bb, indique l\u2019honorable d\u00e9put\u00e9, qui dit avoir not\u00e9, pour le moment, des \u00abpoints de satisfaction comme la mise en place de l\u2019Oasis du S\u00e9n\u00e9gal, qui devrait bient\u00f4t d\u00e9crocher son autorisation, pour \u00eatre op\u00e9rationnel au grand b\u00e9n\u00e9fice populations\u00bb, sans compter \u00ables sites de recasement et la fa\u00e7on dont les populations d\u00e9plac\u00e9es ont \u00e9t\u00e9 accompagn\u00e9es, aussi la r\u00e9habilitation des terres apr\u00e8s exploitation\u00bb.<\/p>\n\n\n\n<p>La Commission \u00e9nergie et ressources min\u00e9rales de l\u2019Assembl\u00e9e nationale s\u2019engage \u00e0 ne m\u00e9nager aucun effort, pour qu\u2019\u00abil y ait cette paix entre les mines et les populations impact\u00e9es\u00bb. Une occasion pour le Directeur g\u00e9n\u00e9ral d\u2019Eramet Grande C\u00f4te, Fr\u00e9d\u00e9ric Zanklan, de se f\u00e9liciter de l\u2019initiative parlementaire qui, dit-il, a \u00e9t\u00e9 \u00abune \u00e9tape importante dans notre d\u00e9marche de transparence\u00bb, ayant permis, \u00abau moment o\u00f9\u00a0l\u2019activit\u00e9 mini\u00e8re, notamment \u00e0 Lompoul, suscite beaucoup de d\u00e9bats, d\u2019\u00e9clairer pas mal de points et de lever certains doutes \u00e0 la suite d\u2019explications scientifiques et de la visite des diff\u00e9rents sites\u00bb. Aussi de noter\u00a0: \u00ab2000 agents travaillent \u00e0 Eramet Grande C\u00f4te dont 97% de S\u00e9n\u00e9galais, les 48% venant du bassin local. Nous sommes l\u2019une des seules mines \u00e0 ouvrir ses portes aux visiteurs, \u00e0 plus forte raison des parlementaires qui ont eu droit \u00e0 des explications d\u00e9taill\u00e9es sur les r\u00e9alisations de l\u2019entreprise s\u00e9n\u00e9galaise contributive, pour comprendre ce qui se passe.\u00bb Aux d\u00e9put\u00e9s, le Dg de Gco a fait savoir que \u00abl\u2019activit\u00e9 mini\u00e8re de la soci\u00e9t\u00e9 n\u2019a aucun impact n\u00e9gatif sur les nappes phr\u00e9atiques. Au contraire, un rehaussement de la nappe a \u00e9t\u00e9 enregistr\u00e9, favorisant ainsi l\u2019agriculture, le mara\u00eechage\u00bb. Fr\u00e9d\u00e9ric Zanklan a fait savoir qu\u2019\u00abil ne saurait donc y avoir de pollution de l\u2019eau ou de la nappe, pour la simple raison que l\u2019entreprise n\u2019utilise aucun produit chimique dans ses activit\u00e9s\u00bb.<\/p>\n\n\n\n<p><strong>Par Cheikh CAMARA \u2013\u00a0<\/strong> <strong>Correspondant<\/strong> <strong>LEQUOTIDIEN<\/strong><\/p>\n","protected":false},"excerpt":{"rendered":"<p>La pol\u00e9mique autour de la mine de Diogo, exploit\u00e9e par Eramet Grande C\u00f4te (ex-Gco), occupe, \u00e0 pr\u00e9sent, le devant de<\/p>\n","protected":false},"author":1,"featured_media":51467,"comment_status":"open","ping_status":"open","sticky":false,"template":"","format":"standard","meta":{"footnotes":""},"categories":[26],"tags":[],"class_list":["post-51466","post","type-post","status-publish","format-standard","has-post-thumbnail","hentry","category-fait-divers"],"_links":{"self":[{"href":"https:\/\/dekkbi.com\/index.php?rest_route=\/wp\/v2\/posts\/51466","targetHints":{"allow":["GET"]}}],"collection":[{"href":"https:\/\/dekkbi.com\/index.php?rest_route=\/wp\/v2\/posts"}],"about":[{"href":"https:\/\/dekkbi.com\/index.php?rest_route=\/wp\/v2\/types\/post"}],"author":[{"embeddable":true,"href":"https:\/\/dekkbi.com\/index.php?rest_route=\/wp\/v2\/users\/1"}],"replies":[{"embeddable":true,"href":"https:\/\/dekkbi.com\/index.php?rest_route=%2Fwp%2Fv2%2Fcomments&post=51466"}],"version-history":[{"count":1,"href":"https:\/\/dekkbi.com\/index.php?rest_route=\/wp\/v2\/posts\/51466\/revisions"}],"predecessor-version":[{"id":51468,"href":"https:\/\/dekkbi.com\/index.php?rest_route=\/wp\/v2\/posts\/51466\/revisions\/51468"}],"wp:featuredmedia":[{"embeddable":true,"href":"https:\/\/dekkbi.com\/index.php?rest_route=\/wp\/v2\/media\/51467"}],"wp:attachment":[{"href":"https:\/\/dekkbi.com\/index.php?rest_route=%2Fwp%2Fv2%2Fmedia&parent=51466"}],"wp:term":[{"taxonomy":"category","embeddable":true,"href":"https:\/\/dekkbi.com\/index.php?rest_route=%2Fwp%2Fv2%2Fcategories&post=51466"},{"taxonomy":"post_tag","embeddable":true,"href":"https:\/\/dekkbi.com\/index.php?rest_route=%2Fwp%2Fv2%2Ftags&post=51466"}],"curies":[{"name":"wp","href":"https:\/\/api.w.org\/{rel}","templated":true}]}}