{"id":51461,"date":"2025-02-06T11:08:49","date_gmt":"2025-02-06T11:08:49","guid":{"rendered":"https:\/\/dekkbi.com\/?p=51461"},"modified":"2025-02-06T11:08:50","modified_gmt":"2025-02-06T11:08:50","slug":"el-malick-ndiaye-president-de-lassemblee-lopposition-est-inexistante-dans-ce-pays","status":"publish","type":"post","link":"https:\/\/dekkbi.com\/?p=51461","title":{"rendered":"El Malick Ndiaye, pr\u00e9sident de l\u2019Assembl\u00e9e : \u00abL\u2019opposition est inexistante dans ce pays\u00bb"},"content":{"rendered":"\n<p><strong>El Malick Ndiaye, pr\u00e9sident de l\u2019Assembl\u00e9e nationale, s\u2019en prend \u00e0 l\u2019opposition en&nbsp; lui reprochant&nbsp; son manque de dynamisme sur la sc\u00e8ne politique.&nbsp; L\u2019indemnisation des victimes et familles endeuill\u00e9es des manifestations politiques a \u00e9t\u00e9 aussi abord\u00e9e par El Malick Ndiaye qui parle plus d\u2019assistance que d\u2019indemnisation.&nbsp; L\u2019ancien&nbsp;ministre des Infrastructures et des transports terrestres et a\u00e9riens tente aussi justifier la pertinence de la&nbsp; r\u00e9introduction des v\u00e9hicules de fonction allou\u00e9s aux d\u00e9put\u00e9s.<\/strong><strong>Par Amadou MBODJI \u2013<\/strong><\/p>\n\n\n\n<p>&nbsp;El Malick Ndiaye, pr\u00e9sident de l\u2019Assembl\u00e9e nationale du S\u00e9n\u00e9gal, jette une pierre dans le jardin de l\u2019opposition. Aux yeux de la deuxi\u00e8me personnalit\u00e9 de l\u2019Etat et \u00e9minent responsable du parti au pouvoir, Pastef, cette opposition est quasi \u00abinexistante\u00bb sur l\u2019\u00e9chiquier politique. Une belle mani\u00e8re de minimiser les capacit\u00e9s de r\u00e9action du camp d\u2019en face ou l\u2019offre programmatique de cette m\u00eame opposition.<\/p>\n\n\n\n<p>\u00abLes v\u00e9ritables acteurs de l\u2019opposition sont soit inaudibles, soit en fuite, soit en qu\u00eate de n\u00e9gociations\u00bb, d\u00e9clare El Malick Ndiaye qui intervenait ainsi, avant-hier, lors d\u2019un entretien qu\u2019il a accord\u00e9 \u00e0 la cha\u00eene de t\u00e9l\u00e9vision du Groupe Futurs m\u00e9dias, la Tfm. C\u2019\u00e9tait avant que le pr\u00e9sident de l\u2019Assembl\u00e9e nationale ne s\u2019envole pour le Royaume du Maroc pour les besoins de la r\u00e9union des pr\u00e9sidents des parlements des Etats africains atlantiques.<\/p>\n\n\n\n<p>Le pr\u00e9sident de l\u2019Assembl\u00e9e nationale affirme&nbsp; que l\u2019opposition \u00abest essentiellement repr\u00e9sent\u00e9e par des mercenaires, des pseudo-chroniqueurs et une partie de la presse\u00bb.<\/p>\n\n\n\n<p>Le pr\u00e9sident Ndiaye s\u2019en est \u00e9galement pris aux&nbsp; publications m\u00e9diatiques, les qualifiant de \u00abUnes pompeuses\u00bb et de \u00abchroniques qui frisent la folie\u00bb.<\/p>\n\n\n\n<p><strong>Invocation de l\u2019indemnisation des victimes du \u00abJoola\u00bb par Macky<\/strong><br>L\u2019indemnisation des victimes et familles endeuill\u00e9es des manifestations politiques de 2021 et 2024 a \u00e9t\u00e9 aussi abord\u00e9e par El Malick Ndiaye, qui a jug\u00e9 n\u00e9cessaire d\u2019y apporter une r\u00e9ponse. Il d\u00e9clare que le parti Pastef avait d\u00e9j\u00e0 r\u00e9pertori\u00e9 les victimes et avait commenc\u00e9, quand il \u00e9tait dans l\u2019opposition, \u00e0 les prendre en charge. \u00abOn a fait un recensement qui date de plus de 7 mois. Est-ce que pour l\u2019indemnit\u00e9 du \u00abJoola\u00bb, on a attendu la justice, les d\u00e9put\u00e9s de l\u2019Apr ? Non. On a utilis\u00e9 le minist\u00e8re de la Solidarit\u00e9 nationale pour indemniser les victimes. On parle plut\u00f4t d\u2019assistance\u00bb, tente de convaincre le pr\u00e9sident de l\u2019Assembl\u00e9e nationale.<\/p>\n\n\n\n<p><strong>Il d\u00e9fend la r\u00e9introduction des v\u00e9hicules de fonction des d\u00e9put\u00e9s<\/strong><br>Parlant de&nbsp; la r\u00e9introduction des v\u00e9hicules de fonction pour les d\u00e9put\u00e9s, une d\u00e9cision ayant soulev\u00e9 une controverse, le chef de l\u2019institution parlementaire explique la motivation d\u2019une telle d\u00e9cision. Il&nbsp;&nbsp;met&nbsp;aujourd\u2019hui le retour des v\u00e9hicules de fonction sur le compte des consid\u00e9rations logistiques et de dignit\u00e9. \u00abComment un d\u00e9put\u00e9 venant de Saraya ou de Sal\u00e9mata peut-il remplir sa mission sans un moyen de transport adapt\u00e9 ? Ce n\u2019est pas une blague. En C\u00f4te d\u2019Ivoire, un d\u00e9put\u00e9 de base per\u00e7oit 3 millions de francs Cfa par mois, tandis qu\u2019un membre du bureau touche 5 millions de francs Cfa. Il ne s\u2019agit pas ici de revendiquer une augmentation salariale, mais de souligner un \u00e9cart : au S\u00e9n\u00e9gal, les membres du Bureau de l\u2019Assembl\u00e9e nationale sont consid\u00e9r\u00e9s comme des ministres, mais leurs avantages ne refl\u00e8tent pas ce statut\u00bb, admet&nbsp; El Malick Ndiaye.<\/p>\n\n\n\n<p>Pour se donner une bonne contenance, M. Ndiaye tient cependant&nbsp; \u00e0 pr\u00e9ciser que&nbsp;&nbsp;\u00abcette mesure n\u2019entra\u00eenera pas une augmentation du budget, mais vise plut\u00f4t \u00e0 rationaliser les ressources pour am\u00e9liorer les conditions de travail des d\u00e9put\u00e9s\u00bb. C\u2019est ainsi que El Malick Ndiaye critique&nbsp;&nbsp;la strat\u00e9gie du r\u00e9gime pr\u00e9c\u00e9dent qui avait pr\u00e9f\u00e9r\u00e9 allouer une indemnit\u00e9 mensuelle de 900 000 francs Cfa \u00e0 chaque parlementaire, plut\u00f4t que de fournir des v\u00e9hicules. Cette d\u00e9cision n\u2019\u00e9tait pas anodine, \u00e0 l\u2019en croire. \u00abMacky Sall a choisi de ne pas doter les 82 d\u00e9put\u00e9s de l\u2019opposition (d\u2019alors) de v\u00e9hicules, surtout avec la Pr\u00e9sidentielle qui approchait. L\u2019objectif \u00e9tait de limiter leurs moyens de d\u00e9placement pour les affaiblir politiquement\u00bb, avance&nbsp; El Malick Ndiaye.<\/p>\n\n\n\n<p>Les indemnit\u00e9s des d\u00e9put\u00e9s ont \u00e9t\u00e9 pass\u00e9es au peigne fin par le pr\u00e9sident de l\u2019Assembl\u00e9e nationale qui annonce des r\u00e9formes dans ce sens.<\/p>\n\n\n\n<p><strong>\u00abPas d\u2019indemnit\u00e9 pour les d\u00e9put\u00e9s absents des travaux des commissions\u2026\u00bb&nbsp;<\/strong><br>\u00abDor\u00e9navant, aucun d\u00e9put\u00e9 ne recevra d\u2019indemnit\u00e9 de session s\u2019il ne participe pas aux travaux des commissions. Par ailleurs, les frais de mission \u00e9taient l\u2019objet d\u2019abus : un d\u00e9put\u00e9 en d\u00e9placement pour trois jours, percevait une indemnit\u00e9 pour cinq jours, couvrant la veille du d\u00e9part et le lendemain du retour. Cette pratique est d\u00e9sormais abrog\u00e9e\u00bb, fait M. Ndiaye.&nbsp; Mettre un terme \u00e0 certaines pratiques jug\u00e9es opaques est l\u2019objectif que veut atteindre le nouveau pr\u00e9sident de l\u2019Assembl\u00e9e nationale. Ainsi, ce dernier annonce la cr\u00e9ation d\u2019une cellule d\u00e9di\u00e9e \u00e0 la passation des march\u00e9s. \u00abJusqu\u2019ici, lorsqu\u2019une justification \u00e9tait demand\u00e9e, la r\u00e9ponse \u00e9tait syst\u00e9matiquement la m\u00eame : \u00abC\u2019est \u00e0 la discr\u00e9tion du pr\u00e9sident.\u00bb Ce temps est r\u00e9volu\u00bb, d\u00e9clare El Malick Ndiaye. Ancien ministre des Infrastructures et des transports terrestres et a\u00e9riens, d\u2019avril \u00e0 d\u00e9cembre 2024, El Malick Ndiaye a \u00e9t\u00e9 \u00e9lu pr\u00e9sident de l\u2019Assembl\u00e9e nationale le&nbsp;2 d\u00e9cembre 2024,&nbsp;lors de l\u2019installation officielle de la 15\u00e8me L\u00e9gislature.<br><strong>ambodji@lequotidien.sn<\/strong><\/p>\n","protected":false},"excerpt":{"rendered":"<p>El Malick Ndiaye, pr\u00e9sident de l\u2019Assembl\u00e9e nationale, s\u2019en prend \u00e0 l\u2019opposition en&nbsp; lui reprochant&nbsp; son manque de dynamisme sur la<\/p>\n","protected":false},"author":1,"featured_media":35525,"comment_status":"open","ping_status":"open","sticky":false,"template":"","format":"standard","meta":{"footnotes":""},"categories":[6],"tags":[],"class_list":["post-51461","post","type-post","status-publish","format-standard","has-post-thumbnail","hentry","category-politics"],"_links":{"self":[{"href":"https:\/\/dekkbi.com\/index.php?rest_route=\/wp\/v2\/posts\/51461","targetHints":{"allow":["GET"]}}],"collection":[{"href":"https:\/\/dekkbi.com\/index.php?rest_route=\/wp\/v2\/posts"}],"about":[{"href":"https:\/\/dekkbi.com\/index.php?rest_route=\/wp\/v2\/types\/post"}],"author":[{"embeddable":true,"href":"https:\/\/dekkbi.com\/index.php?rest_route=\/wp\/v2\/users\/1"}],"replies":[{"embeddable":true,"href":"https:\/\/dekkbi.com\/index.php?rest_route=%2Fwp%2Fv2%2Fcomments&post=51461"}],"version-history":[{"count":1,"href":"https:\/\/dekkbi.com\/index.php?rest_route=\/wp\/v2\/posts\/51461\/revisions"}],"predecessor-version":[{"id":51462,"href":"https:\/\/dekkbi.com\/index.php?rest_route=\/wp\/v2\/posts\/51461\/revisions\/51462"}],"wp:featuredmedia":[{"embeddable":true,"href":"https:\/\/dekkbi.com\/index.php?rest_route=\/wp\/v2\/media\/35525"}],"wp:attachment":[{"href":"https:\/\/dekkbi.com\/index.php?rest_route=%2Fwp%2Fv2%2Fmedia&parent=51461"}],"wp:term":[{"taxonomy":"category","embeddable":true,"href":"https:\/\/dekkbi.com\/index.php?rest_route=%2Fwp%2Fv2%2Fcategories&post=51461"},{"taxonomy":"post_tag","embeddable":true,"href":"https:\/\/dekkbi.com\/index.php?rest_route=%2Fwp%2Fv2%2Ftags&post=51461"}],"curies":[{"name":"wp","href":"https:\/\/api.w.org\/{rel}","templated":true}]}}