{"id":51456,"date":"2025-02-06T11:07:02","date_gmt":"2025-02-06T11:07:02","guid":{"rendered":"https:\/\/dekkbi.com\/?p=51456"},"modified":"2025-02-06T14:25:34","modified_gmt":"2025-02-06T14:25:34","slug":"saint-louis-vers-une-operation-de-desencombrement-des-marches","status":"publish","type":"post","link":"https:\/\/dekkbi.com\/?p=51456","title":{"rendered":"March\u00e9s Saint-Louis : vers une op\u00e9ration de d\u00e9sencombrement\u00a0"},"content":{"rendered":"\n<p>Saint-Louis, (APS) \u2013 Le pr\u00e9fet de Saint-Louis, Abou Sow, a annonc\u00e9, mercredi, une op\u00e9ration de d\u00e9sencombrement des march\u00e9s, \u00e0 partir du 20 f\u00e9vrier prochain, pour rendre fluide la circulation dans les grandes art\u00e8res de la ville.<\/p>\n\n\n\n<p>Cette op\u00e9ration va d\u00e9buter par le march\u00e9 de Sor ou Tendiguedj, a-t-il pr\u00e9cis\u00e9 au terme d\u2019une r\u00e9union avec le maire de Saint-Louis, Mansour Faye.<\/p>\n\n\n\n<p>Il a expliqu\u00e9 le choix de la date du 20 f\u00e9vrier 2025 par l\u2019approche du mois de Ramadan.<\/p>\n\n\n\n<p>Selon M. Sow, &nbsp;\u00bbparall\u00e8lement des solutions sont \u00e0 l\u2019\u00e9tude pour des march\u00e9s plus modernes et r\u00e9pondant aux normes de s\u00e9curit\u00e9&nbsp;\u00bb.<\/p>\n\n\n\n<p>L\u2019encombrement des grandes art\u00e8res est source d\u2019accident de la circulation dont le principal responsable est l\u2019occupant de l\u2019espace public, a dit le pr\u00e9fet, affichant sa volont\u00e9 d\u2019installer de cette op\u00e9ration dans la durabilit\u00e9.<\/p>\n\n\n\n<p>Le maire Mansour Faye a saisi cette occasion pour demander aux autorit\u00e9s gouvernementales d\u2019accompagner la commune \u00e0 doter Saint-Louis de march\u00e9s modernes.<\/p>\n\n\n\n<p>&nbsp;\u00bbSaint-Louis a grandi et ses march\u00e9s qui datent de longtemps ne satisfont plus les besoins de la ville&nbsp;\u00bb, a dit le maire qui met l\u2019accent sur l\u2019augmentation de la population et les perspectives de l\u2019exploitation du gaz.<\/p>\n\n\n\n<p>Selon lui, la mairie va accompagner cette op\u00e9ration en mobilisant les moyens n\u00e9cessaires pour sa r\u00e9ussite.<\/p>\n\n\n\n<p>AMD\/ASB\/OID<\/p>\n","protected":false},"excerpt":{"rendered":"<p>Saint-Louis, (APS) \u2013 Le pr\u00e9fet de Saint-Louis, Abou Sow, a annonc\u00e9, mercredi, une op\u00e9ration de d\u00e9sencombrement des march\u00e9s, \u00e0 partir<\/p>\n","protected":false},"author":1,"featured_media":51457,"comment_status":"open","ping_status":"open","sticky":false,"template":"","format":"standard","meta":{"footnotes":""},"categories":[26],"tags":[],"class_list":["post-51456","post","type-post","status-publish","format-standard","has-post-thumbnail","hentry","category-fait-divers"],"_links":{"self":[{"href":"https:\/\/dekkbi.com\/index.php?rest_route=\/wp\/v2\/posts\/51456","targetHints":{"allow":["GET"]}}],"collection":[{"href":"https:\/\/dekkbi.com\/index.php?rest_route=\/wp\/v2\/posts"}],"about":[{"href":"https:\/\/dekkbi.com\/index.php?rest_route=\/wp\/v2\/types\/post"}],"author":[{"embeddable":true,"href":"https:\/\/dekkbi.com\/index.php?rest_route=\/wp\/v2\/users\/1"}],"replies":[{"embeddable":true,"href":"https:\/\/dekkbi.com\/index.php?rest_route=%2Fwp%2Fv2%2Fcomments&post=51456"}],"version-history":[{"count":2,"href":"https:\/\/dekkbi.com\/index.php?rest_route=\/wp\/v2\/posts\/51456\/revisions"}],"predecessor-version":[{"id":51509,"href":"https:\/\/dekkbi.com\/index.php?rest_route=\/wp\/v2\/posts\/51456\/revisions\/51509"}],"wp:featuredmedia":[{"embeddable":true,"href":"https:\/\/dekkbi.com\/index.php?rest_route=\/wp\/v2\/media\/51457"}],"wp:attachment":[{"href":"https:\/\/dekkbi.com\/index.php?rest_route=%2Fwp%2Fv2%2Fmedia&parent=51456"}],"wp:term":[{"taxonomy":"category","embeddable":true,"href":"https:\/\/dekkbi.com\/index.php?rest_route=%2Fwp%2Fv2%2Fcategories&post=51456"},{"taxonomy":"post_tag","embeddable":true,"href":"https:\/\/dekkbi.com\/index.php?rest_route=%2Fwp%2Fv2%2Ftags&post=51456"}],"curies":[{"name":"wp","href":"https:\/\/api.w.org\/{rel}","templated":true}]}}