{"id":51440,"date":"2025-02-03T12:53:52","date_gmt":"2025-02-03T12:53:52","guid":{"rendered":"https:\/\/dekkbi.com\/?p=51440"},"modified":"2025-02-03T12:53:53","modified_gmt":"2025-02-03T12:53:53","slug":"polemique-sur-indemnisation-des-victimes-de-2021-2024-des-cheques-et-des-questions","status":"publish","type":"post","link":"https:\/\/dekkbi.com\/?p=51440","title":{"rendered":"Pol\u00e9mique sur \u00abIndemnisation des victimes\u00bb de 2021-2024 : DES CH\u00c8QUES ET DES QUESTIONS"},"content":{"rendered":"\n<p><strong>L\u2019Etat devait passer par la voie judiciaire pour proc\u00e9der \u00e0 l\u2019indemnisation des victimes des violences politiques de mars 2021 \u00e0 f\u00e9vrier 2024. Tel est l\u2019avis de Me Moussa Diop, leader du parti Ag \/ Jotna et membre de la Coalition \u00abDiomaye Pr\u00e9sident\u00bb. Me Diop estime que la d\u00e9cision en question n\u2019\u00e9tait pas la motivation de leur combat d\u2019alors.<\/strong><\/p>\n\n\n\n<p>Membre de la coalition ayant port\u00e9 le Pr\u00e9sident Bassirou Diomaye Faye au pouvoir en avril dernier, Me Moussa Diop n\u2019est pas d\u2019accord avec la d\u00e9cision prise par le gouvernement d\u2019indemniser les victimes des manifestations de mars 2021 \u00e0 f\u00e9vrier 2024. Dans une note, l\u2019ancien directeur de Dakar Dem Dikk (Ddd) sous le r\u00e9gime du Pr\u00e9sident Sall fait remarquer que \u00abla bonne gouvernance dans la rupture voudrait qu\u2019une indemnisation des victimes avec les deniers publics soit faite par voie judiciaire et non politique\u00bb. Et Me Diop de fustiger : \u00abCe qui se fait est en porte-\u00e0-faux avec ce pourquoi nous nous battions.\u00bb<\/p>\n\n\n\n<p>L\u2019alli\u00e9 de la Coalition \u00abDiomaye Pr\u00e9sident\u00bb estime qu\u2019il faut aller \u00abdirectement vers l\u2019abrogation promise de la loi d\u2019amnistie avec une Assembl\u00e9e nationale m\u00e9canique et sans fuite en avant pour identifier les v\u00e9ritables victimes qui ne se limitent pas \u00e0 des militants de Pastef\u00bb. Et d\u2019ajouter : \u00abMoi-m\u00eame, je suis un ancien d\u00e9tenu politique qui ne r\u00e9clame aucune indemnisation, la lutte pour le respect de la Constitution en valait la chandelle.\u00bb<\/p>\n\n\n\n<p>Dans son document, Me Moussa Diop pr\u00e9cise que comme beaucoup de S\u00e9n\u00e9galais, il a \u00abcondamn\u00e9 les graves \u00e9v\u00e9nements politiques de mars 2021 \u00e0 f\u00e9vrier 2024 ayant occasionn\u00e9 plus de 80 morts de jeunes et des milliers de d\u00e9tentions arbitraires\u00bb.<\/p>\n\n\n\n<p>Me Moussa Diop r\u00e9agit ainsi \u00e0 la d\u00e9cision de l\u2019Etat d\u2019allouer une somme de dix millions de francs Cfa \u00e0 chaque famille de victime des derni\u00e8res violences politiques. Mais aussi une somme de 500 mille francs \u00e0 chacune des personnes qui avaient fait l\u2019objet de d\u00e9tention du fait de ces \u00e9v\u00e8nements. En plus d\u2019autres facilit\u00e9s li\u00e9es \u00e0 la prise en charge m\u00e9dicale et \u00e0 l\u2019assistance psychosociale des anciens d\u00e9tenus et autres victimes recens\u00e9s \u00e0 cet effet.<\/p>\n\n\n\n<p><strong>Par Dieynaba KANE \u2013<\/strong> <strong>dkane@lequotidien.sn<\/strong><\/p>\n","protected":false},"excerpt":{"rendered":"<p>L\u2019Etat devait passer par la voie judiciaire pour proc\u00e9der \u00e0 l\u2019indemnisation des victimes des violences politiques de mars 2021 \u00e0<\/p>\n","protected":false},"author":1,"featured_media":51441,"comment_status":"open","ping_status":"open","sticky":false,"template":"","format":"standard","meta":{"footnotes":""},"categories":[21],"tags":[],"class_list":["post-51440","post","type-post","status-publish","format-standard","has-post-thumbnail","hentry","category-societe"],"_links":{"self":[{"href":"https:\/\/dekkbi.com\/index.php?rest_route=\/wp\/v2\/posts\/51440","targetHints":{"allow":["GET"]}}],"collection":[{"href":"https:\/\/dekkbi.com\/index.php?rest_route=\/wp\/v2\/posts"}],"about":[{"href":"https:\/\/dekkbi.com\/index.php?rest_route=\/wp\/v2\/types\/post"}],"author":[{"embeddable":true,"href":"https:\/\/dekkbi.com\/index.php?rest_route=\/wp\/v2\/users\/1"}],"replies":[{"embeddable":true,"href":"https:\/\/dekkbi.com\/index.php?rest_route=%2Fwp%2Fv2%2Fcomments&post=51440"}],"version-history":[{"count":1,"href":"https:\/\/dekkbi.com\/index.php?rest_route=\/wp\/v2\/posts\/51440\/revisions"}],"predecessor-version":[{"id":51442,"href":"https:\/\/dekkbi.com\/index.php?rest_route=\/wp\/v2\/posts\/51440\/revisions\/51442"}],"wp:featuredmedia":[{"embeddable":true,"href":"https:\/\/dekkbi.com\/index.php?rest_route=\/wp\/v2\/media\/51441"}],"wp:attachment":[{"href":"https:\/\/dekkbi.com\/index.php?rest_route=%2Fwp%2Fv2%2Fmedia&parent=51440"}],"wp:term":[{"taxonomy":"category","embeddable":true,"href":"https:\/\/dekkbi.com\/index.php?rest_route=%2Fwp%2Fv2%2Fcategories&post=51440"},{"taxonomy":"post_tag","embeddable":true,"href":"https:\/\/dekkbi.com\/index.php?rest_route=%2Fwp%2Fv2%2Ftags&post=51440"}],"curies":[{"name":"wp","href":"https:\/\/api.w.org\/{rel}","templated":true}]}}