{"id":51406,"date":"2025-01-30T11:35:58","date_gmt":"2025-01-30T11:35:58","guid":{"rendered":"https:\/\/dekkbi.com\/?p=51406"},"modified":"2025-01-30T11:35:59","modified_gmt":"2025-01-30T11:35:59","slug":"washington-un-avion-et-un-helicoptere-secrasent-dans-le-potomac-les-recherches-sintensifient","status":"publish","type":"post","link":"https:\/\/dekkbi.com\/?p=51406","title":{"rendered":"Washington : un avion et un h\u00e9licopt\u00e8re s\u2019\u00e9crasent dans le Potomac, les recherches s\u2019intensifient"},"content":{"rendered":"\n<p><a href=\"https:\/\/lesoleil.sn\/wp-content\/uploads\/2025\/01\/crash.jpg\"><\/a>Un avion de ligne exploit\u00e9 par PSA Airlines, filiale r\u00e9gionale d\u2019American Airlines, s\u2019est ab\u00eem\u00e9 mercredi 29 janvier dans les eaux glaciales du fleuve Potomac \u00e0 Washington, apr\u00e8s une collision en vol avec un h\u00e9licopt\u00e8re militaire. L\u2019accident, survenu lors de l\u2019approche de l\u2019a\u00e9roport national Ronald Reagan, a d\u00e9clench\u00e9 une vaste op\u00e9ration de recherche et de secours dans des conditions extr\u00eamement difficiles.<\/p>\n\n\n\n<p><strong>Une collision en plein ciel<\/strong><\/p>\n\n\n\n<p>L\u2019avion, un Bombardier CRJ-700, effectuait un vol en provenance de Wichita, au Kansas, transportant 60 passagers et quatre membres d\u2019\u00e9quipage. Il devait atterrir \u00e0 21 heures, heure locale (3 heures, heure de Paris), selon l\u2019Administration f\u00e9d\u00e9rale de l\u2019aviation civile (FAA). \u00c0 une altitude moyenne, il est entr\u00e9 en collision avec un h\u00e9licopt\u00e8re Sikorsky H-60 Black Hawk appartenant \u00e0 l\u2019arm\u00e9e am\u00e9ricaine.<\/p>\n\n\n\n<p>\u00ab Nous avons appris avec une immense tristesse l\u2019accident impliquant l\u2019un de nos appareils \u00bb, a d\u00e9clar\u00e9 Robert Isom, directeur g\u00e9n\u00e9ral d\u2019American Airlines, dans une vid\u00e9o diffus\u00e9e apr\u00e8s le drame. La compagnie a confirm\u00e9 les informations rapport\u00e9es par la FAA.<\/p>\n\n\n\n<p>De son c\u00f4t\u00e9, le Pentagone a pr\u00e9cis\u00e9 que trois militaires se trouvaient \u00e0 bord de l\u2019h\u00e9licopt\u00e8re. Une porte-parole de l\u2019arm\u00e9e, relay\u00e9e sur les r\u00e9seaux sociaux par le ministre de la D\u00e9fense Pete Hegseth, a indiqu\u00e9 que l\u2019appareil effectuait un vol d\u2019entra\u00eenement au moment de l\u2019impact.<\/p>\n\n\n\n<p><strong>Des conditions de secours particuli\u00e8rement difficiles<\/strong><\/p>\n\n\n\n<p>Peu apr\u00e8s la collision, les deux a\u00e9ronefs se sont ab\u00eem\u00e9s dans le Potomac, compliquant consid\u00e9rablement les op\u00e9rations de secours. La maire de Washington, Muriel Bowser, a confirm\u00e9 que les \u00e9quipes d\u2019urgence travaillaient sans rel\u00e2che pour tenter de retrouver des survivants.<\/p>\n\n\n\n<p>\u00ab \u00c0 ce stade, nous n\u2019avons aucune information confirm\u00e9e sur des victimes \u00bb, a d\u00e9clar\u00e9 la police de Washington, tout en soulignant la complexit\u00e9 des op\u00e9rations de sauvetage. La nuit noire, les vents forts et la pr\u00e9sence de glace sur le fleuve rendent l\u2019intervention particuli\u00e8rement p\u00e9rilleuse.<\/p>\n\n\n\n<p>Le chef des pompiers de Washington, John Donnelly, a d\u00e9taill\u00e9 les difficult\u00e9s rencontr\u00e9es par les secouristes : \u00ab Les conditions sont extr\u00eamement difficiles. Il fait tr\u00e8s froid, il y a un fort vent et la glace complique les man\u0153uvres. \u00bb<\/p>\n\n\n\n<p>De nombreuses vid\u00e9os diffus\u00e9es sur les r\u00e9seaux sociaux montrent des h\u00e9licopt\u00e8res des gardes-c\u00f4tes illuminant les eaux du Potomac \u00e0 l\u2019aide de puissants projecteurs. Sur les rives du fleuve, plong\u00e9es dans l\u2019obscurit\u00e9, des dizaines de gyrophares clignotent tandis que les camions de pompiers transportent des canots pneumatiques vers le site du crash.<\/p>\n\n\n\n<p>Kristi Noem, nouvelle ministre \u00e0 la S\u00e9curit\u00e9 int\u00e9rieure, a annonc\u00e9 sur X (anciennement Twitter) le d\u00e9ploiement de \u00ab toutes les ressources des gardes-c\u00f4tes pour des op\u00e9rations de recherche et de secours pour cet accident horrible \u00bb.<\/p>\n\n\n\n<p><strong>Une trag\u00e9die qui aurait pu \u00eatre \u00e9vit\u00e9e ?<\/strong><\/p>\n\n\n\n<p>L\u2019accident a rapidement suscit\u00e9 des r\u00e9actions politiques. Le pr\u00e9sident Donald Trump a d\u2019abord exprim\u00e9 son soutien aux victimes : \u00ab Que Dieu les b\u00e9nisse \u00bb, a-t-il d\u00e9clar\u00e9 dans un communiqu\u00e9, assurant avoir \u00e9t\u00e9 \u00ab pleinement inform\u00e9 du terrible accident \u00bb.<\/p>\n\n\n\n<p>Cependant, sur sa plateforme Truth Social, il a ensuite mis en cause la gestion du vol de l\u2019h\u00e9licopt\u00e8re militaire, affirmant que la collision \u00ab aurait d\u00fb \u00eatre \u00e9vit\u00e9e \u00bb. Selon lui, une meilleure coordination avec les contr\u00f4leurs a\u00e9riens aurait permis d\u2019emp\u00eacher l\u2019h\u00e9licopt\u00e8re de se retrouver sur la \u00ab trajectoire d\u2019approche parfaite \u00bb de l\u2019avion commercial, d\u2019autant plus que la m\u00e9t\u00e9o \u00e9tait cl\u00e9mente cette nuit-l\u00e0.<\/p>\n\n\n\n<p>Karoline Leavitt, porte-parole de la Maison-Blanche, a \u00e9galement r\u00e9agi sur Fox News, d\u00e9clarant : \u00ab De mani\u00e8re tragique, il semble qu\u2019un h\u00e9licopt\u00e8re militaire soit entr\u00e9 en collision avec un avion de ligne r\u00e9gionale. \u00bb<\/p>\n\n\n\n<p><strong>Une enqu\u00eate en cours<\/strong><\/p>\n\n\n\n<p>Les causes pr\u00e9cises de l\u2019accident restent \u00e0 d\u00e9terminer. La FAA et le National Transportation Safety Board (NTSB) ont annonc\u00e9 l\u2019ouverture d\u2019une enqu\u00eate pour \u00e9tablir les circonstances exactes du drame. L\u2019objectif sera d\u2019\u00e9claircir les responsabilit\u00e9s et de comprendre comment un avion de ligne et un h\u00e9licopt\u00e8re militaire ont pu se retrouver sur une trajectoire de collision.<\/p>\n\n\n\n<p><strong>LeSoleil avec AFP<\/strong><\/p>\n","protected":false},"excerpt":{"rendered":"<p>Un avion de ligne exploit\u00e9 par PSA Airlines, filiale r\u00e9gionale d\u2019American Airlines, s\u2019est ab\u00eem\u00e9 mercredi 29 janvier dans les eaux<\/p>\n","protected":false},"author":1,"featured_media":51407,"comment_status":"open","ping_status":"open","sticky":false,"template":"","format":"standard","meta":{"footnotes":""},"categories":[26],"tags":[],"class_list":["post-51406","post","type-post","status-publish","format-standard","has-post-thumbnail","hentry","category-fait-divers"],"_links":{"self":[{"href":"https:\/\/dekkbi.com\/index.php?rest_route=\/wp\/v2\/posts\/51406","targetHints":{"allow":["GET"]}}],"collection":[{"href":"https:\/\/dekkbi.com\/index.php?rest_route=\/wp\/v2\/posts"}],"about":[{"href":"https:\/\/dekkbi.com\/index.php?rest_route=\/wp\/v2\/types\/post"}],"author":[{"embeddable":true,"href":"https:\/\/dekkbi.com\/index.php?rest_route=\/wp\/v2\/users\/1"}],"replies":[{"embeddable":true,"href":"https:\/\/dekkbi.com\/index.php?rest_route=%2Fwp%2Fv2%2Fcomments&post=51406"}],"version-history":[{"count":1,"href":"https:\/\/dekkbi.com\/index.php?rest_route=\/wp\/v2\/posts\/51406\/revisions"}],"predecessor-version":[{"id":51408,"href":"https:\/\/dekkbi.com\/index.php?rest_route=\/wp\/v2\/posts\/51406\/revisions\/51408"}],"wp:featuredmedia":[{"embeddable":true,"href":"https:\/\/dekkbi.com\/index.php?rest_route=\/wp\/v2\/media\/51407"}],"wp:attachment":[{"href":"https:\/\/dekkbi.com\/index.php?rest_route=%2Fwp%2Fv2%2Fmedia&parent=51406"}],"wp:term":[{"taxonomy":"category","embeddable":true,"href":"https:\/\/dekkbi.com\/index.php?rest_route=%2Fwp%2Fv2%2Fcategories&post=51406"},{"taxonomy":"post_tag","embeddable":true,"href":"https:\/\/dekkbi.com\/index.php?rest_route=%2Fwp%2Fv2%2Ftags&post=51406"}],"curies":[{"name":"wp","href":"https:\/\/api.w.org\/{rel}","templated":true}]}}