{"id":5140,"date":"2022-12-22T11:42:51","date_gmt":"2022-12-22T11:42:51","guid":{"rendered":"https:\/\/dekkbi.com\/?p=5140"},"modified":"2022-12-22T11:42:52","modified_gmt":"2022-12-22T11:42:52","slug":"dossier-pape-ale-niang-les-incongruites-et-contreverites-de-la-precision-du-procureur-de-la-republique","status":"publish","type":"post","link":"https:\/\/dekkbi.com\/?p=5140","title":{"rendered":"Dossier Pape Ale Niang : les incongruit\u00e9s et contrev\u00e9rit\u00e9s de la \u00abpr\u00e9cision\u00bb du procureur de la R\u00e9publique"},"content":{"rendered":"\n<p>Les maladresses de Pape Al\u00e9 NIANG dans ses courts moments de libert\u00e9 ne peuvent d\u00e9cemment autoriser le procureur de la R\u00e9publique, Hamady Diouf \u00e0 raconter des histoires sur notre confr\u00e8re en prenant souvent des libert\u00e9s avec la v\u00e9rit\u00e9. S\u2019il est vrai que son comportement peut indisposer et mettre mal \u00e0 l\u2019aise beaucoup de gens, mais la corporation des journalistes reste d\u00e9termin\u00e9e \u00e0 d\u00e9fendre les valeurs et principes du m\u00e9tier.<\/p>\n\n\n\n<p>Le journalisme et la justice ont en commun certains fondamentaux. Ce sont entre autres les faits. Ils sont intangibles. Toute action judiciaire, toute information doit reposer sur des faits. Or, dans son communiqu\u00e9, le procureur lui pr\u00eate des intentions et des all\u00e9gations. Il a \u00e9crit noir sur blanc les propos suivants :<\/p>\n\n\n\n<p><\/p>\n\n\n\n<p>\u00ab Les derni\u00e8res sorties m\u00e9diatiques de l\u2019inculp\u00e9 Pape Al\u00e9 NIANG, telles qu\u2019il ressort des audios et des vid\u00e9os joints \u00e0 la proc\u00e9dure, caract\u00e9risent largement une violation des obligations prescrites notamment celles qui lui faisaient d\u00e9fense de communiquer sous aucune forme sur les faits, objets des poursuites, dans la perspective de garantir l\u2019int\u00e9grit\u00e9 de la proc\u00e9dure et de pr\u00e9venir efficacement la r\u00e9it\u00e9ration des faits \u00bb.<\/p>\n\n\n\n<p><\/p>\n\n\n\n<p>Certainement, nous n\u2019avons pas \u00e9cout\u00e9 et regard\u00e9 les m\u00eames audios et vid\u00e9os. Le journaliste, &nbsp;de nouveau en captivit\u00e9 depuis mardi 20 d\u00e9cembre, n\u2019a fait qu\u2019une sortie. Il est \u00e9tabli \u2013 et de mani\u00e8re clairement incontestable \u2013 qu\u2019il n\u2019a nullement et aucunement \u00e9voqu\u00e9 la proc\u00e9dure ni les \u00e9l\u00e9ments du dossier le concernant. Pape Al\u00e9 NIANG a d\u00e9nonc\u00e9 les conditions de son arrestation qui sont rocambolesques et inacceptables dans le contexte d\u2019un \u00c9tat de droit qui poursuit un citoyen r\u00e9guli\u00e8rement domicili\u00e9 \u00e0 Dakar. Il est surtout revenu sur la situation des \u00abd\u00e9tenus politiques\u00bb dont les sieurs Cheikh Oumar DIAGNE et Abdou Karim GUEYE qu\u2019il a eu le loisir de rencontrer en prison.<\/p>\n\n\n\n<p><\/p>\n\n\n\n<p>Clairement et sur la base du principe de responsabilit\u00e9 qui guide son action, la Coordination des Associations de Presse (CAP) n\u2019\u00e9pouse pas cette sortie et la trouve inopportune. Cependant, monsieur le procureur de la R\u00e9publique ne peut oublier un seul instant que Pape Al\u00e9 NIANG est un citoyen s\u00e9n\u00e9galais qui b\u00e9n\u00e9ficie toujours et jusqu\u2019\u00e0 preuve du contraire de la pr\u00e9somption d\u2019innocence. A cet effet, rien ni personne ne l\u2019emp\u00eache \u2013 conform\u00e9ment aux articles 8 et 10 de la Constitution \u2013 de jouir de sa libert\u00e9 d\u2019expression dans le respect des dispositions de l\u2019article 127 du Code de proc\u00e9dure p\u00e9nale. En l\u2019esp\u00e8ce, les avocats et des juristes ont raison de d\u00e9noncer ce que le procureur qualifie all\u00e8grement et \u00e9motionnellement d\u2019actes constitutifs de la violation des termes ou conditions du contr\u00f4le judiciaire.<\/p>\n\n\n\n<p><\/p>\n\n\n\n<p>S\u2019agissant des posts de Pape Al\u00e9 NIANG sur sa page Facebook concernant le Directeur de la police nationale, c\u2019est une erreur. A l\u2019intention de l\u2019opinion publique nationale et internationale, la CAP r\u00e9v\u00e8le ici que c\u2019est elle qui a demand\u00e9 et obtenu la suppression de tous les posts. Pape Al\u00e9 NIANG est dispos\u00e9 \u00e0 s\u2019amender parce que manifestement, il a eu tort et a port\u00e9 atteinte \u00e0 l\u2019honorabilit\u00e9 d\u2019une famille de citoyens s\u00e9n\u00e9galais.<\/p>\n\n\n\n<p>La CAP r\u00e9fute, par ailleurs, l\u2019analyse du chef de parquet qui tente d\u2019\u00e9carter tout cas de force majeure, erreur ou n\u00e9gligence. C\u2019est un commentaire gratuit et m\u00e9chant qui prouve encore l\u2019acharnement sur la personne de Pape Al\u00e9 NIANG. Pourtant en lieu et place d\u2019un mandat de d\u00e9p\u00f4t, le procureur avait la possibilit\u00e9 d\u2019assignation \u00e0 \u00ab r\u00e9sidence avec surveillance \u00e9lectronique\u00bb, ou d\u2019une &nbsp;admonestation (faire une r\u00e9primande s\u00e9v\u00e8re, une remontrance solennelle), entre autres, comme un juge a eu \u00e0 le faire r\u00e9cemment dans un dossier o\u00f9 l\u2019inculp\u00e9 aurait manifestement viol\u00e9 les conditions du contr\u00f4le judiciaire. Ces consid\u00e9rations sont compte non tenu des vices de forme dans la r\u00e9quisition du parquet.<\/p>\n\n\n\n<p><\/p>\n\n\n\n<p>La Coordination des Associations de Presse (CAP) se veut encore une fois responsable. Elle a froidement analys\u00e9 la situation actuelle et us\u00e9 du langage de v\u00e9rit\u00e9 \u00e0 l\u2019endroit de notre confr\u00e8re. Elle est dans cette logique depuis le d\u00e9but de cette affaire. Elle est d\u00e9termin\u00e9e \u00e0 engager toutes actions l\u00e9gales afin d\u2019obtenir la lib\u00e9ration de Pape Al\u00e9 NIANG. Sa place n\u2019est pas en prison.<\/p>\n\n\n\n<p><strong>LA COORDINATION DES ASSOCIATIONS DE PRESSE (CAP)<\/strong><\/p>\n","protected":false},"excerpt":{"rendered":"<p>Les maladresses de Pape Al\u00e9 NIANG dans ses courts moments de libert\u00e9 ne peuvent d\u00e9cemment autoriser le procureur de la<\/p>\n","protected":false},"author":1,"featured_media":5015,"comment_status":"open","ping_status":"open","sticky":false,"template":"","format":"standard","meta":{"footnotes":""},"categories":[26],"tags":[],"class_list":["post-5140","post","type-post","status-publish","format-standard","has-post-thumbnail","hentry","category-fait-divers"],"_links":{"self":[{"href":"https:\/\/dekkbi.com\/index.php?rest_route=\/wp\/v2\/posts\/5140","targetHints":{"allow":["GET"]}}],"collection":[{"href":"https:\/\/dekkbi.com\/index.php?rest_route=\/wp\/v2\/posts"}],"about":[{"href":"https:\/\/dekkbi.com\/index.php?rest_route=\/wp\/v2\/types\/post"}],"author":[{"embeddable":true,"href":"https:\/\/dekkbi.com\/index.php?rest_route=\/wp\/v2\/users\/1"}],"replies":[{"embeddable":true,"href":"https:\/\/dekkbi.com\/index.php?rest_route=%2Fwp%2Fv2%2Fcomments&post=5140"}],"version-history":[{"count":1,"href":"https:\/\/dekkbi.com\/index.php?rest_route=\/wp\/v2\/posts\/5140\/revisions"}],"predecessor-version":[{"id":5141,"href":"https:\/\/dekkbi.com\/index.php?rest_route=\/wp\/v2\/posts\/5140\/revisions\/5141"}],"wp:featuredmedia":[{"embeddable":true,"href":"https:\/\/dekkbi.com\/index.php?rest_route=\/wp\/v2\/media\/5015"}],"wp:attachment":[{"href":"https:\/\/dekkbi.com\/index.php?rest_route=%2Fwp%2Fv2%2Fmedia&parent=5140"}],"wp:term":[{"taxonomy":"category","embeddable":true,"href":"https:\/\/dekkbi.com\/index.php?rest_route=%2Fwp%2Fv2%2Fcategories&post=5140"},{"taxonomy":"post_tag","embeddable":true,"href":"https:\/\/dekkbi.com\/index.php?rest_route=%2Fwp%2Fv2%2Ftags&post=5140"}],"curies":[{"name":"wp","href":"https:\/\/api.w.org\/{rel}","templated":true}]}}