{"id":51397,"date":"2025-01-30T10:45:39","date_gmt":"2025-01-30T10:45:39","guid":{"rendered":"https:\/\/dekkbi.com\/?p=51397"},"modified":"2025-01-30T10:45:40","modified_gmt":"2025-01-30T10:45:40","slug":"la-region-de-matam-peut-tirer-le-senegal-vers-la-souverainete-alimentaire-selon-un-acteur","status":"publish","type":"post","link":"https:\/\/dekkbi.com\/?p=51397","title":{"rendered":"La r\u00e9gion de Matam peut tirer le S\u00e9n\u00e9gal vers la souverainet\u00e9 alimentaire, selon un acteur"},"content":{"rendered":"\n<p>Matam, (APS) \u2013 La r\u00e9gion de Matam, compte tenu de sa position \u00e0 la fronti\u00e8re nord du S\u00e9n\u00e9gal, peut tirer le pays vers la souverainet\u00e9 alimentaire, estime le directeur ex\u00e9cutif de l\u2019Institut prospective agricole et rurale (IPAR), Cheikh Oumar B\u00e2.<\/p>\n\n\n\n<p>\u00ab&nbsp;On est convaincu aujourd\u2019hui que Matam peut \u00eatre la r\u00e9gion qui peut tirer le S\u00e9n\u00e9gal vers la souverainet\u00e9 alimentaire. Compte tenu de sa position g\u00e9ographique qui fait d\u2019elle une r\u00e9gion transfrontali\u00e8re, il est aussi possible de d\u00e9velopper des relations avec la Mauritanie et le Mali&nbsp;\u00bb, a-t-il dit.<\/p>\n\n\n\n<p>M. B\u00e2 intervenait lors de la cl\u00f4ture, mercredi \u00e0 Matam, des consultations citoyennes sur la r\u00e9vision de la loi d\u2019orientation agro-sylvo pastorale, auxquelles&nbsp;plus 300 acteurs de l\u2019agriculture, de l\u2019\u00e9levage et de la p\u00eache participaient depuis lundi.<\/p>\n\n\n\n<p>La r\u00e9gion de Matam peut compter sur son grand potentiel, dans le cadre de la mise en \u0153uvre des p\u00f4les territoriaux, selon le directeur ex\u00e9cutif de l\u2019IPAR, un espace de r\u00e9flexion, de dialogue et de proposition pour des politiques agricoles et rurales concert\u00e9es au S\u00e9n\u00e9gal et dans la r\u00e9gion ouest-africaine.<\/p>\n\n\n\n<p>Il note cependant qu\u2019il faudra voir \u00ab&nbsp;comment s\u2019assurer que les ressources naturelles, notamment les phosphates de Ndendory, soient valoris\u00e9es&nbsp;\u00bb.<\/p>\n\n\n\n<p>\u00ab&nbsp;Ce sera une mani\u00e8re de r\u00e9gler l\u2019autosuffisance alimentaire en engrais&nbsp;\u00bb, a soulign\u00e9 M. B\u00e2, par ailleurs coordonnateur technique du comit\u00e9 ad hoc mis en place dans le cadre de la r\u00e9vision de la loi d\u2019orientation agro-sylvo pastorale. Il ajoute toutefois qu\u2019il faut chercher \u00e0 \u00ab&nbsp;anticiper les conflits not\u00e9s entre agriculteurs, p\u00eacheurs et \u00e9leveurs&nbsp;\u00bb.<\/p>\n\n\n\n<p>Selon lui, il y a aussi lieu d\u2019anticiper sur les questions d\u2019inondation avec des digues de protection devant assurer la s\u00e9curit\u00e9 de la r\u00e9gion et les productions.<\/p>\n\n\n\n<p>Les am\u00e9nagements agricoles m\u00e9ritent d\u2019\u00eatre am\u00e9lior\u00e9s pour la ma\u00eetrise de l\u2019eau, ainsi que toutes les questions li\u00e9es aux attaques granivores, insiste le directeur ex\u00e9cutif de l\u2019IPAR.&nbsp;\u00ab&nbsp;Toutes ces questions doivent trouver des r\u00e9ponses sur long terme&nbsp;\u00bb, a-t-il indiqu\u00e9.<\/p>\n\n\n\n<p>Le gouverneur de Matam, pr\u00e9sidant la rencontre, a assur\u00e9 que la plupart des pr\u00e9occupations et inqui\u00e9tudes des acteurs ont \u00e9t\u00e9 prises en compte.<\/p>\n\n\n\n<p>La r\u00e9flexion continue, m\u00eame toutes les questions ne peuvent pas \u00eatre prises en compte charge, selon le chef de l\u2019ex\u00e9cutif r\u00e9gional.<\/p>\n\n\n\n<p>\u00ab&nbsp;Nous ne pouvons accepter que les enfants soient utilis\u00e9s dans le cadre du travail, en restant seuls dans la brousse \u00e0 g\u00e9rer le b\u00e9tail. Nous avons aussi rejet\u00e9 la proposition selon laquelle on doit autoriser les \u00e9leveurs \u00e0 fr\u00e9quenter les sites d\u2019amodiation&nbsp;\u00bb, a-t-il signal\u00e9.<\/p>\n\n\n\n<p>Il consid\u00e8re que c\u2019est un danger de laisser les animaux \u00e0 la merci des chasseurs utilisant des fusils et outils mortels.<\/p>\n\n\n\n<p>AT\/BK\/OID<\/p>\n","protected":false},"excerpt":{"rendered":"<p>Matam, (APS) \u2013 La r\u00e9gion de Matam, compte tenu de sa position \u00e0 la fronti\u00e8re nord du S\u00e9n\u00e9gal, peut tirer<\/p>\n","protected":false},"author":1,"featured_media":51398,"comment_status":"open","ping_status":"open","sticky":false,"template":"","format":"standard","meta":{"footnotes":""},"categories":[3],"tags":[],"class_list":["post-51397","post","type-post","status-publish","format-standard","has-post-thumbnail","hentry","category-event-more-news"],"_links":{"self":[{"href":"https:\/\/dekkbi.com\/index.php?rest_route=\/wp\/v2\/posts\/51397","targetHints":{"allow":["GET"]}}],"collection":[{"href":"https:\/\/dekkbi.com\/index.php?rest_route=\/wp\/v2\/posts"}],"about":[{"href":"https:\/\/dekkbi.com\/index.php?rest_route=\/wp\/v2\/types\/post"}],"author":[{"embeddable":true,"href":"https:\/\/dekkbi.com\/index.php?rest_route=\/wp\/v2\/users\/1"}],"replies":[{"embeddable":true,"href":"https:\/\/dekkbi.com\/index.php?rest_route=%2Fwp%2Fv2%2Fcomments&post=51397"}],"version-history":[{"count":1,"href":"https:\/\/dekkbi.com\/index.php?rest_route=\/wp\/v2\/posts\/51397\/revisions"}],"predecessor-version":[{"id":51399,"href":"https:\/\/dekkbi.com\/index.php?rest_route=\/wp\/v2\/posts\/51397\/revisions\/51399"}],"wp:featuredmedia":[{"embeddable":true,"href":"https:\/\/dekkbi.com\/index.php?rest_route=\/wp\/v2\/media\/51398"}],"wp:attachment":[{"href":"https:\/\/dekkbi.com\/index.php?rest_route=%2Fwp%2Fv2%2Fmedia&parent=51397"}],"wp:term":[{"taxonomy":"category","embeddable":true,"href":"https:\/\/dekkbi.com\/index.php?rest_route=%2Fwp%2Fv2%2Fcategories&post=51397"},{"taxonomy":"post_tag","embeddable":true,"href":"https:\/\/dekkbi.com\/index.php?rest_route=%2Fwp%2Fv2%2Ftags&post=51397"}],"curies":[{"name":"wp","href":"https:\/\/api.w.org\/{rel}","templated":true}]}}