{"id":51389,"date":"2025-01-30T10:14:38","date_gmt":"2025-01-30T10:14:38","guid":{"rendered":"https:\/\/dekkbi.com\/?p=51389"},"modified":"2025-01-30T10:14:39","modified_gmt":"2025-01-30T10:14:39","slug":"le-parti-pastef-les-patriotes-annonce-son-premier-congres-extraordinaire-apres-11-ans-dexistence","status":"publish","type":"post","link":"https:\/\/dekkbi.com\/?p=51389","title":{"rendered":"Le Parti \u00ab\u00a0Pastef Les Patriotes\u00a0\u00bb annonce son premier Congr\u00e8s extraordinaire apr\u00e8s 11 ans d&rsquo;existence"},"content":{"rendered":"\n<p>Le parti politique Pastef Les Patriotes, dirig\u00e9 par Ousmane Sonko, a annonc\u00e9 la tenue de son premier Congr\u00e8s extraordinaire, 11 ans apr\u00e8s sa cr\u00e9ation. L&rsquo;annonce a \u00e9t\u00e9 faite par le responsable patriote Abass Fall, lors de son passage \u00e0 Radio S\u00e9n\u00e9gal International (RSI) le dimanche 26 janvier 2025. Cette annonce marque un tournant important pour la formation politique, qui n&rsquo;a jusque-l\u00e0 jamais organis\u00e9 un tel \u00e9v\u00e9nement depuis sa fondation en 2014.<br>\u00a0<br>Abass Fall a pr\u00e9cis\u00e9 que les statuts et le r\u00e8glement int\u00e9rieur du parti pr\u00e9voient la tenue d\u2019un Congr\u00e8s extraordinaire tous les six ans. Toutefois, cette premi\u00e8re \u00e9dition arrive apr\u00e8s une p\u00e9riode marqu\u00e9e par une restructuration interne du parti, sur instruction d&rsquo;Ousmane Sonko lui-m\u00eame. Selon Abass Fall, cette restructuration vise \u00e0 garantir la conformit\u00e9 des structures et \u00e0 moderniser le fonctionnement du parti, afin de le rendre plus performant et adapt\u00e9 aux enjeux politiques actuels.<br>\u00a0<br>Le responsable de la massification du parti a \u00e9galement \u00e9voqu\u00e9 une circulaire envoy\u00e9e le samedi pr\u00e9c\u00e9dent, qui d\u00e9taillait les \u00e9tapes de cette restructuration. Si la date et le lieu du Congr\u00e8s restent encore inconnus, l&rsquo;annonce rev\u00eat une grande importance dans le cadre de la consolidation du Pastef Les Patriotes en tant que force politique majeure.<br>\u00a0<br>Cr\u00e9\u00e9 le 4 janvier 2014, Pastef Les Patriotes n\u2019a pas encore tenu de Congr\u00e8s extraordinaire, un \u00e9l\u00e9ment marquant de son d\u00e9veloppement. Cependant, l\u2019organisation de cet \u00e9v\u00e9nement semble \u00eatre un symbole de la maturit\u00e9 du parti, \u00e0 la veille de sa prise de pouvoir en mars 2024, avec Bassirou Diomaye Faye comme pr\u00e9sident de la R\u00e9publique et Ousmane Sonko en tant que Premier ministre. Ce Congr\u00e8s pourrait donc servir de tremplin pour les futures orientations politiques et la consolidation de leur pouvoir.<\/p>\n\n\n\n<p>SOURCE PRESSAFRIK<\/p>\n","protected":false},"excerpt":{"rendered":"<p>Le parti politique Pastef Les Patriotes, dirig\u00e9 par Ousmane Sonko, a annonc\u00e9 la tenue de son premier Congr\u00e8s extraordinaire, 11<\/p>\n","protected":false},"author":1,"featured_media":46550,"comment_status":"open","ping_status":"open","sticky":false,"template":"","format":"standard","meta":{"footnotes":""},"categories":[6],"tags":[],"class_list":["post-51389","post","type-post","status-publish","format-standard","has-post-thumbnail","hentry","category-politics"],"_links":{"self":[{"href":"https:\/\/dekkbi.com\/index.php?rest_route=\/wp\/v2\/posts\/51389","targetHints":{"allow":["GET"]}}],"collection":[{"href":"https:\/\/dekkbi.com\/index.php?rest_route=\/wp\/v2\/posts"}],"about":[{"href":"https:\/\/dekkbi.com\/index.php?rest_route=\/wp\/v2\/types\/post"}],"author":[{"embeddable":true,"href":"https:\/\/dekkbi.com\/index.php?rest_route=\/wp\/v2\/users\/1"}],"replies":[{"embeddable":true,"href":"https:\/\/dekkbi.com\/index.php?rest_route=%2Fwp%2Fv2%2Fcomments&post=51389"}],"version-history":[{"count":1,"href":"https:\/\/dekkbi.com\/index.php?rest_route=\/wp\/v2\/posts\/51389\/revisions"}],"predecessor-version":[{"id":51390,"href":"https:\/\/dekkbi.com\/index.php?rest_route=\/wp\/v2\/posts\/51389\/revisions\/51390"}],"wp:featuredmedia":[{"embeddable":true,"href":"https:\/\/dekkbi.com\/index.php?rest_route=\/wp\/v2\/media\/46550"}],"wp:attachment":[{"href":"https:\/\/dekkbi.com\/index.php?rest_route=%2Fwp%2Fv2%2Fmedia&parent=51389"}],"wp:term":[{"taxonomy":"category","embeddable":true,"href":"https:\/\/dekkbi.com\/index.php?rest_route=%2Fwp%2Fv2%2Fcategories&post=51389"},{"taxonomy":"post_tag","embeddable":true,"href":"https:\/\/dekkbi.com\/index.php?rest_route=%2Fwp%2Fv2%2Ftags&post=51389"}],"curies":[{"name":"wp","href":"https:\/\/api.w.org\/{rel}","templated":true}]}}