{"id":51386,"date":"2025-01-30T10:12:55","date_gmt":"2025-01-30T10:12:55","guid":{"rendered":"https:\/\/dekkbi.com\/?p=51386"},"modified":"2025-01-30T10:12:55","modified_gmt":"2025-01-30T10:12:55","slug":"appel-des-layenne-le-president-bassirou-diomaye-faye-chez-le-khalif-general","status":"publish","type":"post","link":"https:\/\/dekkbi.com\/?p=51386","title":{"rendered":"Appel des Layenne : le Pr\u00e9sident Bassirou Diomaye Faye chez le Khalif g\u00e9n\u00e9ral"},"content":{"rendered":"\n<p>Le pr\u00e9sident de la R\u00e9publique, Bassirou Diomaye Faye, a honor\u00e9, ce mercredi 29 janvier de sa pr\u00e9sence le Khalif g\u00e9n\u00e9ral des Layenne, S\u00e9rigne Mouhamadou Makhtar Laye, en rendant visite \u00e0 ce dernier. Cette rencontre, empreinte de respect et de spiritualit\u00e9, a marqu\u00e9 un moment fort dans la pr\u00e9paration des festivit\u00e9s de la c\u00e9l\u00e9bration de l&rsquo;Appel des Layenne pr\u00e9vu les 30 et 31 janvier 2025.<\/p>\n\n\n\n<p>Dans un message publi\u00e9 sur le r\u00e9seau social X, le Pr\u00e9sident Diomaye a exprim\u00e9 sa gratitude et sa joie d\u2019avoir eu l\u2019opportunit\u00e9 d\u2019\u00e9changer avec le Khalif. Il a salu\u00e9 la sagesse des paroles de S\u00e9rigne Mouhamadou Makhtar Laye, ainsi que les pri\u00e8res continues qu&rsquo;il formule pour un S\u00e9n\u00e9gal uni et prosp\u00e8re.<\/p>\n\n\n\n<p>Le pr\u00e9sident a tenu \u00e0 souligner l\u2019importance de la foi et de l&rsquo;unit\u00e9 dans le cadre de cet \u00e9v\u00e9nement, tout en adressant ses v\u0153ux les plus sinc\u00e8res \u00e0 la communaut\u00e9 Layenne. Il a conclu son message en souhaitant de belles c\u00e9l\u00e9brations, pleines de b\u00e9n\u00e9dictions et de spiritualit\u00e9, \u00e0 tous les participants \u00e0 l&rsquo;Appel des Layenne.<\/p>\n\n\n\n<p>SOURCE PRESSAFRIK<\/p>\n","protected":false},"excerpt":{"rendered":"<p>Le pr\u00e9sident de la R\u00e9publique, Bassirou Diomaye Faye, a honor\u00e9, ce mercredi 29 janvier de sa pr\u00e9sence le Khalif g\u00e9n\u00e9ral<\/p>\n","protected":false},"author":1,"featured_media":51387,"comment_status":"open","ping_status":"open","sticky":false,"template":"","format":"standard","meta":{"footnotes":""},"categories":[6],"tags":[],"class_list":["post-51386","post","type-post","status-publish","format-standard","has-post-thumbnail","hentry","category-politics"],"_links":{"self":[{"href":"https:\/\/dekkbi.com\/index.php?rest_route=\/wp\/v2\/posts\/51386","targetHints":{"allow":["GET"]}}],"collection":[{"href":"https:\/\/dekkbi.com\/index.php?rest_route=\/wp\/v2\/posts"}],"about":[{"href":"https:\/\/dekkbi.com\/index.php?rest_route=\/wp\/v2\/types\/post"}],"author":[{"embeddable":true,"href":"https:\/\/dekkbi.com\/index.php?rest_route=\/wp\/v2\/users\/1"}],"replies":[{"embeddable":true,"href":"https:\/\/dekkbi.com\/index.php?rest_route=%2Fwp%2Fv2%2Fcomments&post=51386"}],"version-history":[{"count":1,"href":"https:\/\/dekkbi.com\/index.php?rest_route=\/wp\/v2\/posts\/51386\/revisions"}],"predecessor-version":[{"id":51388,"href":"https:\/\/dekkbi.com\/index.php?rest_route=\/wp\/v2\/posts\/51386\/revisions\/51388"}],"wp:featuredmedia":[{"embeddable":true,"href":"https:\/\/dekkbi.com\/index.php?rest_route=\/wp\/v2\/media\/51387"}],"wp:attachment":[{"href":"https:\/\/dekkbi.com\/index.php?rest_route=%2Fwp%2Fv2%2Fmedia&parent=51386"}],"wp:term":[{"taxonomy":"category","embeddable":true,"href":"https:\/\/dekkbi.com\/index.php?rest_route=%2Fwp%2Fv2%2Fcategories&post=51386"},{"taxonomy":"post_tag","embeddable":true,"href":"https:\/\/dekkbi.com\/index.php?rest_route=%2Fwp%2Fv2%2Ftags&post=51386"}],"curies":[{"name":"wp","href":"https:\/\/api.w.org\/{rel}","templated":true}]}}