{"id":51380,"date":"2025-01-30T10:06:05","date_gmt":"2025-01-30T10:06:05","guid":{"rendered":"https:\/\/dekkbi.com\/?p=51380"},"modified":"2025-01-30T10:06:06","modified_gmt":"2025-01-30T10:06:06","slug":"a-dar-es-salaam-des-dirigeants-africains-sengagent-a-faciliter-lacces-de-leurs-citoyens-a-lelectricite","status":"publish","type":"post","link":"https:\/\/dekkbi.com\/?p=51380","title":{"rendered":"\u00c0 Dar es Salaam, des dirigeants africains s\u2019engagent \u00e0 faciliter l\u2019acc\u00e8s de leurs citoyens \u00e0 l\u2019\u00e9lectricit\u00e9"},"content":{"rendered":"\n<p>De l\u2019envoy\u00e9e sp\u00e9ciale de l\u2019APS, Adama Diouf Ly<\/p>\n\n\n\n<p>Dar es Salaam, (APS) \u2013 Une vingtaine de chefs d\u2019\u00c9tat et de gouvernement, ainsi que des ministres de l\u2019\u00c9nergie de plusieurs pays africains se sont engag\u00e9s, mercredi, \u00e0 Dar es Salaam, \u00e0 accro\u00eetre l\u2019acc\u00e8s de leurs compatriotes \u00e0 \u2018\u2019une \u00e9lectricit\u00e9 fiable, abordable et durable\u2019\u2019.<\/p>\n\n\n\n<p>Ils ont pris cet engagement \u00e0 l\u2019occasion d\u2019un sommet consacr\u00e9 \u00e0 l\u2019\u00e9nergie, qui se tenait depuis mardi au centre de conf\u00e9rences Julius-Nyerere de cette ville tanzanienne.<\/p>\n\n\n\n<p>Pour cela, les chefs d\u2019\u00c9tat et de gouvernement, ainsi que les ministres pr\u00e9sents ont adopt\u00e9 une d\u00e9claration dite de Dar es Saalam, qui sera propos\u00e9e \u00e0 l\u2019Union africaine lors de son sommet pr\u00e9vu en f\u00e9vrier prochain.<\/p>\n\n\n\n<p>Seize chefs d\u2019\u00c9tat et six Premiers ministres ont pris part au sommet, certains pays s\u2019\u00e9tant fait repr\u00e9senter par leur ministre charg\u00e9 de l\u2019\u00c9nergie.<\/p>\n\n\n\n<p>Des repr\u00e9sentants d\u2019organisations de la soci\u00e9t\u00e9 civile et d\u2019institutions financi\u00e8res ou d\u2019appui technique y ont particip\u00e9.<\/p>\n\n\n\n<p>Selon la d\u00e9claration, les pays africains sont appel\u00e9s \u00e0 prendre des d\u00e9cisions et \u00e0 faire des r\u00e9formes susceptibles de stimuler la croissance \u00e9conomique et la cr\u00e9ation d\u2019emplois, d\u2019am\u00e9liorer la qualit\u00e9 de vie par un acc\u00e8s aux services sociaux de base, au-del\u00e0 de l\u2019extension de leur r\u00e9seau de distribution d\u2019\u00e9lectricit\u00e9 aux personnes n\u2019ayant pas encore acc\u00e8s \u00e0 cette \u00e9nergie vitale.<\/p>\n\n\n\n<p>La d\u00e9claration de Dar es Salaam sur l\u2019\u00e9nergie est consid\u00e9r\u00e9e par les pays l\u2019ayant adopt\u00e9 comme une \u00e9tape cl\u00e9 du processus visant \u00e0 combler le d\u00e9ficit \u00e9nerg\u00e9tique en Afrique.<\/p>\n\n\n\n<p>Les engagements pris lors du sommet sont \u2018\u2019un \u00e9l\u00e9ment essentiel de l\u2019initiative Mission\u202f300, qui r\u00e9unit des gouvernements, des banques de d\u00e9veloppement, des partenaires, des organismes philanthropiques et le secteur priv\u00e9, afin de raccorder 300\u202fmillions d\u2019Africains au r\u00e9seau \u00e9lectrique, d\u2019ici \u00e0 2030\u2019\u2019, selon le document.<\/p>\n\n\n\n<p>Les pays et les institutions charg\u00e9s de la r\u00e9alisation du programme Mission\u202f300 ont promis de trouver 50\u202fmilliards de dollars am\u00e9ricains destin\u00e9s \u00e0 l\u2019am\u00e9lioration de l\u2019acc\u00e8s \u00e0 l\u2019\u00e9nergie en Afrique.<\/p>\n\n\n\n<p><strong>Douze pays ont pr\u00e9sent\u00e9 des \u2018\u2019pactes nationaux\u2019\u2019 pour l\u2019\u00e9nergie<\/strong><\/p>\n\n\n\n<p>\u2018\u2019En s\u2019attaquant au d\u00e9fi fondamental de l\u2019acc\u00e8s \u00e0 l\u2019\u00e9nergie, la Mission\u202f300 devient la pierre angulaire du programme d\u2019emplois pour les jeunes [du continent] et le fondement du d\u00e9veloppement\u2019\u2019, lit-on dans la d\u00e9claration.<\/p>\n\n\n\n<p>Malgr\u00e9 les efforts not\u00e9s dans certains pays, l\u2019Afrique compte encore 575 millions de personnes qui n\u2019ont pas acc\u00e8s \u00e0 l\u2019\u00e9lectricit\u00e9, a dit, lors de la conf\u00e9rence, le pr\u00e9sident de la Banque africaine de d\u00e9veloppement, Akinwumi Adesina.<\/p>\n\n\n\n<p>Douze pays ont pr\u00e9sent\u00e9 des \u2018\u2019pactes nationaux\u2019\u2019 pour l\u2019\u00e9nergie, qui fixent leurs objectifs en termes d\u2019investissements pour l\u2019approvisionnement de leurs citoyens en \u00e9lectricit\u00e9.<\/p>\n\n\n\n<p>Il s\u2019agit de la C\u00f4te d\u2019Ivoire, du Liberia, de Madagascar, du Malawi, de la Mauritanie, du Niger, du Nigeria, de la R\u00e9publique d\u00e9mocratique du Congo, du S\u00e9n\u00e9gal, de la Tanzanie, du Tchad et la Zambie.<\/p>\n\n\n\n<p>Les plans pr\u00e9sent\u00e9s sont assortis des d\u00e9lais dans lesquels doivent \u00eatre construites les infrastructures \u00e9nerg\u00e9tiques pr\u00e9vues.<\/p>\n\n\n\n<p>ADL\/ESF<\/p>\n","protected":false},"excerpt":{"rendered":"<p>De l\u2019envoy\u00e9e sp\u00e9ciale de l\u2019APS, Adama Diouf Ly Dar es Salaam, (APS) \u2013 Une vingtaine de chefs d\u2019\u00c9tat et de<\/p>\n","protected":false},"author":1,"featured_media":51381,"comment_status":"open","ping_status":"open","sticky":false,"template":"","format":"standard","meta":{"footnotes":""},"categories":[3],"tags":[],"class_list":["post-51380","post","type-post","status-publish","format-standard","has-post-thumbnail","hentry","category-event-more-news"],"_links":{"self":[{"href":"https:\/\/dekkbi.com\/index.php?rest_route=\/wp\/v2\/posts\/51380","targetHints":{"allow":["GET"]}}],"collection":[{"href":"https:\/\/dekkbi.com\/index.php?rest_route=\/wp\/v2\/posts"}],"about":[{"href":"https:\/\/dekkbi.com\/index.php?rest_route=\/wp\/v2\/types\/post"}],"author":[{"embeddable":true,"href":"https:\/\/dekkbi.com\/index.php?rest_route=\/wp\/v2\/users\/1"}],"replies":[{"embeddable":true,"href":"https:\/\/dekkbi.com\/index.php?rest_route=%2Fwp%2Fv2%2Fcomments&post=51380"}],"version-history":[{"count":1,"href":"https:\/\/dekkbi.com\/index.php?rest_route=\/wp\/v2\/posts\/51380\/revisions"}],"predecessor-version":[{"id":51382,"href":"https:\/\/dekkbi.com\/index.php?rest_route=\/wp\/v2\/posts\/51380\/revisions\/51382"}],"wp:featuredmedia":[{"embeddable":true,"href":"https:\/\/dekkbi.com\/index.php?rest_route=\/wp\/v2\/media\/51381"}],"wp:attachment":[{"href":"https:\/\/dekkbi.com\/index.php?rest_route=%2Fwp%2Fv2%2Fmedia&parent=51380"}],"wp:term":[{"taxonomy":"category","embeddable":true,"href":"https:\/\/dekkbi.com\/index.php?rest_route=%2Fwp%2Fv2%2Fcategories&post=51380"},{"taxonomy":"post_tag","embeddable":true,"href":"https:\/\/dekkbi.com\/index.php?rest_route=%2Fwp%2Fv2%2Ftags&post=51380"}],"curies":[{"name":"wp","href":"https:\/\/api.w.org\/{rel}","templated":true}]}}