{"id":51359,"date":"2025-01-29T12:50:05","date_gmt":"2025-01-29T12:50:05","guid":{"rendered":"https:\/\/dekkbi.com\/?p=51359"},"modified":"2025-01-29T15:01:48","modified_gmt":"2025-01-29T15:01:48","slug":"combats-dans-lest-de-la-rdc-felix-tshisekedi-ne-participera-pas-a-une-reunion-avec-le-rwanda","status":"publish","type":"post","link":"https:\/\/dekkbi.com\/?p=51359","title":{"rendered":"F\u00e9lix Tshisekedi \u00ab\u00a0ne participera pas\u00a0\u00bb \u00e0 une r\u00e9union avec le Rwanda"},"content":{"rendered":"\n<p>Le pr\u00e9sident de la RDC F\u00e9lix Tshisekedi \u00ab\u00a0ne participera pas\u00a0\u00bb \u00e0 une r\u00e9union avec son homologue rwandais. Les deux chefs d\u2019\u00c9tat devaient se rencontrer aujourd\u2019hui pour tenter de d\u00e9nouer la nouvelle crise dans l\u2019est du pays.&nbsp;<strong>Les horaires sont affich\u00e9s en temps universel.<\/strong><\/p>\n\n\n\n<h2 class=\"wp-block-heading\">Le M23 \u00ab\u00a0va continuer\u00a0\u00bb d&rsquo;avancer au-del\u00e0 de Goma, selon un haut diplomate rwandais<\/h2>\n\n\n\n<p>Le groupe arm\u00e9 M23, qui a pris avec des forces rwandaises le contr\u00f4le d&rsquo;une grande partie de Goma, \u00ab\u00a0<em>va continuer<\/em>\u00a0\u00bb d&rsquo;avancer dans l&rsquo;est de la R\u00e9publique d\u00e9mocratique du Congo, voire au-del\u00e0, a d\u00e9clar\u00e9 un haut diplomate rwandais \u00e0 l&rsquo;AFP, mercredi.<\/p>\n\n\n\n<p>\u00ab\u00a0<em>Ils vont continuer dans le Sud-Kivu, parce que Goma (capitale du Nord-Kivu, ndlr) ne peut pas \u00eatre une fin en soi, \u00e0 moins qu&rsquo;entre-temps ils ne n\u00e9gocient avec le gouvernement de Kinshasa, ce dont je doute<\/em>\u00ab\u00a0, a d\u00e9clar\u00e9 Vincent Karega, ambassadeur itin\u00e9rant du Rwanda pour la r\u00e9gion des Grands lacs.<\/p>\n\n\n\n<p>10h22<\/p>\n\n\n\n<p>Pour approfondir<\/p>\n\n\n\n<h2 class=\"wp-block-heading\">La fuite des habitants vers le Rwanda<\/h2>\n\n\n\n<h2 class=\"wp-block-heading\">Le pr\u00e9sident Tshisekedi \u00ab\u00a0ne participera pas\u00a0\u00bb \u00e0 une r\u00e9union avec son homologue rwandais<\/h2>\n\n\n\n<p>Le pr\u00e9sident de la R\u00e9publique d\u00e9mocratique du Congo (RDC) \u00ab\u00a0<em>ne participera pas<\/em>\u00a0\u00bb \u00e0 une r\u00e9union avec son homologue rwandais Paul Kagame, initialement pr\u00e9vue dans la journ\u00e9e \u00e0 l\u2019initiative du Kenya pour tenter de d\u00e9nouer la crise dans l&rsquo;est de la RDC, a annonc\u00e9 mercredi l&rsquo;agence de presse gouvernementale.&nbsp;<\/p>\n\n\n\n<p>\u00ab\u00a0<em>Le Pr\u00e9sident de la R\u00e9publique d\u00e9mocratique du Congo, F\u00e9lix Tshisekedi, ne participera pas au sommet virtuel des chefs d\u2019\u00c9tats de la communaut\u00e9 des \u00c9tats d&rsquo;Afrique de l&rsquo;Est<\/em>\u00ab\u00a0, officiellement \u00ab\u00a0<em>pour des raisons d&rsquo;agenda<\/em>\u00ab\u00a0, selon l&rsquo;Agence congolaise de presse (ACP).<\/p>\n\n\n\n<p>08h54<\/p>\n\n\n\n<p>Vatican<\/p>\n\n\n\n<h2 class=\"wp-block-heading\">Le pape Fran\u00e7ois d\u00e9plore les violences, demande la fin des combats<\/h2>\n\n\n\n<p>Le pape Fran\u00e7ois a d\u00e9plor\u00e9, mercredi, les violences qui touchent l&rsquo;est de la R\u00e9publique d\u00e9mocratique du Congo (RDC) et a appel\u00e9 \u00e0 la fin des combats.<\/p>\n\n\n\n<p>\u00ab\u00a0<em>J&rsquo;exhorte toutes les parties au conflit \u00e0 s&rsquo;engager en faveur de la cessation des hostilit\u00e9s et pour la sauvegarde des populations civiles de Goma et des autres r\u00e9gions concern\u00e9es par les op\u00e9rations militaires<\/em>\u00ab\u00a0, a-t-il dit \u00e0 l&rsquo;issue de l&rsquo;audience g\u00e9n\u00e9rale, demandant \u00ab\u00a0<em>l&rsquo;arr\u00eat le plus rapide possible de toute forme de violence<\/em>\u00ab\u00a0.<\/p>\n\n\n\n<p>Le pape a assur\u00e9 prier \u00ab\u00a0<em>pour le r\u00e9tablissement de la paix et de la s\u00e9curit\u00e9<\/em>\u00a0\u00bb et a conclu en invitant \u00ab\u00a0<em>les autorit\u00e9s locales et la communaut\u00e9 internationale \u00e0 un engagement maximum pour r\u00e9soudre le conflit avec des moyens pacifiques<\/em>\u00ab\u00a0.<\/p>\n\n\n\n<p>07h48<\/p>\n\n\n\n<p>Traffic a\u00e9rien<\/p>\n\n\n\n<h2 class=\"wp-block-heading\">Brussels Airlines annule son aller et retour vers Kinshasa mercredi<\/h2>\n\n\n\n<p>La compagnie a\u00e9rienne Brussels Airlines a annul\u00e9 sa desserte de Kinshasa mercredi, au lendemain de manifestations ayant pris pour cibles plusieurs ambassades dans la capitale de la R\u00e9publique d\u00e9mocratique du Congo (RDC), dont celles de la France et de la Belgique.<\/p>\n\n\n\n<p>Il s&rsquo;agit de l&rsquo;aller et retour quotidien que la compagnie, filiale de Lufthansa, assure entre Bruxelles et Kinshasa.<\/p>\n\n\n\n<p>\u00ab\u00a0<em>Au vu des \u00e9v\u00e9nements actuels en RDC et de la situation tendue \u00e0 Kinshasa, Brussels Airlines a pris la d\u00e9cision d&rsquo;annuler les vols (&#8230;) pr\u00e9vus le 29 janvier 2025<\/em>\u00ab\u00a0, indique le transporteur dans un communiqu\u00e9. \u00ab\u00a0<em>La s\u00e9curit\u00e9 de nos coll\u00e8gues et passagers est et reste notre priorit\u00e9<\/em>\u00ab\u00a0.<\/p>\n\n\n\n<p>La suspension de cette desserte est pour l&rsquo;instant limit\u00e9e \u00e0 mercredi, mais la situation dans la capitale congolaise est suivie de pr\u00e8s. Elle sera examin\u00e9e de fa\u00e7on \u00ab\u00a0<em>approfondie et minutieuse<\/em>\u00a0\u00bb avant de d\u00e9cider la reprise du trafic jeudi.<\/p>\n\n\n\n<p>06h54<\/p>\n\n\n\n<p>Combats dans l&rsquo;est<\/p>\n\n\n\n<h2 class=\"wp-block-heading\">Plus de 500 000 d\u00e9plac\u00e9s depuis d\u00e9but janvier<\/h2>\n\n\n\n<p>Les combats dans l&rsquo;est de la R\u00e9publique d\u00e9mocratique du Congo (RDC) ont fait plus de 500 000 d\u00e9plac\u00e9s depuis d\u00e9but janvier, a d\u00e9clar\u00e9 mardi la ministre congolaise des Affaires \u00e9trang\u00e8res.<\/p>\n\n\n\n<figure class=\"wp-block-image\"><img decoding=\"async\" src=\"https:\/\/information.tv5monde.com\/sites\/tv5-info\/files\/styles\/entete\/public\/2025-01\/AP25028631227531.jpg?itok=P8OoFjtf\" alt=\"Des personnes ayant travers\u00e9 le Congo\" title=\"Des personnes ayant travers\u00e9 le Congo\"\/><\/figure>\n\n\n\n<p>Des personnes ayant travers\u00e9 le Congo attendent de l&rsquo;aide \u00e0 Gyseny, au Rwanda, mardi 28 janvier 2025, suite \u00e0 l&rsquo;avanc\u00e9e des rebelles du M23 dans la capitale de l&rsquo;est du Congo, Goma.&nbsp;<\/p>\n\n\n\n<p>AP Photo\/Yuhi Irakiza<\/p>\n\n\n\n<p>\u00ab\u00a0<em>La situation humanitaire continue \u00e0 se d\u00e9grader avec plus de 500 000 nouveaux d\u00e9plac\u00e9s suppl\u00e9mentaires dans les provinces du nord et du Sud-Kivu au mois de janvier uniquement<\/em>\u00ab\u00a0, a indiqu\u00e9 Th\u00e9r\u00e8se Kayikwamba Wagner lors d&rsquo;une r\u00e9union du Conseil de s\u00e9curit\u00e9 de l&rsquo;ONU.<\/p>\n\n\n\n<p>05h54<\/p>\n\n\n\n<p>R\u00e9action chinoise<\/p>\n\n\n\n<h2 class=\"wp-block-heading\">La Chine esp\u00e8re que le Rwanda entendra les appels \u00e0 ne plus soutenir le M23<\/h2>\n\n\n\n<p>L&rsquo;ambassadeur chinois \u00e0 l&rsquo;ONU a appel\u00e9, mardi, le Rwanda \u00e0 entendre les demandes qui se multiplient de ne plus soutenir le groupe arm\u00e9 M23, engag\u00e9 dans des combats contre l&rsquo;arm\u00e9e congolaise dans l&rsquo;est de la R\u00e9publique d\u00e9mocratique du Congo (RDC).<\/p>\n\n\n\n<p>\u00ab\u00a0<em>La Chine exige que le M23 cesse toute hostilit\u00e9 et batte en retraite de Goma et des autres zones occup\u00e9es. La Chine esp\u00e8re que le Rwanda entendra l&rsquo;appel de pays africains et du secr\u00e9taire g\u00e9n\u00e9ral de l&rsquo;ONU Antonio Guterres, il faut cesser de soutenir le M23 d&rsquo;un point de vue militaire et il faut proc\u00e9der \u00e0 un retrait imm\u00e9diat de toutes les forces militaires du territoire de la RDC<\/em>\u00ab\u00a0, a d\u00e9clar\u00e9 Fu Cong lors d&rsquo;une r\u00e9union du Conseil de s\u00e9curit\u00e9.<\/p>\n\n\n\n<p>05h37<\/p>\n\n\n\n<p>Forts enjeux<\/p>\n\n\n\n<h2 class=\"wp-block-heading\">Une rencontre Tshisekedi-Kagame attendue aujourd\u2019hui<\/h2>\n\n\n\n<p>Une rencontre entre les pr\u00e9sidents congolais F\u00e9lix Tshisekedi et rwandais Paul Kagame est pr\u00e9vue dans la journ\u00e9e. Convoqu\u00e9e par le Kenya, elle doit tenter de d\u00e9nouer la nouvelle crise dans la r\u00e9gion frontali\u00e8re secou\u00e9e depuis 30 ans par des violences entre groupes arm\u00e9s.<\/p>\n\n\n\n<p>F\u00e9lix Tshisekedi ne s&rsquo;est pas exprim\u00e9 depuis le d\u00e9but de la crise. Son gouvernement a d\u00e9nonc\u00e9 une \u00ab\u00a0<em>d\u00e9claration de guerre du Rwanda<\/em>\u00ab\u00a0, tout en assurant vouloir \u00ab\u00a0<em>\u00e9viter le carnage<\/em>\u00ab\u00a0. Kinshasa et Kigali ont coup\u00e9 ces derniers jours toute relations diplomatiques en rappelant leurs diplomates respectifs.&nbsp;<\/p>\n\n\n\n<p>05h21<\/p>\n\n\n\n<p>Discussions<\/p>\n\n\n\n<h2 class=\"wp-block-heading\">Kagame salue une \u00ab\u00a0conversation productive\u00a0\u00bb avec Rubio<\/h2>\n\n\n\n<p>Le pr\u00e9sident rwandais Paul Kagame a salu\u00e9, mercredi, une \u00ab\u00a0<em>conversation productive<\/em>\u00a0\u00bb avec le chef de la diplomatie am\u00e9ricaine Marco Rubio sur la \u00ab\u00a0<em>n\u00e9cessit\u00e9 d&rsquo;assurer un cessez-le-feu dans l&rsquo;est de la RDC et de s&rsquo;attaquer aux causes profondes du conflit une fois pour toutes<\/em>\u00ab\u00a0.&nbsp;<\/p>\n\n\n\n<p>Le nouveau secr\u00e9taire d&rsquo;\u00c9tat am\u00e9ricain a lors d&rsquo;un appel avec le pr\u00e9sident rwandais \u00ab\u00a0<em>exhort\u00e9 \u00e0 un cessez-le-feu imm\u00e9diat dans la r\u00e9gion et \u00e0 ce que toutes les parties respectent l&rsquo;int\u00e9grit\u00e9 territoriale souveraine<\/em>\u00a0\u00bb de la RDC, a indiqu\u00e9 le d\u00e9partement d&rsquo;\u00c9tat dans un communiqu\u00e9.<\/p>\n\n\n\n<p>Les \u00c9tats-Unis sont \u00ab\u00a0<em>profond\u00e9ment troubl\u00e9s par l&rsquo;escalade du conflit en cours dans l&rsquo;est de la RDC, en particulier par la chute de Goma aux mains du groupe arm\u00e9 M23 soutenu par le Rwanda<\/em>\u00ab\u00a0, a ajout\u00e9 le communiqu\u00e9.<\/p>\n\n\n\n<p>\u00ab\u00a0<em>Je me r\u00e9jouis de travailler avec l&rsquo;administration Trump pour cr\u00e9er la prosp\u00e9rit\u00e9 et la s\u00e9curit\u00e9 que les populations de notre r\u00e9gion m\u00e9ritent<\/em>,\u00a0\u00bb a soulign\u00e9 Paul Kagame.<\/p>\n","protected":false},"excerpt":{"rendered":"<p>Le pr\u00e9sident de la RDC F\u00e9lix Tshisekedi \u00ab\u00a0ne participera pas\u00a0\u00bb \u00e0 une r\u00e9union avec son homologue rwandais. Les deux chefs<\/p>\n","protected":false},"author":1,"featured_media":51360,"comment_status":"open","ping_status":"open","sticky":false,"template":"","format":"standard","meta":{"footnotes":""},"categories":[51],"tags":[],"class_list":["post-51359","post","type-post","status-publish","format-standard","has-post-thumbnail","hentry","category-general"],"_links":{"self":[{"href":"https:\/\/dekkbi.com\/index.php?rest_route=\/wp\/v2\/posts\/51359","targetHints":{"allow":["GET"]}}],"collection":[{"href":"https:\/\/dekkbi.com\/index.php?rest_route=\/wp\/v2\/posts"}],"about":[{"href":"https:\/\/dekkbi.com\/index.php?rest_route=\/wp\/v2\/types\/post"}],"author":[{"embeddable":true,"href":"https:\/\/dekkbi.com\/index.php?rest_route=\/wp\/v2\/users\/1"}],"replies":[{"embeddable":true,"href":"https:\/\/dekkbi.com\/index.php?rest_route=%2Fwp%2Fv2%2Fcomments&post=51359"}],"version-history":[{"count":2,"href":"https:\/\/dekkbi.com\/index.php?rest_route=\/wp\/v2\/posts\/51359\/revisions"}],"predecessor-version":[{"id":51365,"href":"https:\/\/dekkbi.com\/index.php?rest_route=\/wp\/v2\/posts\/51359\/revisions\/51365"}],"wp:featuredmedia":[{"embeddable":true,"href":"https:\/\/dekkbi.com\/index.php?rest_route=\/wp\/v2\/media\/51360"}],"wp:attachment":[{"href":"https:\/\/dekkbi.com\/index.php?rest_route=%2Fwp%2Fv2%2Fmedia&parent=51359"}],"wp:term":[{"taxonomy":"category","embeddable":true,"href":"https:\/\/dekkbi.com\/index.php?rest_route=%2Fwp%2Fv2%2Fcategories&post=51359"},{"taxonomy":"post_tag","embeddable":true,"href":"https:\/\/dekkbi.com\/index.php?rest_route=%2Fwp%2Fv2%2Ftags&post=51359"}],"curies":[{"name":"wp","href":"https:\/\/api.w.org\/{rel}","templated":true}]}}