{"id":51356,"date":"2025-01-29T12:07:41","date_gmt":"2025-01-29T12:07:41","guid":{"rendered":"https:\/\/dekkbi.com\/?p=51356"},"modified":"2025-01-29T12:07:42","modified_gmt":"2025-01-29T12:07:42","slug":"un-avion-prend-feu-sur-la-piste-en-coree-du-sud-176-passagers-evacues","status":"publish","type":"post","link":"https:\/\/dekkbi.com\/?p=51356","title":{"rendered":"Un avion prend feu sur la piste en Cor\u00e9e du Sud, 176 passagers \u00e9vacu\u00e9s"},"content":{"rendered":"\n<p>La queue d\u2019un avion de ligne a pris feu mardi sur la piste de l\u2019a\u00e9roport international de Busan, la deuxi\u00e8me ville de Cor\u00e9e du Sud, conduisant \u00e0 l\u2019\u00e9vacuation des 176 personnes \u00e0 bord, a annonc\u00e9 l\u2019agence de presse sud-cor\u00e9enne Yonhap.<\/p>\n\n\n\n<p><strong>Martin Ducrotois\u00a0<\/strong>&#8211; \u00a0<strong>Source:<\/strong>\u00a0BELGA<\/p>\n\n\n\n<p>L\u2019avion d\u2019Air Busan en provenance de l\u2019a\u00e9roport international de Gimhae, au sud-est de Busan, et \u00e0 destination de Hong Kong, a pris feu vers 22h30 locales, selon la m\u00eame source. Au total, 169 passagers et sept h\u00f4tesses de l\u2019air ont \u00e9t\u00e9 \u00e9vacu\u00e9s via des toboggans gonflables, a pr\u00e9cis\u00e9 Yonhap, sans donner plus d\u2019informations sur les causes de l\u2019incendie. L\u2019agence a \u00e9galement signal\u00e9 qu\u2019une personne avait \u00e9t\u00e9 bless\u00e9e.<\/p>\n\n\n\n<p>Contact\u00e9s par l\u2019AFP, les pompiers de Busan n\u2019\u00e9taient pas joignables dans l\u2019imm\u00e9diat. Le mois dernier, le pays a connu sa pire catastrophe a\u00e9rienne. Le 29 d\u00e9cembre 2024, un Boeing 737-800 transportant 181 passagers en provenance de Bangkok a atterri sur le ventre \u00e0 Muan, quelques secondes avant de se fracasser contre un mur en bout de piste et de prendre feu. Seuls deux membres d\u2019\u00e9quipage ont surv\u00e9cu et 179 personnes ont \u00e9t\u00e9 tu\u00e9es.<\/p>\n\n\n\n<p>Selon le site sp\u00e9cialis\u00e9 Flightradar24, qui suit en temps r\u00e9el le trafic a\u00e9rien, la flotte d\u2019Air Busan est enti\u00e8rement compos\u00e9e d\u2019avions con\u00e7us par le g\u00e9ant a\u00e9ronautique europ\u00e9en Airbus.<\/p>\n","protected":false},"excerpt":{"rendered":"<p>La queue d\u2019un avion de ligne a pris feu mardi sur la piste de l\u2019a\u00e9roport international de Busan, la deuxi\u00e8me<\/p>\n","protected":false},"author":1,"featured_media":51357,"comment_status":"open","ping_status":"open","sticky":false,"template":"","format":"standard","meta":{"footnotes":""},"categories":[51],"tags":[],"class_list":["post-51356","post","type-post","status-publish","format-standard","has-post-thumbnail","hentry","category-general"],"_links":{"self":[{"href":"https:\/\/dekkbi.com\/index.php?rest_route=\/wp\/v2\/posts\/51356","targetHints":{"allow":["GET"]}}],"collection":[{"href":"https:\/\/dekkbi.com\/index.php?rest_route=\/wp\/v2\/posts"}],"about":[{"href":"https:\/\/dekkbi.com\/index.php?rest_route=\/wp\/v2\/types\/post"}],"author":[{"embeddable":true,"href":"https:\/\/dekkbi.com\/index.php?rest_route=\/wp\/v2\/users\/1"}],"replies":[{"embeddable":true,"href":"https:\/\/dekkbi.com\/index.php?rest_route=%2Fwp%2Fv2%2Fcomments&post=51356"}],"version-history":[{"count":1,"href":"https:\/\/dekkbi.com\/index.php?rest_route=\/wp\/v2\/posts\/51356\/revisions"}],"predecessor-version":[{"id":51358,"href":"https:\/\/dekkbi.com\/index.php?rest_route=\/wp\/v2\/posts\/51356\/revisions\/51358"}],"wp:featuredmedia":[{"embeddable":true,"href":"https:\/\/dekkbi.com\/index.php?rest_route=\/wp\/v2\/media\/51357"}],"wp:attachment":[{"href":"https:\/\/dekkbi.com\/index.php?rest_route=%2Fwp%2Fv2%2Fmedia&parent=51356"}],"wp:term":[{"taxonomy":"category","embeddable":true,"href":"https:\/\/dekkbi.com\/index.php?rest_route=%2Fwp%2Fv2%2Fcategories&post=51356"},{"taxonomy":"post_tag","embeddable":true,"href":"https:\/\/dekkbi.com\/index.php?rest_route=%2Fwp%2Fv2%2Ftags&post=51356"}],"curies":[{"name":"wp","href":"https:\/\/api.w.org\/{rel}","templated":true}]}}