{"id":51354,"date":"2025-01-29T11:57:16","date_gmt":"2025-01-29T11:57:16","guid":{"rendered":"https:\/\/dekkbi.com\/?p=51354"},"modified":"2025-01-29T15:03:07","modified_gmt":"2025-01-29T15:03:07","slug":"francois-bayrou-evoque-une-submersion-migratoire-et-choque-la-gauche-vers-une-chute-du-gouvernement","status":"publish","type":"post","link":"https:\/\/dekkbi.com\/?p=51354","title":{"rendered":"Bayrou \u00e9voque une \u201csubmersion\u201d migratoire et choque la gauche"},"content":{"rendered":"\n<p>Vers une chute du gouvernement?  &#8211; Fran\u00e7ois Bayrou a maintenu mardi son id\u00e9e d\u2019une \u201csubmersion\u201d migratoire tout en la restreignant \u00e0 Mayotte et \u00e0 certains autres d\u00e9partements, une expression ch\u00e8re au Rassemblement national qui a divis\u00e9 son camp et choqu\u00e9 la gauche, jusqu\u2019\u00e0 provoquer l\u2019annulation d\u2019une r\u00e9union des socialistes avec le gouvernement sur le budget et une \u00e9ventuelle non-censure.<a href=\"https:\/\/www.facebook.com\/sharer\/sharer.php?u=https%3A%2F%2Fwww.7sur7.be%2Fmonde%2Ffrancois-bayrou-evoque-une-submersion-migratoire-et-choque-la-gauche-vers-une-chute-du-gouvernement%7Ea0568bf8%2F%3Futm_source%3Dfacebook%26utm_medium%3Dsocial%26utm_campaign%3Dsocialsharing_web\"><\/a><a href=\"http:\/\/twitter.com\/share?text=Fran%C3%A7ois+Bayrou+%C3%A9voque+une+%E2%80%9Csubmersion%E2%80%9D+migratoire+et+choque+la+gauche%3A+vers+une+chute+du+gouvernement%3F&amp;url=https%3A%2F%2Fwww.7sur7.be%2Fmonde%2Ffrancois-bayrou-evoque-une-submersion-migratoire-et-choque-la-gauche-vers-une-chute-du-gouvernement%7Ea0568bf8%2F%3Futm_source%3Dtwitter%26utm_medium%3Dsocial%26utm_campaign%3Dsocialsharing_web\"><\/a><\/p>\n\n\n\n<p>La France \u201capproche\u201d d\u2019un \u201csentiment de submersion\u201d en mati\u00e8re d\u2019immigration, avait d\u00e9clar\u00e9 Fran\u00e7ois Bayrou lundi soir sur LCI, suscitant un torrent de protestations. Mardi devant l\u2019Assembl\u00e9e nationale, il a expliqu\u00e9 qu\u2019il voulait parler de Mayotte et de plusieurs autres d\u00e9partements, mais sans \u00e9teindre la col\u00e8re de la gauche.<\/p>\n\n\n\n<p>\u201cQuiconque est confront\u00e9 \u00e0 la situation \u00e0 Mayotte, et ce n\u2019est pas le seul endroit de France, mesure que le mot de submersion est celui qui est le plus adapt\u00e9. Parce que tout un pays, (&#8230;) toute une communaut\u00e9 de d\u00e9partements fran\u00e7ais est confront\u00e9e \u00e0 des vagues d\u2019immigration ill\u00e9gale telles qu\u2019elles atteignent 25% de la population\u201d, a affirm\u00e9 le Premier ministre, applaudi par les d\u00e9put\u00e9s du RN. \u201cCe ne sont pas les mots qui sont choquants, c\u2019est les r\u00e9alit\u00e9s\u201d, a-t-il ajout\u00e9, r\u00e9futant toute \u201cconnivence\u201d avec quiconque.<\/p>\n\n\n\n<p>Il r\u00e9pondait au chef de file des d\u00e9put\u00e9s socialistes Boris Vallaud qui l\u2019accusait d\u2019avoir \u201csciemment emprunt\u00e9 (ce vocabulaire) \u00e0 l\u2019extr\u00eame droite\u201d. La veille sur LCI, Fran\u00e7ois Bayrou avait estim\u00e9 que \u201cles apports \u00e9trangers sont positifs pour un peuple, \u00e0 condition qu\u2019ils ne d\u00e9passent pas une proportion\u201d.<\/p>\n\n\n\n<h2 class=\"wp-block-heading\">\u201cNeutraliser le RN\u201d<\/h2>\n\n\n\n<p>En disant \u201cque tout est une affaire de proportion\u201d, le Premier ministre \u201ca justifi\u00e9 la politique que je souhaite mener\u201d, s\u2019est r\u00e9joui mardi le ministre de l\u2019Int\u00e9rieur Bruno Retailleau (LR), tenant de l\u2019aile la plus \u00e0 droite de l\u2019ex\u00e9cutif. \u201cQu\u2019un homme centriste, mod\u00e9r\u00e9, \u00e9quilibr\u00e9, puisse dire, au bout d\u2019un mois et demi \u00e0 Matignon, qu\u2019il y a une proportion d\u2019\u00e9trangers qui ne doit pas \u00eatre d\u00e9pass\u00e9e sur le sol national, c\u2019est une avanc\u00e9e\u201d, a rench\u00e9ri son homologue \u00e0 la Justice, G\u00e9rald Darmanin (Renaissance).<\/p>\n\n\n\n<p>C\u00f4t\u00e9 RN, si le vice-pr\u00e9sident S\u00e9bastien Chenu s\u2019est f\u00e9licit\u00e9 d\u2019avoir \u201cgagn\u00e9 la bataille id\u00e9ologique\u201d, Marine Le Pen attend de Fran\u00e7ois Bayrou \u201cdes actes qui suivent les constats\u201d. Un ancien ministre macroniste consid\u00e8re de son c\u00f4t\u00e9 que le chef du gouvernement \u201cveut neutraliser le RN avec son expression\u201d, car il \u201cconsid\u00e8re d\u00e9sormais que la dynamique de censure se trouve plus \u00e0 l\u2019extr\u00eame droite qu\u2019\u00e0 gauche\u201d.<\/p>\n\n\n\n<p>Mais il risque de faire \u201cla m\u00eame erreur que Michel Barnier\u201d, renvers\u00e9 en d\u00e9cembre, \u201cil sous-estime la volont\u00e9 de rupture de Marine Le Pen et celle de mettre \u00e0 bas la caste politique\u201d, ajoute ce responsable. \u201cCe n\u2019est pas avec un mot comme \u00e7a\u201d que la \u201cdynamique \u00e9lectorale du RN (&#8230;) sera cass\u00e9e\u201d, a estim\u00e9 de son c\u00f4t\u00e9 sur LCI le politologue Jean-Yves Camus.<\/p>\n\n\n\n<p>Les d\u00e9clarations du chef du gouvernement ont \u00e9galement choqu\u00e9 l\u2019aile gauche du camp pr\u00e9sidentiel. La pr\u00e9sidente de l\u2019Assembl\u00e9e nationale Ya\u00ebl Braun-Pivet n\u2019aurait \u201cjamais tenu ces propos\u201d qui la \u201cg\u00eanent\u201d. \u201cOn parle d\u2019hommes et de femmes, de notre pays, la France qui, par son Histoire, par sa g\u00e9ographie, par sa culture, a toujours accueilli et s\u2019est construite avec cette tradition\u201d.<\/p>\n\n\n\n<h2 class=\"wp-block-heading\">\u201cR\u00e9publique fraternelle\u201d<\/h2>\n\n\n\n<p>Le toll\u00e9 est g\u00e9n\u00e9ral \u00e0 gauche. \u201cCe n\u2019est pas une querelle de mots, c\u2019est un diff\u00e9rend profond sur ce que signifie notre R\u00e9publique. Notre R\u00e9publique, elle est fraternelle. Notre R\u00e9publique, elle accueille\u201d, a affirm\u00e9 la cheffe des d\u00e9put\u00e9s \u00e9cologistes Cyrielle Chatelain, qui a d\u00e9j\u00e0 pr\u00e9vu &#8211; avant cette pol\u00e9mique &#8211; de voter la censure.<\/p>\n\n\n\n<p>Elle a accus\u00e9 Fran\u00e7ois Bayrou de \u201cjeter en p\u00e2ture \u00e0 l\u2019extr\u00eame droite toutes celles et tous ceux qui sont n\u00e9s hors de nos fronti\u00e8res mais qui vivent avec nous\u201d. Selon l\u2019Insee, en 2023, la population \u00e9trang\u00e8re vivant en France s\u2019\u00e9levait \u00e0 5,6 millions de personnes, soit 8,2% de la population totale, contre 6,5% en 1975.<\/p>\n\n\n\n<p>Cela pourra-t-il influencer la d\u00e9cision du groupe socialiste de voter la censure du gouvernement sur le budget qui pourrait \u00eatre soumis la semaine prochaine \u00e0 l\u2019Assembl\u00e9e via l\u2019article 49.3 de la Constitution? Le PS, qui cherche des concessions de Fran\u00e7ois Bayrou en \u00e9change d\u2019une non-censure, a annonc\u00e9 l\u2019annulation d\u2019une r\u00e9union pr\u00e9vue mardi avec le gouvernement. \u201cCe qui s\u2019est pass\u00e9 cet apr\u00e8s-midi ne va pas dans le sens d\u2019un accord de non-censure\u201d, a estim\u00e9 le d\u00e9put\u00e9 PS Laurent Baumel. \u201cNe pas censurer le gouvernement Bayrou, c\u2019est laisser continuer l\u2019offensive raciste de Retailleau\u201d, a affirm\u00e9 pour sa part la cheffe des d\u00e9put\u00e9s LFI Mathilde Panot.<\/p>\n\n\n\n<p>Du c\u00f4t\u00e9 des associations de d\u00e9fense des droits des migrants, la pr\u00e9sidente de la Cimade, Fan\u00e9lie Carrey-Conte, a jug\u00e9 que les propos de M. Bayrou \u201cillustraient un basculement vers des analyses de plus en plus stigmatisantes sur la question migratoire\u201d.<\/p>\n\n\n\n<p>&nbsp;<strong>Source:<\/strong>&nbsp;AFP<\/p>\n","protected":false},"excerpt":{"rendered":"<p>Vers une chute du gouvernement? &#8211; Fran\u00e7ois Bayrou a maintenu mardi son id\u00e9e d\u2019une \u201csubmersion\u201d migratoire tout en la restreignant<\/p>\n","protected":false},"author":1,"featured_media":30949,"comment_status":"open","ping_status":"open","sticky":false,"template":"","format":"standard","meta":{"footnotes":""},"categories":[51],"tags":[],"class_list":["post-51354","post","type-post","status-publish","format-standard","has-post-thumbnail","hentry","category-general"],"_links":{"self":[{"href":"https:\/\/dekkbi.com\/index.php?rest_route=\/wp\/v2\/posts\/51354","targetHints":{"allow":["GET"]}}],"collection":[{"href":"https:\/\/dekkbi.com\/index.php?rest_route=\/wp\/v2\/posts"}],"about":[{"href":"https:\/\/dekkbi.com\/index.php?rest_route=\/wp\/v2\/types\/post"}],"author":[{"embeddable":true,"href":"https:\/\/dekkbi.com\/index.php?rest_route=\/wp\/v2\/users\/1"}],"replies":[{"embeddable":true,"href":"https:\/\/dekkbi.com\/index.php?rest_route=%2Fwp%2Fv2%2Fcomments&post=51354"}],"version-history":[{"count":3,"href":"https:\/\/dekkbi.com\/index.php?rest_route=\/wp\/v2\/posts\/51354\/revisions"}],"predecessor-version":[{"id":51367,"href":"https:\/\/dekkbi.com\/index.php?rest_route=\/wp\/v2\/posts\/51354\/revisions\/51367"}],"wp:featuredmedia":[{"embeddable":true,"href":"https:\/\/dekkbi.com\/index.php?rest_route=\/wp\/v2\/media\/30949"}],"wp:attachment":[{"href":"https:\/\/dekkbi.com\/index.php?rest_route=%2Fwp%2Fv2%2Fmedia&parent=51354"}],"wp:term":[{"taxonomy":"category","embeddable":true,"href":"https:\/\/dekkbi.com\/index.php?rest_route=%2Fwp%2Fv2%2Fcategories&post=51354"},{"taxonomy":"post_tag","embeddable":true,"href":"https:\/\/dekkbi.com\/index.php?rest_route=%2Fwp%2Fv2%2Ftags&post=51354"}],"curies":[{"name":"wp","href":"https:\/\/api.w.org\/{rel}","templated":true}]}}