{"id":51336,"date":"2025-01-29T10:33:32","date_gmt":"2025-01-29T10:33:32","guid":{"rendered":"https:\/\/dekkbi.com\/?p=51336"},"modified":"2025-01-29T10:33:33","modified_gmt":"2025-01-29T10:33:33","slug":"migration-circulaire-espagne-senegal-entre-espoir-et-chaos-organisationnel","status":"publish","type":"post","link":"https:\/\/dekkbi.com\/?p=51336","title":{"rendered":"Migration Circulaire Espagne-S\u00e9n\u00e9gal: entre espoir et chaos organisationnel"},"content":{"rendered":"\n<p>Le programme de migration Circulaire Espagne-S\u00e9n\u00e9gal, lanc\u00e9 le 23 janvier 2025, suscite \u00e0 la fois espoir et frustration. Con\u00e7u pour offrir \u00e0 des S\u00e9n\u00e9galais des opportunit\u00e9s de travail saisonnier en Espagne tout en garantissant leurs droits, ce projet ambitieux initi\u00e9 par le Minist\u00e8re de l\u2019Int\u00e9gration africaine et des Affaires \u00e9trang\u00e8res constitue une avanc\u00e9e significative dans la gestion de la migration l\u00e9gale. Cependant, les dysfonctionnements observ\u00e9s lors de son lancement risquent d\u2019\u00e9clipser son potentiel.<\/p>\n\n\n\n<p>Ce programme marque une nouvelle \u00e8re pour la jeunesse s\u00e9n\u00e9galaise, confront\u00e9e \u00e0 un march\u00e9 de l\u2019emploi local souvent satur\u00e9. Il ouvre des perspectives de valorisation professionnelle \u00e0 l\u2019international et promet d\u2019am\u00e9liorer les conditions de vie des b\u00e9n\u00e9ficiaires gr\u00e2ce \u00e0 des revenus suppl\u00e9mentaires.<\/p>\n\n\n\n<p>Toutefois, cette initiative, pourtant louable, a rapidement \u00e9t\u00e9 entach\u00e9e par des difficult\u00e9s organisationnelles, r\u00e9v\u00e9lant des lacunes structurelles et administratives qui ternissent son image.<\/p>\n\n\n\n<p>Les premi\u00e8res phases de candidature ont donn\u00e9 lieu \u00e0 des sc\u00e8nes de chaos. Des files d\u2019attente interminables ont envahi les tribunaux, o\u00f9 les candidats se pressaient pour obtenir leurs casiers judiciaires. Une situation similaire a \u00e9t\u00e9 observ\u00e9e dans les Bureaux d\u2019Accueil, d\u2019Orientation et de Suivi (BAOS), d\u00e9bord\u00e9s par l\u2019afflux massif de postulants.<\/p>\n\n\n\n<p>Ces sc\u00e8nes, largement relay\u00e9es sur les r\u00e9seaux sociaux, ont aliment\u00e9 des critiques acerbes sur la gestion du programme. \u00c0 l\u2019heure o\u00f9 la digitalisation est cens\u00e9e \u00eatre un pilier des politiques publiques, ces images renvoient un signal inqui\u00e9tant sur l\u2019\u00e9tat de la modernisation administrative au S\u00e9n\u00e9gal.<\/p>\n\n\n\n<p>Face \u00e0 cette situation, le Collectif des organisations de la soci\u00e9t\u00e9 civile pour des proc\u00e9dures de visa justes et \u00e9quitables a interpell\u00e9 l\u2019\u00c9tat s\u00e9n\u00e9galais. Dans une d\u00e9claration publique, il a recommand\u00e9 une r\u00e9forme urgente du processus, ax\u00e9e sur la digitalisation et une transparence accrue.<\/p>\n\n\n\n<p>La cr\u00e9ation d\u2019une plateforme num\u00e9rique pour le d\u00e9p\u00f4t des candidatures et le suivi des dossiers en temps r\u00e9el.<br>Des sessions d\u2019information pour mieux orienter les candidats.<br>Une assistance technique pour ceux qui rencontrent des difficult\u00e9s avec les outils num\u00e9riques.<br>Un processus de s\u00e9lection \u00e0 plusieurs niveaux (d\u00e9partemental, r\u00e9gional et national) pour garantir une meilleure \u00e9quit\u00e9.<br>Une publication claire des r\u00e9sultats pour dissiper tout soup\u00e7on de favoritisme.<br>Ces r\u00e9formes permettraient de fluidifier le processus et de r\u00e9duire les frustrations des candidats tout en renfor\u00e7ant la cr\u00e9dibilit\u00e9 du programme.<\/p>\n\n\n\n<p>Au-del\u00e0 des ajustements n\u00e9cessaires, ce programme repr\u00e9sente une opportunit\u00e9 pour le S\u00e9n\u00e9gal de s\u2019imposer comme un mod\u00e8le de gestion de la migration circulaire. Mais pour y parvenir, une meilleure coordination entre les diff\u00e9rents minist\u00e8res, sous l\u2019\u00e9gide du Minist\u00e8re du Travail et du Comit\u00e9 Interminist\u00e9riel de Lutte contre l\u2019\u00c9migration Irr\u00e9guli\u00e8re (CILMI), est indispensable.<\/p>\n\n\n\n<p>De plus, une collaboration \u00e9troite avec la soci\u00e9t\u00e9 civile pourrait enrichir le programme en apportant des perspectives diversifi\u00e9es et des solutions pratiques aux probl\u00e8mes rencontr\u00e9s.<\/p>\n\n\n\n<p>Le programme de Migration Circulaire Espagne-S\u00e9n\u00e9gal est une chance pour de nombreux jeunes, mais il symbolise aussi un d\u00e9fi de gouvernance pour l\u2019\u00c9tat s\u00e9n\u00e9galais. R\u00e9ussir sa mise en \u0153uvre pourrait non seulement am\u00e9liorer les conditions de vie des b\u00e9n\u00e9ficiaires, mais aussi renforcer l\u2019image du S\u00e9n\u00e9gal sur la sc\u00e8ne internationale en mati\u00e8re de gestion&nbsp;migratoire.<\/p>\n","protected":false},"excerpt":{"rendered":"<p>Le programme de migration Circulaire Espagne-S\u00e9n\u00e9gal, lanc\u00e9 le 23 janvier 2025, suscite \u00e0 la fois espoir et frustration. Con\u00e7u pour<\/p>\n","protected":false},"author":1,"featured_media":51337,"comment_status":"open","ping_status":"open","sticky":false,"template":"","format":"standard","meta":{"footnotes":""},"categories":[3],"tags":[],"class_list":["post-51336","post","type-post","status-publish","format-standard","has-post-thumbnail","hentry","category-event-more-news"],"_links":{"self":[{"href":"https:\/\/dekkbi.com\/index.php?rest_route=\/wp\/v2\/posts\/51336","targetHints":{"allow":["GET"]}}],"collection":[{"href":"https:\/\/dekkbi.com\/index.php?rest_route=\/wp\/v2\/posts"}],"about":[{"href":"https:\/\/dekkbi.com\/index.php?rest_route=\/wp\/v2\/types\/post"}],"author":[{"embeddable":true,"href":"https:\/\/dekkbi.com\/index.php?rest_route=\/wp\/v2\/users\/1"}],"replies":[{"embeddable":true,"href":"https:\/\/dekkbi.com\/index.php?rest_route=%2Fwp%2Fv2%2Fcomments&post=51336"}],"version-history":[{"count":1,"href":"https:\/\/dekkbi.com\/index.php?rest_route=\/wp\/v2\/posts\/51336\/revisions"}],"predecessor-version":[{"id":51338,"href":"https:\/\/dekkbi.com\/index.php?rest_route=\/wp\/v2\/posts\/51336\/revisions\/51338"}],"wp:featuredmedia":[{"embeddable":true,"href":"https:\/\/dekkbi.com\/index.php?rest_route=\/wp\/v2\/media\/51337"}],"wp:attachment":[{"href":"https:\/\/dekkbi.com\/index.php?rest_route=%2Fwp%2Fv2%2Fmedia&parent=51336"}],"wp:term":[{"taxonomy":"category","embeddable":true,"href":"https:\/\/dekkbi.com\/index.php?rest_route=%2Fwp%2Fv2%2Fcategories&post=51336"},{"taxonomy":"post_tag","embeddable":true,"href":"https:\/\/dekkbi.com\/index.php?rest_route=%2Fwp%2Fv2%2Ftags&post=51336"}],"curies":[{"name":"wp","href":"https:\/\/api.w.org\/{rel}","templated":true}]}}