{"id":51333,"date":"2025-01-29T10:25:25","date_gmt":"2025-01-29T10:25:25","guid":{"rendered":"https:\/\/dekkbi.com\/?p=51333"},"modified":"2025-01-29T10:25:26","modified_gmt":"2025-01-29T10:25:26","slug":"saima-sayed-ambassadeur-du-pakistan-a-dakar-nous-souhaitons-louverture-dune-ambassade-du-senegal-a-islamabad","status":"publish","type":"post","link":"https:\/\/dekkbi.com\/?p=51333","title":{"rendered":"Saima Sayed, ambassadeur du Pakistan \u00e0 Dakar: \u00abNous souhaitons l\u2019ouverture d\u2019une ambassade du S\u00e9n\u00e9gal \u00e0 Islamabad\u00bb"},"content":{"rendered":"\n<p><strong>La diplomate pakistanaise en poste \u00e0 Dakar, Madame Saima Sayed, a proc\u00e9d\u00e9 hier, mardi 28 janvier 2025, au lancement des c\u00e9l\u00e9brations marquant le 65\u1d49 anniversaire des relations bilat\u00e9rales entre le Pakistan et le S\u00e9n\u00e9gal, ainsi qu\u2019\u00e0 la pr\u00e9sentation officielle du logo con\u00e7u pour l\u2019occasion. Lors de ce lancement, l\u2019ambassadeur Saima Sayed a exprim\u00e9 le souhait de son pays de voir le S\u00e9n\u00e9gal ouvrir une repr\u00e9sentation diplomatique \u00e0 Islamabad, capitale du Pakistan.<\/strong><\/p>\n\n\n\n<p>La c\u00e9l\u00e9bration de cet anniversaire s\u2019est tenue en pr\u00e9sence de plusieurs repr\u00e9sentants des missions diplomatiques accr\u00e9dit\u00e9es \u00e0 Dakar, ainsi que de l\u2019ambassadeur s\u00e9n\u00e9galais, Ousmane Diop. Lors de cette c\u00e9r\u00e9monie, Saima Sayed a soulign\u00e9 l\u2019importance des relations fraternelles \u00e9tablies entre les deux nations depuis l\u2019ind\u00e9pendance du S\u00e9n\u00e9gal en 1960.&nbsp;<strong>&nbsp;<\/strong>\u00abNous aspirons \u00e0 l\u2019ouverture d\u2019une ambassade du S\u00e9n\u00e9gal \u00e0 Islamabad pour consolider cette coop\u00e9ration exemplaire, source de nombreuses r\u00e9ussites \u00bb, a-t-elle d\u00e9clar\u00e9.<\/p>\n\n\n\n<p>En s\u2019adressant aux invit\u00e9s, l\u2019ambassadeur du Pakistan a affirm\u00e9 que son pays consid\u00e8re le S\u00e9n\u00e9gal comme un acteur de premier plan en Afrique de l\u2019Ouest, notamment en raison de son r\u00f4le pr\u00e9pond\u00e9rant au sein de la Communaut\u00e9 \u00e9conomique des \u00c9tats de l\u2019Afrique de l\u2019Ouest (CEDEAO) et de l\u2019Union africaine (UA). Elle a \u00e9galement mis en exergue les nombreux jalons qui t\u00e9moignent de la solidit\u00e9 de leurs relations bilat\u00e9rales au cours des 65 derni\u00e8res ann\u00e9es : un soutien mutuel dans les instances multilat\u00e9rales, une participation accrue aux foires commerciales organis\u00e9es dans leurs pays respectifs, des exportations r\u00e9guli\u00e8res de riz pakistanais vers le S\u00e9n\u00e9gal, des programmes de formation \u00e0 l\u2019intention des diplomates et du personnel militaire s\u00e9n\u00e9galais, des partenariats entre \u00e9tablissements d\u2019enseignement et un engagement commun en faveur de la paix.<\/p>\n\n\n\n<p>Dans son discours, Madame Sayed a pr\u00e9cis\u00e9 que le Pakistan et le S\u00e9n\u00e9gal ont d\u00e9velopp\u00e9 des partenariats dans divers secteurs, notamment le riz, les produits pharmaceutiques, les textiles, les articles de sport et les machines agricoles. Elle a \u00e9galement \u00e9voqu\u00e9 cette ann\u00e9e charni\u00e8re comme une opportunit\u00e9 d\u2019intensifier les \u00e9changes entre les populations et les gouvernements des deux pays, en renfor\u00e7ant les liens dans de nombreux domaines : commerce, science, technologie, textile, agriculture, mais aussi entre femmes, jeunes, entrepreneurs, journalistes, scientifiques et \u00e9ducateurs.<\/p>\n\n\n\n<p>Prenant la parole \u00e0 son tour, l\u2019ambassadeur s\u00e9n\u00e9galais, Ousmane Diop, a, au nom du gouvernement du S\u00e9n\u00e9gal, salu\u00e9 l\u2019exemplarit\u00e9 d\u2019une amiti\u00e9 vieille de 65 ans. Il a \u00e9galement r\u00e9affirm\u00e9 l\u2019engagement de son pays \u00e0 consolider davantage la coop\u00e9ration bilat\u00e9rale dans les secteurs cl\u00e9s. Il a rappel\u00e9, \u00e0 ce titre, que le S\u00e9n\u00e9gal, grand consommateur de riz, fait du Pakistan l\u2019un de ses principaux partenaires commerciaux, tout en envisageant un renforcement des \u00e9changes dans d\u2019autres domaines strat\u00e9giques.<\/p>\n\n\n\n<p><strong>JEAN PIERRE MALOU<\/strong><br>SUDQUOTIDIEN<\/p>\n","protected":false},"excerpt":{"rendered":"<p>La diplomate pakistanaise en poste \u00e0 Dakar, Madame Saima Sayed, a proc\u00e9d\u00e9 hier, mardi 28 janvier 2025, au lancement des<\/p>\n","protected":false},"author":1,"featured_media":51334,"comment_status":"open","ping_status":"open","sticky":false,"template":"","format":"standard","meta":{"footnotes":""},"categories":[3],"tags":[],"class_list":["post-51333","post","type-post","status-publish","format-standard","has-post-thumbnail","hentry","category-event-more-news"],"_links":{"self":[{"href":"https:\/\/dekkbi.com\/index.php?rest_route=\/wp\/v2\/posts\/51333","targetHints":{"allow":["GET"]}}],"collection":[{"href":"https:\/\/dekkbi.com\/index.php?rest_route=\/wp\/v2\/posts"}],"about":[{"href":"https:\/\/dekkbi.com\/index.php?rest_route=\/wp\/v2\/types\/post"}],"author":[{"embeddable":true,"href":"https:\/\/dekkbi.com\/index.php?rest_route=\/wp\/v2\/users\/1"}],"replies":[{"embeddable":true,"href":"https:\/\/dekkbi.com\/index.php?rest_route=%2Fwp%2Fv2%2Fcomments&post=51333"}],"version-history":[{"count":1,"href":"https:\/\/dekkbi.com\/index.php?rest_route=\/wp\/v2\/posts\/51333\/revisions"}],"predecessor-version":[{"id":51335,"href":"https:\/\/dekkbi.com\/index.php?rest_route=\/wp\/v2\/posts\/51333\/revisions\/51335"}],"wp:featuredmedia":[{"embeddable":true,"href":"https:\/\/dekkbi.com\/index.php?rest_route=\/wp\/v2\/media\/51334"}],"wp:attachment":[{"href":"https:\/\/dekkbi.com\/index.php?rest_route=%2Fwp%2Fv2%2Fmedia&parent=51333"}],"wp:term":[{"taxonomy":"category","embeddable":true,"href":"https:\/\/dekkbi.com\/index.php?rest_route=%2Fwp%2Fv2%2Fcategories&post=51333"},{"taxonomy":"post_tag","embeddable":true,"href":"https:\/\/dekkbi.com\/index.php?rest_route=%2Fwp%2Fv2%2Ftags&post=51333"}],"curies":[{"name":"wp","href":"https:\/\/api.w.org\/{rel}","templated":true}]}}