{"id":5132,"date":"2022-12-22T11:32:59","date_gmt":"2022-12-22T11:32:59","guid":{"rendered":"https:\/\/dekkbi.com\/?p=5132"},"modified":"2022-12-22T11:33:00","modified_gmt":"2022-12-22T11:33:00","slug":"affaire-des-46-soldats-ivoiriens-une-delegation-ministerielle-ivoirienne-est-arrivee-a-bamako","status":"publish","type":"post","link":"https:\/\/dekkbi.com\/?p=5132","title":{"rendered":"Affaire des 46 soldats ivoiriens: une d\u00e9l\u00e9gation minist\u00e9rielle ivoirienne est arriv\u00e9e \u00e0 Bamako"},"content":{"rendered":"\n<p><a rel=\"noreferrer noopener\" href=\"https:\/\/www.facebook.com\/dialog\/share?app_id=113191652055439&amp;href=https%3A%2F%2Frfi.my%2F90cc.F&amp;redirect_uri=https%3A%2F%2Fwww.rfi.fr%2Ffr%2Fafrique%2F20221222-affaire-des-46-soldats-ivoiriens-une-d%25C3%25A9l%25C3%25A9gation-minist%25C3%25A9rielle-ivoirienne-%25C3%25A0-bamako-ce-jeudi&amp;locale=fr_FR\" target=\"_blank\"><\/a><a rel=\"noreferrer noopener\" href=\"https:\/\/twitter.com\/intent\/tweet?url=https%3A%2F%2Frfi.my%2F90cc.T&amp;via=RFI&amp;related=rfi&amp;text=Affaire%20des%2046%20soldats%20ivoiriens%3A%20une%20d%C3%A9l%C3%A9gation%20minist%C3%A9rielle%20ivoirienne%20est%20arriv%C3%A9e%20%C3%A0%20Bamako&amp;lang=fr\" target=\"_blank\"><\/a><a rel=\"noreferrer noopener\" href=\"https:\/\/web.whatsapp.com\/send?text=Affaire%20des%2046%20soldats%20ivoiriens%3A%20une%20d%C3%A9l%C3%A9gation%20minist%C3%A9rielle%20ivoirienne%20est%20arriv%C3%A9e%20%C3%A0%20Bamako%20-%20https%3A%2F%2Frfi.my%2F90cc.W\" target=\"_blank\"><\/a>Une d\u00e9l\u00e9gation ivoirienne a atterri ce jeudi 22 d\u00e9cembre \u00e0 Bamako pour rencontrer les autorit\u00e9s maliennes et discuter de l\u2019affaire des 46 soldats ivoiriens d\u00e9tenus dans le pays. Ce sera une nouvelle fois sous la m\u00e9diation togolaise.<\/p>\n\n\n\n<p><\/p>\n\n\n\n<p><em>Avec notre correspondant dans la r\u00e9gion,\u00a0<\/em><strong>Serge Daniel<\/strong> &#8211; RFI<\/p>\n\n\n\n<p>C\u2019est le ministre d\u2019\u00c9tat charg\u00e9 de la D\u00e9fense, T\u00e9n\u00e9 Birahima Ouattara, qui conduit la d\u00e9l\u00e9gation ivoirienne. Elle comprend \u00e9galement au moins un autre ministre ivoirien ainsi qu\u2019un proche collaborateur du pr\u00e9sident, Alassane Ouattara.<\/p>\n\n\n\n<p><strong>Robert Dussey, ministre togolais des Affaires \u00e9trang\u00e8res<\/strong>, est \u00e9galement attendu \u00e0 Bamako ce jeudi. Le Togo assure la m\u00e9diation dans l\u2019affaire des 46 militaires ivoiriens d\u00e9tenus dans la capitale malienne depuis cinq mois. D\u2019apr\u00e8s nos informations, la m\u00e9diation togolaise pourrait proposer aux deux parties une reformulation d\u2019un protocole d\u2019accord dans le cadre de la lib\u00e9ration des militaires ivoiriens.<\/p>\n\n\n\n<p><strong>Rencontre avec Assimi Go\u00efta<\/strong><\/p>\n\n\n\n<p>Mais cette visite devrait surtout permettre aux officiels ivoiriens et maliens de se parler directement pour faire avancer le dossier. C\u2019est ce qui a manqu\u00e9, reconnait un haut fonctionnaire de Bamako.<\/p>\n\n\n\n<p>Une visite de la d\u00e9l\u00e9gation ivoirienne au pr\u00e9sident de la transition malienne, le colonel Assimi Go\u00efta, est annonc\u00e9e. Toujours d\u2019apr\u00e8s nos informations, il n\u2019est pas du tout exclu que Bamako accepte que ses h\u00f4tes rendent \u00e9galement visite aux 46 militaires ivoiriens d\u00e9tenus.<\/p>\n","protected":false},"excerpt":{"rendered":"<p>Une d\u00e9l\u00e9gation ivoirienne a atterri ce jeudi 22 d\u00e9cembre \u00e0 Bamako pour rencontrer les autorit\u00e9s maliennes et discuter de l\u2019affaire<\/p>\n","protected":false},"author":1,"featured_media":5134,"comment_status":"open","ping_status":"open","sticky":false,"template":"","format":"standard","meta":{"footnotes":""},"categories":[26],"tags":[],"class_list":["post-5132","post","type-post","status-publish","format-standard","has-post-thumbnail","hentry","category-fait-divers"],"_links":{"self":[{"href":"https:\/\/dekkbi.com\/index.php?rest_route=\/wp\/v2\/posts\/5132","targetHints":{"allow":["GET"]}}],"collection":[{"href":"https:\/\/dekkbi.com\/index.php?rest_route=\/wp\/v2\/posts"}],"about":[{"href":"https:\/\/dekkbi.com\/index.php?rest_route=\/wp\/v2\/types\/post"}],"author":[{"embeddable":true,"href":"https:\/\/dekkbi.com\/index.php?rest_route=\/wp\/v2\/users\/1"}],"replies":[{"embeddable":true,"href":"https:\/\/dekkbi.com\/index.php?rest_route=%2Fwp%2Fv2%2Fcomments&post=5132"}],"version-history":[{"count":1,"href":"https:\/\/dekkbi.com\/index.php?rest_route=\/wp\/v2\/posts\/5132\/revisions"}],"predecessor-version":[{"id":5135,"href":"https:\/\/dekkbi.com\/index.php?rest_route=\/wp\/v2\/posts\/5132\/revisions\/5135"}],"wp:featuredmedia":[{"embeddable":true,"href":"https:\/\/dekkbi.com\/index.php?rest_route=\/wp\/v2\/media\/5134"}],"wp:attachment":[{"href":"https:\/\/dekkbi.com\/index.php?rest_route=%2Fwp%2Fv2%2Fmedia&parent=5132"}],"wp:term":[{"taxonomy":"category","embeddable":true,"href":"https:\/\/dekkbi.com\/index.php?rest_route=%2Fwp%2Fv2%2Fcategories&post=5132"},{"taxonomy":"post_tag","embeddable":true,"href":"https:\/\/dekkbi.com\/index.php?rest_route=%2Fwp%2Fv2%2Ftags&post=5132"}],"curies":[{"name":"wp","href":"https:\/\/api.w.org\/{rel}","templated":true}]}}