{"id":51278,"date":"2025-01-28T11:50:13","date_gmt":"2025-01-28T11:50:13","guid":{"rendered":"https:\/\/dekkbi.com\/?p=51278"},"modified":"2025-01-28T11:56:43","modified_gmt":"2025-01-28T11:56:43","slug":"legs-du-pere-de-lindependance-mamadou-dia-ressuscite-a-douta-seck","status":"publish","type":"post","link":"https:\/\/dekkbi.com\/?p=51278","title":{"rendered":"LEGS DU P\u00c8RE DE L\u2019IND\u00c9PENDANCE &#8211; Mamadou Dia ressuscit\u00e9 \u00e0 Douta Seck\u00a0"},"content":{"rendered":"\n<p><em><strong>Dans le cadre du lancement des Grandes conf\u00e9rences de Douta Seck, un panel intitul\u00e9 \u2018\u2019Mamadou Dia, un engagement pour l\u2019ind\u00e9pendance et le d\u00e9veloppement du S\u00e9n\u00e9gal\u2019\u2019 a \u00e9t\u00e9 organis\u00e9 pour rendre hommage \u00e0 cette grande figure de la politique s\u00e9n\u00e9galaise. Haute repr\u00e9sentante du pr\u00e9sident de la R\u00e9publique Diomaye Faye, Mimi Tour\u00e9 a d\u00e9montr\u00e9 l&rsquo;importance de l\u2019h\u00e9ritage de M. Dia pour le d\u00e9veloppement du pays. Pour sa part, le coordonnateur national du Mouvement pour le socialisme et l&rsquo;unit\u00e9 (MSU), cr\u00e9\u00e9 par le p\u00e8re de l\u2019ind\u00e9pendance, consid\u00e8re que les nouvelles g\u00e9n\u00e9rations politiques se sont appropri\u00e9 le legs de Mamadou Dia.<\/strong><\/em><\/p>\n\n\n\n<p>\u2018\u2019Mamadou Dia, un engagement pour l\u2019ind\u00e9pendance et le d\u00e9veloppement du S\u00e9n\u00e9gal\u2019\u2019. C\u2019est le th\u00e8me du panel organis\u00e9 ce samedi par la directrice de la maison de la culture Douta Seck, Aby Faye, rendant hommage \u00e0 celui qu\u2019on appelle le \u2018\u2019p\u00e8re de l\u2019ind\u00e9pendance\u2019\u2019, d\u00e9c\u00e9d\u00e9 le 25 janvier 2009. \u00c0 cette occasion, la Haute repr\u00e9sentante du pr\u00e9sident de la R\u00e9publique Diomaye Faye, Aminata Tour\u00e9, a \u00e9voqu\u00e9 ce qu\u2019il faut apprendre du pr\u00e9sident du Conseil du S\u00e9n\u00e9gal.<\/p>\n\n\n\n<p>\u2018\u2019J&rsquo;ai parl\u00e9 du souverainisme, d&rsquo;un S\u00e9n\u00e9gal juste, souverain et prosp\u00e8re. C&rsquo;est aussi la pens\u00e9e de Mamadou Dia. En parlant de justice, il consid\u00e9rait que le monde rural, tr\u00e8s en retard, doit \u00eatre au centre des pr\u00e9occupations. D&rsquo;abord, c&rsquo;est l\u00e0 o\u00f9 vit et travaille l&rsquo;essentiel de nos compatriotes. Et aujourd&rsquo;hui, en 2025, vous avez encore des contr\u00e9es qui n&rsquo;ont ni eau, ni \u00e9lectricit\u00e9, ni poste de sant\u00e9, etc. \u00c7a, c&rsquo;\u00e9tait sa pr\u00e9occupation. Et si on a une le\u00e7on \u00e0 apprendre, en tout cas, moi, je consid\u00e8re que nous devons vraiment r\u00e9inventer le d\u00e9veloppement communautaire \u00e0 la base, dans les quartiers et dans les villages\u2019\u2019, a d\u00e9clar\u00e9 l\u2019ancienne Premi\u00e8re ministre.<\/p>\n\n\n\n<p>Ainsi, en termes d&rsquo;acc\u00e8s \u00e0 la sant\u00e9, \u00e0 l&rsquo;\u00e9ducation, \u00e0 la formation et \u00e0 l&rsquo;entrepreneuriat, elle note que l&rsquo;\u00c9tat doit pouvoir mettre en place des m\u00e9canismes, non seulement d&rsquo;investissement direct dans la communaut\u00e9, mais \u00e9galement des m\u00e9canismes de contr\u00f4le. \u2018\u2019\u00c7a me para\u00eet \u00eatre la voie pour \u00e9manciper nos populations de l&rsquo;extr\u00eame pauvret\u00e9 dans laquelle certains se trouvent toujours. Et pas seulement dans le rural, mais aussi dans nos grandes banlieues. Il faut que nos \u00e9conomies de quartier revivent. Il faut que les formations descendent dans les quartiers. Il faut que la culture descende dans les quartiers. En tout cas, moi, je suis toujours une grande militante de la pens\u00e9e rurale parce que les gens vivent dans des communaut\u00e9s. Vous avez des communes o\u00f9 vous avez 80 quartiers\u2019\u2019, a ajout\u00e9 Mimi Tour\u00e9.<\/p>\n\n\n\n<p>Elle souligne aussi l\u2019importance de mobiliser davantage l&rsquo;engagement populaire. \u2018\u2019On a besoin d&rsquo;engagement populaire. L&rsquo;\u00c9tat ne peut pas tout faire. Il faut regarder les exp\u00e9riences dans les autres pays. En 1970, la production nationale brute du Nigeria \u00e9tait sup\u00e9rieure \u00e0 celle de la Cor\u00e9e du Sud. Regardez aujourd&rsquo;hui la Cor\u00e9e du Sud. C&rsquo;est vrai qu&rsquo;il y a eu des dirigeants avant-gardistes, mais surtout, la population a \u00e9t\u00e9 mise au travail. Mais pour avoir la volont\u00e9 de se mettre au travail, il faut que vous voyiez les r\u00e9sultats dans votre quartier et dans votre village\u2019\u2019, a-t-elle soutenu.<\/p>\n\n\n\n<p>Parlant de la coop\u00e9rative paysanne, Mme Tour\u00e9 souligne que c\u2019est la somme du travail individuel de chacun. \u2018\u2019Les paysans, pris individuellement, n&rsquo;ont pas suffisamment de force pour aller louer un tracteur, acc\u00e9der aux semences ou aux engrais. Donc, en mettant leurs forces ensemble, on peut d\u00e9velopper et moderniser davantage notre agriculture, et c&rsquo;est de \u00e7a sa pens\u00e9e en r\u00e9alit\u00e9\u2019\u2019, a indiqu\u00e9 Mimi Tour\u00e9.<\/p>\n\n\n\n<p><strong>\u2018\u2019Sa pens\u00e9e devrait \u00eatre enseign\u00e9e\u2026\u2019\u2019<\/strong><\/p>\n\n\n\n<p>Par rapport \u00e0 l&rsquo;importance de laisser un legs comme l\u2019a fait Mamadou Dia, elle d\u00e9clare : \u2018\u2019Il faut un partage des connaissances et de l&rsquo;engagement interg\u00e9n\u00e9rationnel, parce que le S\u00e9n\u00e9gal est \u00e9ternel. On parlera de nous dans les m\u00eames termes dans 50, 60 ans\u2026\u2019\u2019<\/p>\n\n\n\n<p>D\u2019ailleurs, Mimi demande qu\u2019on enseigne la pens\u00e9e de Mamadou Dia. \u2018\u2019Il faudrait que sa pens\u00e9e soit r\u00e9habilit\u00e9e, qu&rsquo;elle soit enseign\u00e9e et que les jeunes comprennent aussi que c&rsquo;est le travail et la pens\u00e9e cumulative de plusieurs g\u00e9n\u00e9rations qui pourront avancer le S\u00e9n\u00e9gal\u2019\u2019, a-t-elle invit\u00e9. Elle consid\u00e8re que sa pens\u00e9e devrait \u00eatre enseign\u00e9e beaucoup plus dans des institutions comme l\u2019ESEA, dont il est aussi le concepteur. Pour elle, il faut \u00e9galement revoir ses th\u00e9ories sur les coop\u00e9ratives et analyser pourquoi il y a eu des \u00e9checs afin d&rsquo;\u00e9viter de reproduire les m\u00eames erreurs.<\/p>\n\n\n\n<p>Par ailleurs, Mimi Tour\u00e9 a renseign\u00e9 qu\u2019elle est une ancienne militante de Mamadou Dia, soulignant qu\u2019elle a \u00e9t\u00e9 militante du Mouvement pour le socialisme et l&rsquo;unit\u00e9 (MSU). \u2018\u2019Tr\u00e8s jeune, j&rsquo;ai connu le pr\u00e9sident Mamadou Dia et j&rsquo;ai b\u00e9n\u00e9fici\u00e9 de son exp\u00e9rience, de sa formation. Donc, je peux dire que je suis aussi quelque part un produit du pr\u00e9sident Mamadou Dia, qui est \u00e9videmment un grand homme qui a consacr\u00e9 sa vie \u00e0 l&rsquo;\u00e9mancipation du S\u00e9n\u00e9gal dans le contexte qui \u00e9tait le sien. Mais je consid\u00e8re qu&rsquo;on peut le reconna\u00eetre comme un tr\u00e8s grand patriote\u2019\u2019, a-t-elle ajout\u00e9.<\/p>\n\n\n\n<p>Poursuivant, elle a r\u00e9v\u00e9l\u00e9 avoir une relation un peu personnelle avec lui. \u2018\u2019Mon p\u00e8re, qui \u00e9tait m\u00e9decin-chef de la r\u00e9gion de Tambacounda, a \u00e9t\u00e9 son m\u00e9decin pendant qu&rsquo;il \u00e9tait en prison \u00e0 K\u00e9dougou et moi, j&rsquo;\u00e9tais bien s\u00fbr assez jeune. Donc, je suis venue avec beaucoup d&rsquo;\u00e9motions pour me rappeler de ce grand Maodo\u2019\u2019.<\/p>\n\n\n\n<p>A signaler que d&rsquo;\u00e9minents historiens, anthropologues, anciens ambassadeurs et personnalit\u00e9s politiques ont anim\u00e9 ce panel consacr\u00e9 \u00e0 la personnalit\u00e9 de Mamadou Dia : l\u2019historien Dr Adama Baytir Diop, Dr Ibrahima D\u00e8me, charg\u00e9 d\u2019\u00e9tudes, et le d\u00e9put\u00e9 Alla Kane.<\/p>\n\n\n\n<p>&#8212;&#8212;&#8212;&#8212;&#8212;&#8212;&#8212;&#8212;&#8212;&#8212;&#8212;&#8212;&#8212;&#8212;&#8212;&#8212;&#8212;&#8212;&#8212;&#8212;&#8212;&#8212;&#8212;&#8212;&#8212;&#8212;&#8212;&#8212;&#8212;&#8212;&#8212;&#8212;&#8212;&#8212;&#8212;&#8212;&#8212;&#8212;&#8212;&#8212;&#8212;&#8212;&#8212;&#8212;&#8212;&#8212;&#8212;&#8212;&#8212;&#8212;<\/p>\n\n\n\n<h3 class=\"wp-block-heading\">ALLA KANE SUR MAMADOU DIA ET L&rsquo;UNION PROGRESSISTE S\u00c9N\u00c9GALAISE<\/h3>\n\n\n\n<p><strong>\u2018\u2019Comment Senghor a fini par l&#8217;emporter\u2019\u2019<\/strong><\/p>\n\n\n\n<p><strong>Revenant sur la divergence entre Mamadou Dia et Senghor, le d\u00e9put\u00e9 Alla Kane a indiqu\u00e9 que l\u2019erreur du p\u00e8re de l\u2019ind\u00e9pendance a \u00e9t\u00e9 de ne pas avoir fond\u00e9 un parti. Alla Kane fait partie de ceux qui ont anim\u00e9 le panel ayant pour th\u00e8me \u2018\u2019Mamadou Dia, un engagement pour l\u2019ind\u00e9pendance et le d\u00e9veloppement du S\u00e9n\u00e9gal\u2019\u2019, organis\u00e9 par la maison de la culture Douta Seck.<\/strong><\/p>\n\n\n\n<p>\u2018\u2019La v\u00e9rit\u00e9 est que l&rsquo;Union progressiste s\u00e9n\u00e9galaise n&rsquo;\u00e9tait pas un parti de Mamadou Dia. Il s&rsquo;y \u00e9tait \u00e9gar\u00e9. Son manque d&rsquo;initiative l&rsquo;a \u00e9galement emp\u00each\u00e9 de penser \u00e0 la cr\u00e9ation d&rsquo;un parti national fort, capable d&rsquo;engager la lutte pour l&rsquo;ind\u00e9pendance dans l&rsquo;int\u00e9r\u00eat de la bourgeoisie nationale\u2019\u2019, a soutenu le d\u00e9put\u00e9 Alla Kane lors du panel sur le th\u00e8me \u2018\u2019Mamadou Dia, un engagement pour l\u2019ind\u00e9pendance et le d\u00e9veloppement du S\u00e9n\u00e9gal\u2019\u2019.<\/p>\n\n\n\n<p>\u2018\u2019L&rsquo;UPS \u00e9tait le parti de la bourgeoisie install\u00e9e, soutenu par la France pour d\u00e9fendre ses int\u00e9r\u00eats, sous la pression de L\u00e9opold S\u00e9dar Senghor, qui pr\u00e9sentait toutes les garanties. Il a donc \u00e9t\u00e9 le premier homme et Senghor \u00e9tait investi de la mission de d\u00e9fendre les int\u00e9r\u00eats de la France en Afrique, en g\u00e9n\u00e9ral, et au S\u00e9n\u00e9gal, en particulier\u2019\u2019, a poursuivi le membre du Bureau ex\u00e9cutif national du mouvement Magi Pastef, soutenant que Mamadou Dia incarnait les int\u00e9r\u00eats de la bourgeoisie nationale.<\/p>\n\n\n\n<p>D&rsquo;apr\u00e8s Alla Kane, Mamadou Dia \u00e9tait investi de la notion historique et politique d&rsquo;organiser et de conduire la lutte de ses classes pour une ind\u00e9pendance r\u00e9elle et la constitution d\u2019un \u00c9tat d\u00e9mocratique. Monsieur Kane d\u00e9montre ainsi les limites du duo Dia-Senghor. \u2018\u2019Leur compagnonnage avait donc n\u00e9cessairement une limite. Et Senghor a fini par l&#8217;emporter, aid\u00e9 en cela par la France et l&rsquo;\u00c9tat n\u00e9ocolonial nouvellement install\u00e9\u2019\u2019.<\/p>\n\n\n\n<p>Alors que Mamadou Dia voulait un \u00c9tat d\u00e9mocratique, \u2018\u2019ni l&rsquo;UPS ni le gouvernement n\u00e9ocolonial n&rsquo;avaient pour objectif la r\u00e9alisation de la r\u00e9volution d\u00e9mocratique\u2019\u2019, selon Kane.<\/p>\n\n\n\n<p>Mais pourquoi parle-t-il d&rsquo;\u00e9chec de Mamadou Dia ? \u2018\u2019Ce qui a malheureusement manqu\u00e9 \u00e0 Mamadou Dia et ce sur quoi il n&rsquo;a pas eu le temps de r\u00e9fl\u00e9chir \u00e0 cause de la lourde responsabilit\u00e9 qui \u00e9tait la sienne, c&rsquo;est la cr\u00e9ation d&rsquo;un parti politique r\u00e9pondant \u00e0 la nature de sa mission\u2019\u2019, a dit Alla Kane. Une absence d&rsquo;un parti bien organis\u00e9, avec un programme clair, des dirigeants et des cadres conscients des enjeux et d\u00e9termin\u00e9s \u00e0 se battre pour la r\u00e9alisation de ce programme.<\/p>\n\n\n\n<p>\u00c0 l\u2019en croire, c\u2019est pour emp\u00eacher la cr\u00e9ation de ce parti que Mamadou Dia a \u00e9t\u00e9 pendant longtemps emprisonn\u00e9. \u2018&rsquo;Ces situations expliquent, dans tous leurs aspects, la longueur de sa d\u00e9tention \u00e0 K\u00e9dougou. S&rsquo;il avait laiss\u00e9, apr\u00e8s son arrestation, un parti de cette nature, celui-ci aurait pu engager, en alliance avec d&rsquo;autres forces politiques et d\u00e9mocratiques, la bataille de mobilisation des masses capables, par de puissantes manifestations. Les manifestations populaires sont, nous le savons, les seules capables de renverser les dictateurs\u2019\u2019, a expliqu\u00e9 l\u2019ancien enseignant.<\/p>\n\n\n\n<p>Aujourd&rsquo;hui, d&rsquo;apr\u00e8s lui, le combat qui s&rsquo;est incarn\u00e9 est d&rsquo;origine politique. Il convient de continuer le combat de Mamadou Dia, en tenant haut le flambeau et en allant \u00e0 l&rsquo;assaut des forces qui bloquent la marche en avant.<\/p>\n\n\n\n<p>Alla Kane invite ainsi ses concitoyens \u00e0 tenir le flambeau, ne comptant que sur les propres forces du pays. \u2018\u2019Le S\u00e9n\u00e9gal ne sera d\u00e9velopp\u00e9 ni par la Banque mondiale, ni par l&rsquo;Union europ\u00e9enne, ni par le Sud, ni par le Br\u00e9sil, ni par la Chine, ni par l&rsquo;Inde, ni par le Japon, ni par la Russie, mais par nous-m\u00eames\u2019\u2019.<\/p>\n\n\n\n<p><strong>Mamadou Diop Decroix&nbsp;: \u2018\u2019Le pr\u00e9sident Mamadou Dia \u00e9tait pour l&rsquo;ind\u00e9pendance du pays.\u2019\u2019<\/strong><\/p>\n\n\n\n<p>Accompagn\u00e9 d\u2019une d\u00e9l\u00e9gation \u00e0 la maison de la Culture Douta Seck, Mamadou Diop Decroix a \u00e9galement tenu \u00e0 participer \u00e0 la comm\u00e9moration de l\u2019anniversaire de d\u00e9c\u00e8s de Mamadou Dia. Il a partag\u00e9 l\u2019avis d\u2019Alla Kane. \u2018\u2019C&rsquo;est quand je me suis int\u00e9ress\u00e9 \u00e0 la politique que j&rsquo;ai compris quelle \u00e9tait la diff\u00e9rence entre le pr\u00e9sident Senghor et le pr\u00e9sident Mamadou Dia. Le pr\u00e9sident Mamadou Dia \u00e9tait pour l&rsquo;ind\u00e9pendance du pays. Il \u00e9tait pour l&rsquo;\u00e9mancipation du peuple. Les Fran\u00e7ais n&rsquo;\u00e9taient pas de cet avis\u2019\u2019, a-t-il dit, soutenant que c&rsquo;est ce qui est \u00e0 la base de leur divorce.<\/p>\n\n\n\n<p>L\u2019une des qualit\u00e9s de Mamadou Dia qu\u2019il a cit\u00e9es est sa capacit\u00e9 \u00e0 pardonner. \u2018\u2019Dia \u00e9tait une valeur \u00e0 retenir. Il \u00e9tait constant dans ses convictions. Il avait une conception assez humaniste de la politique, parce que Senghor l&rsquo;a r\u00e9prim\u00e9, Senghor l&rsquo;a frapp\u00e9, mais il n&rsquo;a jamais retenu cela contre Senghor. Quand il est sorti, il a dit qu&rsquo;il laissait tout tomber. Il n&rsquo;a pas tenu rigueur \u00e0 Senghor de ce qui s&rsquo;est pass\u00e9. \u00c7a aussi, c&rsquo;est de la grandeur\u2019\u2019, a soulign\u00e9 Mamadou Diop Decroix.<\/p>\n\n\n\n<p>Il soutient avoir connu Mamadou Dia \u00e0 l&rsquo;\u00e2ge de 10 ans. Il d\u00e9crit un rapport assez particulier. \u2018\u2019Il venait chez mon grand-p\u00e8re, qui \u00e9tait chef de canton et qui soutenait Senghor et Dia. J&rsquo;\u00e9tais \u00e0 l&rsquo;\u00e9cole primaire. Quelques ann\u00e9es apr\u00e8s, quand j&rsquo;ai eu l&rsquo;entr\u00e9e en sixi\u00e8me, je suis venu au lyc\u00e9e (actuel lyc\u00e9e Lamine Gu\u00e8ye). Et en 1962, quand les militaires sont venus \u00e0 l&rsquo;Assembl\u00e9e nationale pour arr\u00eater les d\u00e9put\u00e9s, moi, j&rsquo;\u00e9tais dans la rue. J&rsquo;\u00e9tais devant l&rsquo;Assembl\u00e9e, au milieu des militaires\u2026 J&rsquo;avais 12 ans\u2019\u2019.<\/p>\n\n\n\n<p><em><strong>BABACAR SY SEYE<\/strong><\/em><\/p>\n\n\n\n<p>ENQUETEPLUS<\/p>\n","protected":false},"excerpt":{"rendered":"<p>Dans le cadre du lancement des Grandes conf\u00e9rences de Douta Seck, un panel intitul\u00e9 \u2018\u2019Mamadou Dia, un engagement pour l\u2019ind\u00e9pendance<\/p>\n","protected":false},"author":1,"featured_media":51280,"comment_status":"open","ping_status":"open","sticky":false,"template":"","format":"standard","meta":{"footnotes":""},"categories":[6],"tags":[],"class_list":["post-51278","post","type-post","status-publish","format-standard","has-post-thumbnail","hentry","category-politics"],"_links":{"self":[{"href":"https:\/\/dekkbi.com\/index.php?rest_route=\/wp\/v2\/posts\/51278","targetHints":{"allow":["GET"]}}],"collection":[{"href":"https:\/\/dekkbi.com\/index.php?rest_route=\/wp\/v2\/posts"}],"about":[{"href":"https:\/\/dekkbi.com\/index.php?rest_route=\/wp\/v2\/types\/post"}],"author":[{"embeddable":true,"href":"https:\/\/dekkbi.com\/index.php?rest_route=\/wp\/v2\/users\/1"}],"replies":[{"embeddable":true,"href":"https:\/\/dekkbi.com\/index.php?rest_route=%2Fwp%2Fv2%2Fcomments&post=51278"}],"version-history":[{"count":1,"href":"https:\/\/dekkbi.com\/index.php?rest_route=\/wp\/v2\/posts\/51278\/revisions"}],"predecessor-version":[{"id":51281,"href":"https:\/\/dekkbi.com\/index.php?rest_route=\/wp\/v2\/posts\/51278\/revisions\/51281"}],"wp:featuredmedia":[{"embeddable":true,"href":"https:\/\/dekkbi.com\/index.php?rest_route=\/wp\/v2\/media\/51280"}],"wp:attachment":[{"href":"https:\/\/dekkbi.com\/index.php?rest_route=%2Fwp%2Fv2%2Fmedia&parent=51278"}],"wp:term":[{"taxonomy":"category","embeddable":true,"href":"https:\/\/dekkbi.com\/index.php?rest_route=%2Fwp%2Fv2%2Fcategories&post=51278"},{"taxonomy":"post_tag","embeddable":true,"href":"https:\/\/dekkbi.com\/index.php?rest_route=%2Fwp%2Fv2%2Ftags&post=51278"}],"curies":[{"name":"wp","href":"https:\/\/api.w.org\/{rel}","templated":true}]}}