{"id":51273,"date":"2025-01-28T11:30:30","date_gmt":"2025-01-28T11:30:30","guid":{"rendered":"https:\/\/dekkbi.com\/?p=51273"},"modified":"2025-01-28T12:19:20","modified_gmt":"2025-01-28T12:19:20","slug":"langues-nationales-a-lassemblee-nationale-dr-abdourahmane-diouf-veut-changer-la-loi","status":"publish","type":"post","link":"https:\/\/dekkbi.com\/?p=51273","title":{"rendered":"Langues nationales \u00e0 l\u2019Assembl\u00e9e nationale : Dr Abdourahmane Diouf veut changer la loi"},"content":{"rendered":"\n<p>Le ministre de l\u2019Ensei\u00adgnement sup\u00e9rieur, de la recherche et de l\u2019innovation, Abdourahmane Diouf, a invit\u00e9 le l\u00e9gislateur \u00e0 se conformer \u00e0 la demande sociale en donnant au fran\u00e7ais et \u00e0 toutes\u00a0autres langues nationales, la m\u00eame valeur \u00e0 l\u2019Assembl\u00e9e nationale. \u00abC\u2019est la soci\u00e9t\u00e9 qui est en avance. Ce que le l\u00e9gislateur, l\u2019Etat, doit faire, c\u2019est de se conformer \u00e0 cette forte demande sociale\u00a0et changer la l\u00e9gislation\u00a0pour que le fran\u00e7ais, le wolof\u00a0et les autres langues nationales\u00a0aient la m\u00eame signification \u00e0 l\u2019Assembl\u00e9e nationale\u00bb, a-t-il dit. <\/p>\n\n\n\n<p>Le ministre participait, jeudi, aux rencontres litt\u00e9raires en wolof \u00abP\u00e9ncum maam Yunus Jen, li xalimay wax\u00bb (l\u2019arbre \u00e0 palabre Mame Younouss Dieng \u2013 Ce que les livres disent), organis\u00e9es \u00e0 la Place du Souvenir africain par l\u2019association Fonk sunuy l\u00e0mmin. Le roman Nitu D\u00e9mb de Cheikh Adram\u00e9 Diakhat\u00e9, son ancien professeur de fran\u00e7ais au lyc\u00e9e Abdoulaye Sadji de Rufisque, a \u00e9t\u00e9 pr\u00e9sent\u00e9 \u00e0 cette occasion. M. Diouf a pris l\u2019exemple de son passage en Commission des lois \u00e0 l\u2019Assembl\u00e9e nationale pour d\u00e9fendre le budget 2024-2025 de son d\u00e9partement o\u00f9, dit-il, il \u00e9tait oblig\u00e9 de parler en wolof vu les circonstances. \u00abCe n\u2019\u00e9tait pas pr\u00e9vu par les textes, mais la demande sociale \u00e9tait telle, y compris dans le milieu parlementaire, que j\u2019\u00e9tais oblig\u00e9 de parler en wolof.\u00a0 D\u2019ailleurs, c\u2019est l\u2019une des r\u00e9formes que nous avons introduites.\u00a0 Maintenant, il y a une interpr\u00e9tation automatique\u00bb, indique le ministre, faisant r\u00e9f\u00e9rence au syst\u00e8me d\u2019interpr\u00e9tation simultan\u00e9e num\u00e9rique introduit \u00e0 l\u2019Assembl\u00e9e nationale du S\u00e9n\u00e9gal depuis le 10 d\u00e9cembre 2014.<\/p>\n\n\n\n<p>Il estime qu\u2019il faut aujourd\u2019hui que les politiques soient au m\u00eame niveau que la soci\u00e9t\u00e9. Abdourahmane Diouf a fait savoir que c\u2019est la deuxi\u00e8me fa\u00e7on de cr\u00e9er du Droit quand la soci\u00e9t\u00e9 elle-m\u00eame l\u2019impulse, et apr\u00e8s, le l\u00e9gislateur s\u2019y adapte. La premi\u00e8re fa\u00e7on, a-t-il rappel\u00e9, c\u2019est lorsqu\u2019on cr\u00e9e une r\u00e8gle de Droit et on demande aux gens, \u00e0 la soci\u00e9t\u00e9, de s\u2019y adapter. \u00abPour la plupart du temps, dans notre pays, c\u2019est ce qu\u2019on a fait, parce qu\u2019on a \u00e9t\u00e9 colonis\u00e9s, on a h\u00e9rit\u00e9 de nos droits. (\u2026) Nous avons import\u00e9 une R\u00e9publique et nous nous conformons \u00e0 ces prescriptions qui viennent d\u2019autres r\u00e9publiques\u00bb, a-t-il expliqu\u00e9. Pour lui, \u00abc\u2019est cela qui montre que les S\u00e9n\u00e9galais ont d\u00e9j\u00e0 du mal \u00e0 se discipliner, parce qu\u2019on a \u00e9dict\u00e9 des r\u00e8gles de Droit qui ne sortent pas des tr\u00e9fonds de notre soci\u00e9t\u00e9 et nous sommes oblig\u00e9s de nous y adapter\u00bb.<\/p>\n\n\n\n<p>Le ministre de l\u2019Ensei\u00adgnement sup\u00e9rieur, de la recherche et de l\u2019innovation estime que l\u2019important, ce n\u2019est pas la langue qui est le v\u00e9hicule, \u00abencore que c\u2019est une langue \u00e9trang\u00e8re\u00bb. Mais, \u00abc\u2019est la compr\u00e9hension du message. Et le message est particuli\u00e8rement compris\u00bb, a-t-il insist\u00e9. \u00abLe S\u00e9n\u00e9gal est l\u2019un des rares pays africains qui a une vraie opinion publique, qui impacte parce que tout le monde parle wolof. Tout le monde comprend wolof. On n\u2019a pas besoin de faire de grandes \u00e9tudes pour comprendre maintenant la Constitution, le Droit p\u00e9nal, le D\u00e9bat budg\u00e9taire \u00e0 l\u2019Assembl\u00e9e nationale. Puisque tout le monde comprend, tout le monde s\u2019exprime et on a une opinion publique qui fait que nous sommes la d\u00e9mocratie que nous sommes\u00bb, a-t-il fait remarquer.<\/p>\n\n\n\n<p><strong>Acad\u00e9mie des langues nationales<\/strong><\/p>\n\n\n\n<p>Abdourahmane Diouf, qui a rendu hommage \u00e0 tous les enseignants, notamment son professeur de fran\u00e7ais,\u00a0 Cheikh Adram\u00e9 Diakhat\u00e9, a promis de recevoir les partisans de la mise en place d\u2019une Acad\u00e9mie des langues nationales. \u00abJ\u2019ai accept\u00e9 de les recevoir. On va faire une \u00e9valuation. Et sur la base de cette \u00e9valuation, nous discuterons avec eux et nous prendrons les r\u00e9formes n\u00e9cessaires\u00bb, a avanc\u00e9 le ministre. Il a promis aussi de recevoir l\u2019association Fonk sunuy l\u00e0mmin qui a \u00e9t\u00e9 \u00e0 l\u2019origine de cette rencontre. \u00abNous allons essayer de voir comment faire en sorte que nos langues nationales prennent encore une autre envergure dans la R\u00e9publique s\u00e9n\u00e9galaise\u00bb, a-t-il dit. Au S\u00e9n\u00e9gal, l\u2019introduction des langues nationales dans l\u2019enseignement pr\u00e9scolaire et primaire est devenue effective dans 13 acad\u00e9mies depuis l\u2019ann\u00e9e scolaire 2024-2025.<\/p>\n\n\n\n<p><strong>Aps<\/strong><\/p>\n","protected":false},"excerpt":{"rendered":"<p>Le ministre de l\u2019Ensei\u00adgnement sup\u00e9rieur, de la recherche et de l\u2019innovation, Abdourahmane Diouf, a invit\u00e9 le l\u00e9gislateur \u00e0 se conformer<\/p>\n","protected":false},"author":1,"featured_media":47662,"comment_status":"open","ping_status":"open","sticky":false,"template":"","format":"standard","meta":{"footnotes":""},"categories":[6],"tags":[],"class_list":["post-51273","post","type-post","status-publish","format-standard","has-post-thumbnail","hentry","category-politics"],"_links":{"self":[{"href":"https:\/\/dekkbi.com\/index.php?rest_route=\/wp\/v2\/posts\/51273","targetHints":{"allow":["GET"]}}],"collection":[{"href":"https:\/\/dekkbi.com\/index.php?rest_route=\/wp\/v2\/posts"}],"about":[{"href":"https:\/\/dekkbi.com\/index.php?rest_route=\/wp\/v2\/types\/post"}],"author":[{"embeddable":true,"href":"https:\/\/dekkbi.com\/index.php?rest_route=\/wp\/v2\/users\/1"}],"replies":[{"embeddable":true,"href":"https:\/\/dekkbi.com\/index.php?rest_route=%2Fwp%2Fv2%2Fcomments&post=51273"}],"version-history":[{"count":1,"href":"https:\/\/dekkbi.com\/index.php?rest_route=\/wp\/v2\/posts\/51273\/revisions"}],"predecessor-version":[{"id":51274,"href":"https:\/\/dekkbi.com\/index.php?rest_route=\/wp\/v2\/posts\/51273\/revisions\/51274"}],"wp:featuredmedia":[{"embeddable":true,"href":"https:\/\/dekkbi.com\/index.php?rest_route=\/wp\/v2\/media\/47662"}],"wp:attachment":[{"href":"https:\/\/dekkbi.com\/index.php?rest_route=%2Fwp%2Fv2%2Fmedia&parent=51273"}],"wp:term":[{"taxonomy":"category","embeddable":true,"href":"https:\/\/dekkbi.com\/index.php?rest_route=%2Fwp%2Fv2%2Fcategories&post=51273"},{"taxonomy":"post_tag","embeddable":true,"href":"https:\/\/dekkbi.com\/index.php?rest_route=%2Fwp%2Fv2%2Ftags&post=51273"}],"curies":[{"name":"wp","href":"https:\/\/api.w.org\/{rel}","templated":true}]}}