{"id":5124,"date":"2022-12-22T10:58:45","date_gmt":"2022-12-22T10:58:45","guid":{"rendered":"https:\/\/dekkbi.com\/?p=5124"},"modified":"2022-12-22T10:58:46","modified_gmt":"2022-12-22T10:58:46","slug":"poursuites-devant-la-haute-cour-de-justice-des-ministres-incrimines-par-la-cour-des-comptes-yewwi-sur-le-meme-tempo-que-wallu","status":"publish","type":"post","link":"https:\/\/dekkbi.com\/?p=5124","title":{"rendered":"Poursuites devant la haute cour de justice des ministres incrimin\u00e9s par la cour des comptes : yewwi sur le m\u00eame tempo que Wallu"},"content":{"rendered":"\n<p><strong>Les d\u00e9put\u00e9s de l\u2019opposition parlementaire, membres du groupe parlementaire Yewwi askan wi, se disent favorables \u00e0 l\u2019ouverture des poursuites contre toutes les personnes incrimin\u00e9es dans le \u00ab&nbsp;carnage financier&nbsp;\u00bb relev\u00e9 par le rapport de la Cour des comptes. En conf\u00e9rence de presse hier, mercredi 21 d\u00e9cembre, Birame Souleye Diop, pr\u00e9sident dudit groupe parlementaire, et ses coll\u00e8gues ont \u00e9galement exig\u00e9 \u00e0 la suite de leurs pairs du groupe parlementaire \u00ab&nbsp;Libert\u00e9-D\u00e9mocratie et changement&nbsp;\u00bb, la traduction de tous les ministres en tant qu\u2019ordonnateurs des d\u00e9penses devant la Haute cour de justice.<\/strong><\/p>\n\n\n\n<p>Va-t-on vers une troisi\u00e8me mise en branle de la Haute cour de justice au S\u00e9n\u00e9gal\u00a0? En effet, apr\u00e8s la sortie des d\u00e9put\u00e9s de l\u2019opposition parlementaire membres du groupe parlementaire \u00ab\u00a0Libert\u00e9-D\u00e9mocratie et changement\u00a0\u00bb en faveur de la traduction des ministres dont les d\u00e9partements ont \u00e9t\u00e9 incrimin\u00e9s par le rapport de la Cour des comptes, c\u2019est au tour de leurs coll\u00e8gues du groupe parlementaire Yewwi askan wi d\u2019emboucher la m\u00eame trompette. En conf\u00e9rence de presse hier, mercredi 21 d\u00e9cembre, Birame Souleye Diop, pr\u00e9sident dudit groupe parlementaire, et ses coll\u00e8gues sonnent la mobilisation de tout le peuple s\u00e9n\u00e9galais pour une effectivit\u00e9 des poursuites p\u00e9nales comme cela a \u00e9t\u00e9 recommand\u00e9 par la Cour des comptes contre toutes les personnes incrimin\u00e9es dans ce \u00ab\u00a0carnage financier\u00a0\u00bb. Sous ce rapport, ils sont ainsi annonc\u00e9s la saisine prochaine du pr\u00e9sident de l\u2019Assembl\u00e9e nationale pour une mise en accusation de tous les ministres dont les d\u00e9partements ont \u00e9t\u00e9 incrimin\u00e9s par le rapport de la Cour des comptes devant la Haute cour de justice dont la demande de renouvellement a \u00e9t\u00e9 d\u00e9j\u00e0 formul\u00e9e.<\/p>\n\n\n\n<p>En effet, selon eux, les Directeurs des affaires g\u00e9n\u00e9rales et de l\u2019\u00e9quipement (Dage) point\u00e9s du doigt dans le cadre des d\u00e9tournements des fonds Covid ne sont que les ex\u00e9cutants des ordres ou directives et que les v\u00e9ritables responsables sont leurs ministres qui se trouvent \u00eatre \u00e9galement aux yeux de la loi les ordonnateurs de d\u00e9penses. Insistant sur cette responsabilit\u00e9 p\u00e9nale des ministres dans ces d\u00e9tournements, Dr Mohamed Ayib Daff\u00e9, un des porte-paroles du jour du groupe parlementaire Yewwi askan wi a convoqu\u00e9 la jurisprudence de l\u2019affaire de la caisse d\u2019avance de la ville de Dakar o\u00f9 Khalifa Ababacar Sall a \u00e9t\u00e9 condamn\u00e9 en tant qu\u2019ordonnateur au m\u00eame titre que son Daf, Mbaye Tour\u00e9. Lors de ce face-\u00e0-face avec des journalistes, les d\u00e9put\u00e9s de Yewwi askan wi ont \u00e9galement annonc\u00e9 la convocation prochaine du Gouvernement \u00e0 l\u2019Assembl\u00e9e nationale dans le cadre des questions orales pour s\u2019expliquer sur ce \u00ab&nbsp;carnage financier&nbsp;\u00bb.<\/p>\n\n\n\n<p><strong>DE LA HAUTE COUR DE JUSTICE<\/strong><\/p>\n\n\n\n<p>Juridiction sp\u00e9ciale, la Haute cour de justice est charg\u00e9e de juger le pr\u00e9sident de la R\u00e9publique pour haute trahison, le Premier ministre, les ministres poursuivis dans le cadre de l\u2019exercice de leur fonction. Elle est compos\u00e9e de membres \u00e9lus par l\u2019Assembl\u00e9e nationale apr\u00e8s chaque renouvellement et, est pr\u00e9sid\u00e9e par un magistrat. Son organisation et sa proc\u00e9dure sont d\u00e9termin\u00e9es par une loi organique. Depuis 1960, la Haute Cour de justice n\u2019a jug\u00e9 que deux anciens dignitaires. Il s\u2019agit de l\u2019ancien Pr\u00e9sident du Conseil, feu Mamadou Dia (condamn\u00e9 \u00e0 12 ans de prison en 1962), et le pr\u00e9sident du parti Rewmi Idrissa Seck (qui avait b\u00e9n\u00e9fici\u00e9 d\u2019un non-lieu total, en 2004, dans le cadre des chantiers de Thi\u00e8s).<\/p>\n\n\n\n<p>Nando Cabral Gomis<\/p>\n\n\n\n<p>SUDONLINE<\/p>\n","protected":false},"excerpt":{"rendered":"<p>Les d\u00e9put\u00e9s de l\u2019opposition parlementaire, membres du groupe parlementaire Yewwi askan wi, se disent favorables \u00e0 l\u2019ouverture des poursuites contre<\/p>\n","protected":false},"author":1,"featured_media":5127,"comment_status":"open","ping_status":"open","sticky":false,"template":"","format":"standard","meta":{"footnotes":""},"categories":[21],"tags":[],"class_list":["post-5124","post","type-post","status-publish","format-standard","has-post-thumbnail","hentry","category-societe"],"_links":{"self":[{"href":"https:\/\/dekkbi.com\/index.php?rest_route=\/wp\/v2\/posts\/5124","targetHints":{"allow":["GET"]}}],"collection":[{"href":"https:\/\/dekkbi.com\/index.php?rest_route=\/wp\/v2\/posts"}],"about":[{"href":"https:\/\/dekkbi.com\/index.php?rest_route=\/wp\/v2\/types\/post"}],"author":[{"embeddable":true,"href":"https:\/\/dekkbi.com\/index.php?rest_route=\/wp\/v2\/users\/1"}],"replies":[{"embeddable":true,"href":"https:\/\/dekkbi.com\/index.php?rest_route=%2Fwp%2Fv2%2Fcomments&post=5124"}],"version-history":[{"count":1,"href":"https:\/\/dekkbi.com\/index.php?rest_route=\/wp\/v2\/posts\/5124\/revisions"}],"predecessor-version":[{"id":5128,"href":"https:\/\/dekkbi.com\/index.php?rest_route=\/wp\/v2\/posts\/5124\/revisions\/5128"}],"wp:featuredmedia":[{"embeddable":true,"href":"https:\/\/dekkbi.com\/index.php?rest_route=\/wp\/v2\/media\/5127"}],"wp:attachment":[{"href":"https:\/\/dekkbi.com\/index.php?rest_route=%2Fwp%2Fv2%2Fmedia&parent=5124"}],"wp:term":[{"taxonomy":"category","embeddable":true,"href":"https:\/\/dekkbi.com\/index.php?rest_route=%2Fwp%2Fv2%2Fcategories&post=5124"},{"taxonomy":"post_tag","embeddable":true,"href":"https:\/\/dekkbi.com\/index.php?rest_route=%2Fwp%2Fv2%2Ftags&post=5124"}],"curies":[{"name":"wp","href":"https:\/\/api.w.org\/{rel}","templated":true}]}}