{"id":51230,"date":"2025-01-28T10:40:38","date_gmt":"2025-01-28T10:40:38","guid":{"rendered":"https:\/\/dekkbi.com\/?p=51230"},"modified":"2025-01-28T10:40:39","modified_gmt":"2025-01-28T10:40:39","slug":"un-bus-de-senegal-dem-dikk-emporte-par-les-flammes-a-ourossogui","status":"publish","type":"post","link":"https:\/\/dekkbi.com\/?p=51230","title":{"rendered":"Un bus de S\u00e9n\u00e9gal Dem Dikk emport\u00e9 par les flammes \u00e0 Ourossogui"},"content":{"rendered":"\n<p>Ourossogui,  (APS) \u2013 Un minibus de la soci\u00e9t\u00e9 Dakar Dem Dikk a \u00e9t\u00e9 ravag\u00e9 par les flammes \u00e0 Ourossogui (nord), dans la nuit de dimanche \u00e0 lundi, un incendie dont les circonstances n\u2019ont pas encore \u00e9t\u00e9 \u00e9lucid\u00e9es, a-t-on appris de source s\u00e9curitaire.<\/p>\n\n\n\n<p>Le bus d\u00e9truit par un incendie assurait le transport entre Ourossogui et Ndioum. Il desservait aussi les localit\u00e9s situ\u00e9es sur la route nationale num\u00e9ro 2.<\/p>\n\n\n\n<p>Deux autres bus, dont celui assurant le transport entre Matam et Dakar, \u00e9taient stationn\u00e9s sur le lieu de l\u2019incident, a constat\u00e9 l\u2019APS.<\/p>\n\n\n\n<p>Dans un communiqu\u00e9, la soci\u00e9t\u00e9 de transport public Dakar Dem Dikk a annonc\u00e9 avoir port\u00e9 plainte contre X aupr\u00e8s de la Brigade de la gendarmerie de Ourossogui apr\u00e8s cet incident.<\/p>\n\n\n\n<p>AT\/BK\/SMD<\/p>\n","protected":false},"excerpt":{"rendered":"<p>Ourossogui, (APS) \u2013 Un minibus de la soci\u00e9t\u00e9 Dakar Dem Dikk a \u00e9t\u00e9 ravag\u00e9 par les flammes \u00e0 Ourossogui (nord),<\/p>\n","protected":false},"author":1,"featured_media":51231,"comment_status":"open","ping_status":"open","sticky":false,"template":"","format":"standard","meta":{"footnotes":""},"categories":[26],"tags":[],"class_list":["post-51230","post","type-post","status-publish","format-standard","has-post-thumbnail","hentry","category-fait-divers"],"_links":{"self":[{"href":"https:\/\/dekkbi.com\/index.php?rest_route=\/wp\/v2\/posts\/51230","targetHints":{"allow":["GET"]}}],"collection":[{"href":"https:\/\/dekkbi.com\/index.php?rest_route=\/wp\/v2\/posts"}],"about":[{"href":"https:\/\/dekkbi.com\/index.php?rest_route=\/wp\/v2\/types\/post"}],"author":[{"embeddable":true,"href":"https:\/\/dekkbi.com\/index.php?rest_route=\/wp\/v2\/users\/1"}],"replies":[{"embeddable":true,"href":"https:\/\/dekkbi.com\/index.php?rest_route=%2Fwp%2Fv2%2Fcomments&post=51230"}],"version-history":[{"count":1,"href":"https:\/\/dekkbi.com\/index.php?rest_route=\/wp\/v2\/posts\/51230\/revisions"}],"predecessor-version":[{"id":51232,"href":"https:\/\/dekkbi.com\/index.php?rest_route=\/wp\/v2\/posts\/51230\/revisions\/51232"}],"wp:featuredmedia":[{"embeddable":true,"href":"https:\/\/dekkbi.com\/index.php?rest_route=\/wp\/v2\/media\/51231"}],"wp:attachment":[{"href":"https:\/\/dekkbi.com\/index.php?rest_route=%2Fwp%2Fv2%2Fmedia&parent=51230"}],"wp:term":[{"taxonomy":"category","embeddable":true,"href":"https:\/\/dekkbi.com\/index.php?rest_route=%2Fwp%2Fv2%2Fcategories&post=51230"},{"taxonomy":"post_tag","embeddable":true,"href":"https:\/\/dekkbi.com\/index.php?rest_route=%2Fwp%2Fv2%2Ftags&post=51230"}],"curies":[{"name":"wp","href":"https:\/\/api.w.org\/{rel}","templated":true}]}}