{"id":51224,"date":"2025-01-28T10:03:17","date_gmt":"2025-01-28T10:03:17","guid":{"rendered":"https:\/\/dekkbi.com\/?p=51224"},"modified":"2025-01-28T11:24:12","modified_gmt":"2025-01-28T11:24:12","slug":"sommet-africain-de-lenergie-le-senegal-presente-un-pacte-national-pour-lenergie-clair-et-coherent","status":"publish","type":"post","link":"https:\/\/dekkbi.com\/?p=51224","title":{"rendered":"Sommet africain \u00e9nergie :\u00a0S\u00e9n\u00e9gal pr\u00e9sente un Pacte national pour l\u2019\u00e9nergie \u00abclair et coh\u00e9rent\u00bb"},"content":{"rendered":"\n<p>Dar-es-Salam, (APS) \u2013 Le Directeur g\u00e9n\u00e9ral de la Banque africaine de d\u00e9veloppement (BAD) pour l\u2019Afrique de l\u2019Ouest a jug\u00e9 \u00a0\u00bb\u2019clair et coh\u00e9rent\u00a0\u00bb le Pacte national pour l\u2019\u00e9nergie pr\u00e9sent\u00e9 par le S\u00e9n\u00e9gal, lundi, \u00e0 Dar-es-Salam, au Sommet africain de l\u2019\u00e9nergie,\u00a0promettant \u2018\u2019un soutien complet\u00a0\u00bb dans sa mise en oeuvre.<\/p>\n\n\n\n<p>Dans le cadre du Sommet africain de l\u2019\u00e9nergie \u2018\u2019Mission 300\u2019\u2019, qui se tient \u00e0 Dar es-Salaam, le S\u00e9n\u00e9gal, par la voix de son&nbsp;ministre de l\u2019Energie, du P\u00e9trole et des Mines, Birame Soul\u00e8ye Diop.&nbsp;a pr\u00e9sent\u00e9 son Pacte national pour l\u2019\u00e9nergie, une feuille de route avec des objectifs sp\u00e9cifiques et des \u00e9ch\u00e9ances pour la mise en \u0153uvre des r\u00e9formes essentielles.<\/p>\n\n\n\n<p>&nbsp;\u00bbNous allons sortir d\u2019ici tr\u00e8s motiv\u00e9s et tr\u00e8s engag\u00e9s \u00e0 c\u00f4t\u00e9 de nos partenaires au d\u00e9veloppement dont la Banque mondiale et la Soci\u00e9t\u00e9 financi\u00e8re internationale (SFI) pour apporter un soutien complet dans l\u2019utilisation du gaz en vue d\u2019 aller rapidement \u00e0 l\u2019acc\u00e8s universel \u00e0 l\u2019\u00e9nergie. Vous \u00eates dans la bonne voie\u2019\u2019, a d\u00e9clar\u00e9, lundi, le Directeur g\u00e9n\u00e9ral de la BAD pour l\u2019Afrique de l\u2019Ouest, Lamine Barrow, \u00e0 l\u2019issue de la s\u00e9ance de la pr\u00e9sentation du pacte national pour l\u2019\u00e9nergie du S\u00e9n\u00e9gal.<\/p>\n\n\n\n<p>A Dar es Salaam, 12 pays dont le S\u00e9n\u00e9gal, pr\u00e9senteront dans un premier temps, leurs pactes \u00e9nerg\u00e9tiques pour montrer leur engagement \u00e0 un acc\u00e8s universel \u00e0 l\u2019\u00e9lectricit\u00e9. D\u2019autres pays africains devraient d\u00e9velopper leurs pactes lors des phases suivantes.<\/p>\n\n\n\n<p>\u2018\u2019Il vous faut des personnes expertes pour la mise en \u0153uvre de ce plan \u00e9nerg\u00e9tique tr\u00e8s clair et cela ne manque pas au S\u00e9n\u00e9gal\u2019\u2019, a ajout\u00e9 M. Barrow.<\/p>\n\n\n\n<p>Participant \u00e0 ce \u2018\u2019boardroom\u2019\u2019, le repr\u00e9sentant de la BAD, a soulign\u00e9 que &nbsp;\u00bbla trajectoire du S\u00e9n\u00e9gal est claire pour assurer des tarifs qui permettent d\u2019entrer dans des co\u00fbts tout en am\u00e9liorant l\u2019efficience en termes de fonctionnement du secteur de l\u2019\u00e9lectricit\u00e9\u2019\u2019.<\/p>\n\n\n\n<p>Dans le pacte pr\u00e9sent\u00e9 aux partenaires au d\u00e9veloppement, le ministre s\u00e9n\u00e9galais, Birame Soul\u00e8ye Diop, a fait \u00e9tat de \u2018\u2019plusieurs strat\u00e9gies allant de l\u2019acc\u00e8s, aux co\u00fbts de la production, en passant par la participation des priv\u00e9s et le renforcement de la SENELEC par la r\u00e9habilitation de ses infrastructures et de son patrimoine\u2019\u2019.<\/p>\n\n\n\n<p>M. Diop a pr\u00e9sent\u00e9 des \u00e9l\u00e9ments du pacte national, notamment les choix strat\u00e9giques op\u00e9r\u00e9s avec la d\u00e9finition du co\u00fbt de financement, et des diff\u00e9rents chantiers sur lesquels le gouvernement va travailler pour demander aux bailleurs, aux organisations philanthropiques dans le domaine et au secteur priv\u00e9, d\u2019accompagner le S\u00e9n\u00e9gal.<\/p>\n\n\n\n<p>&nbsp;\u00bbIl y a une bonne appr\u00e9ciation du plan \u00e9nerg\u00e9tique du S\u00e9n\u00e9gal. La volont\u00e9 de l\u2019Etat, c\u2019est de permettre \u00e0 tous les s\u00e9n\u00e9galais d\u2019avoir acc\u00e8s \u00e0 l\u2019\u00e9nergie\u2019\u2019, a-t-il dit \u00e0 l\u2019APS,&nbsp; en marge de la s\u00e9ance de pr\u00e9sentation.<\/p>\n\n\n\n<p>\u2018\u2019Les partenaires, ont fait une r\u00e9ception qualitative du projet en r\u00e9affirmant leur soutien \u00e0 ce projet du S\u00e9n\u00e9gal et la position de leader de la SENELEC dans la sous r\u00e9gion africaine pour l\u2019inter-connectivit\u00e9\u2019\u2019, a-t-il relev\u00e9.<\/p>\n\n\n\n<p>Birame Souleye Diop dit avoir attir\u00e9, \u00e0 cette occasion, l\u2019attention des bailleurs sur le fait que \u2018\u2019la bureaucratie administrative des partenaires techniques au d\u00e9veloppement est un frein aux r\u00e9alisations imm\u00e9diates\u2019\u2019.<\/p>\n\n\n\n<p>\u2018\u2019Les populations qui attendent d\u2019avoir acc\u00e8s \u00e0 l\u2019\u00e9nergie ne peuvent pas continuer \u00e0 d\u00e9pendre des longues proc\u00e9dures administratives, des discussions et des r\u00e9unions en a plus finir\u2019\u2019, a-t-il insist\u00e9.<\/p>\n\n\n\n<p>\u2018\u2019Nous avons attir\u00e9 \u00e9galement leur attention sur le fait que l\u2019Etat du S\u00e9n\u00e9gal qui met en priorit\u00e9 l\u2019acc\u00e8s universel \u00e0 l\u2019\u00e9nergie, est pr\u00eat \u00e0 d\u00e9livrer tout ce qui rel\u00e8ve de ses obligations mais attend des partenaires qu\u2019ils puissent faire plus vite dans les proc\u00e9dures pour avoir des r\u00e9sultats\u2019\u2019, a encore dit le ministre.<\/p>\n\n\n\n<p>Sur les 800 millions de personnes dans le monde qui n\u2019ont pas acc\u00e8s \u00e0 l\u2019\u00e9nergie, 600 millions se trouvent en Afrique, selon la BAD et la Banque mondiale qui ont pris l\u2019initiative d\u2019organiser, le Sommet sur l\u2019Energie en Afrique \u00e0 Dar es Salam. L\u2019objectif, c\u2019est d\u2019obtenir des engagements des Etats, des partenaires techniques et des organisations philanthropes afin que ce chiffre puisse \u00eatre r\u00e9duit de moiti\u00e9 avant 2030 d\u2019o\u00f9 le th\u00e8me donn\u00e9 au sommet \u2018\u2019Mission 300\u2019\u2019.<\/p>\n\n\n\n<p>&nbsp;Des leaders de diff\u00e9rents horizons vont r\u00e9fl\u00e9chir sur des actions pour acc\u00e9l\u00e9rer l\u2019acc\u00e8s \u00e0 l\u2019\u00e9lectricit\u00e9 de 300 millions de personnes en Afrique d\u2019ici \u00e0 2030<\/p>\n\n\n\n<p>Le Sommet africain de l\u2019\u00e9nergie \u2018\u2019Mission 300\u2019\u2019, qui se tient \u00e0 Dar es-Salaam, r\u00e9unit des leaders de diff\u00e9rents horizons en vue d\u2019acc\u00e9l\u00e9rer l\u2019acc\u00e8s \u00e0 l\u2019\u00e9lectricit\u00e9 pour 300 millions de personnes en Afrique d\u2019ici \u00e0 2030.<\/p>\n\n\n\n<p>La rencontre organis\u00e9e par le gouvernement tanzanien, l\u2019Union africaine, la Banque africaine de d\u00e9veloppement et la Banque mondiale, a pour objectif de stimuler les r\u00e9formes, de mobiliser des financements et de constituer des partenariats pour la transformation \u00e9nerg\u00e9tique&nbsp;de&nbsp;l\u2019Afrique.<\/p>\n\n\n\n<p>Le sommet devrait aboutir \u00e0 deux r\u00e9sultats majeurs : la \u2018\u2019D\u00e9claration de l\u2019\u00e9nergie de Dar es Salaam\u2019\u2019, qui pr\u00e9sente les engagements et actions concr\u00e8tes des gouvernements africains pour r\u00e9former le secteur de l\u2019\u00e9nergie.<\/p>\n\n\n\n<p>Il y aura aussi la premi\u00e8re s\u00e9rie de \u2018\u2019Pactes nationaux pour l\u2019\u00e9nergie\u2019\u2019 qui serviront de feuilles de route avec des objectifs sp\u00e9cifiques pour chaque pays et des \u00e9ch\u00e9ances pour la mise en \u0153uvre des r\u00e9formes&nbsp;essentielles.<\/p>\n\n\n\n<p>ADL\/AB\/OID &#8211; De l\u2019Envoy\u00e9e sp\u00e9ciale de l\u2019APS : Adama Diouf Ly<\/p>\n","protected":false},"excerpt":{"rendered":"<p>Dar-es-Salam, (APS) \u2013 Le Directeur g\u00e9n\u00e9ral de la Banque africaine de d\u00e9veloppement (BAD) pour l\u2019Afrique de l\u2019Ouest a jug\u00e9 \u00a0\u00bb\u2019clair<\/p>\n","protected":false},"author":1,"featured_media":51225,"comment_status":"open","ping_status":"open","sticky":false,"template":"","format":"standard","meta":{"footnotes":""},"categories":[3],"tags":[],"class_list":["post-51224","post","type-post","status-publish","format-standard","has-post-thumbnail","hentry","category-event-more-news"],"_links":{"self":[{"href":"https:\/\/dekkbi.com\/index.php?rest_route=\/wp\/v2\/posts\/51224","targetHints":{"allow":["GET"]}}],"collection":[{"href":"https:\/\/dekkbi.com\/index.php?rest_route=\/wp\/v2\/posts"}],"about":[{"href":"https:\/\/dekkbi.com\/index.php?rest_route=\/wp\/v2\/types\/post"}],"author":[{"embeddable":true,"href":"https:\/\/dekkbi.com\/index.php?rest_route=\/wp\/v2\/users\/1"}],"replies":[{"embeddable":true,"href":"https:\/\/dekkbi.com\/index.php?rest_route=%2Fwp%2Fv2%2Fcomments&post=51224"}],"version-history":[{"count":3,"href":"https:\/\/dekkbi.com\/index.php?rest_route=\/wp\/v2\/posts\/51224\/revisions"}],"predecessor-version":[{"id":51268,"href":"https:\/\/dekkbi.com\/index.php?rest_route=\/wp\/v2\/posts\/51224\/revisions\/51268"}],"wp:featuredmedia":[{"embeddable":true,"href":"https:\/\/dekkbi.com\/index.php?rest_route=\/wp\/v2\/media\/51225"}],"wp:attachment":[{"href":"https:\/\/dekkbi.com\/index.php?rest_route=%2Fwp%2Fv2%2Fmedia&parent=51224"}],"wp:term":[{"taxonomy":"category","embeddable":true,"href":"https:\/\/dekkbi.com\/index.php?rest_route=%2Fwp%2Fv2%2Fcategories&post=51224"},{"taxonomy":"post_tag","embeddable":true,"href":"https:\/\/dekkbi.com\/index.php?rest_route=%2Fwp%2Fv2%2Ftags&post=51224"}],"curies":[{"name":"wp","href":"https:\/\/api.w.org\/{rel}","templated":true}]}}