{"id":51206,"date":"2025-01-27T12:23:09","date_gmt":"2025-01-27T12:23:09","guid":{"rendered":"https:\/\/dekkbi.com\/?p=51206"},"modified":"2025-01-27T12:23:09","modified_gmt":"2025-01-27T12:23:09","slug":"jordan-bardella-estime-une-dissolution-inevitable-des-quelle-sera-institutionnellement-possible","status":"publish","type":"post","link":"https:\/\/dekkbi.com\/?p=51206","title":{"rendered":"Jordan Bardella estime une dissolution \u201cin\u00e9vitable\u201d, \u201cd\u00e8s qu\u2019elle sera institutionnellement possible\u201d"},"content":{"rendered":"\n<p>Jordan Bardella, patron du Rassemblement national, a estim\u00e9 lundi qu\u2019il \u00e9tait \u201cin\u00e9vitable\u201d de \u201cconvoquer des \u00e9lections l\u00e9gislatives d\u00e8s qu\u2019elles seront institutionnellement possibles\u201d, une pr\u00e9rogative pr\u00e9sidentielle qui ne peut avoir lieu qu\u2019un an apr\u00e8s la pr\u00e9c\u00e9dente dissolution, c\u2019est-\u00e0-dire en juillet.<\/p>\n\n\n\n<p>\u00a0<strong>Source:<\/strong>\u00a0AFP<\/p>\n\n\n\n<p>\u201cSeul le retour au peuple permettra de construire une majorit\u00e9 claire et stable pour le pays\u201d, a ajout\u00e9 l\u2019eurod\u00e9put\u00e9 d\u2019extr\u00eame droite lors de ses v\u0153ux \u00e0 la presse, \u00e0 Paris. \u201cDerri\u00e8re la fa\u00e7ade du consensus mou et d\u2019un compromis qui ne satisfait personne, Fran\u00e7ois Bayrou incarne une inertie pr\u00e9occupante\u201d, a encore tacl\u00e9 M. Bardella, qui a interrog\u00e9: \u201cY a t-il un pilote dans l\u2019avion ?\u201d<\/p>\n\n\n\n<p>\u201cLes rares qui se laissent tenter par une r\u00e9ponse affirmative se demandent: pour aller o\u00f9 ?\u201d, a-t-il ajout\u00e9, en relevant que \u201csi la composition actuelle de l\u2019Assembl\u00e9e nationale, complexe et ind\u00e9cise, repr\u00e9sente les propres doutes des Fran\u00e7ais, elle ne pourra rester en l\u2019\u00e9tat sans plonger la France dans une forme d\u2019immobilisme\u201d. \u201cIl faudrait en ce sens n\u00e9cessairement que le peuple tranche et ach\u00e8ve ce qu\u2019il a initi\u00e9 l\u2019\u00e9t\u00e9 dernier\u201d, a encore martel\u00e9 celui que Marine Le Pen avait d\u00e9sign\u00e9 comme Premier ministre en cas de victoire du RN aux l\u00e9gislatives anticip\u00e9es de juillet dernier.<\/p>\n\n\n\n<p>Interrog\u00e9 sur les intentions des d\u00e9put\u00e9s RN quant au budget, a fortiori si ce dernier devait \u00eatre adopt\u00e9 par un 49.3, ce qui entra\u00eenerait le d\u00e9p\u00f4t d\u2019une motion de censure, Jordan Bardella n\u2019a pas r\u00e9pondu clairement. \u201cLa censure, pour nous, ce n\u2019est pas un jouet et (\u00e7a) n\u2019est pas une fin\u201d, a ajout\u00e9 celui dont les troupes au Palais Bourbon avaient vot\u00e9 la chute du gouvernement Barnier d\u00e9but d\u00e9cembre.<\/p>\n\n\n\n<p>M. Bardella a par ailleurs consid\u00e9r\u00e9 \u201cqu\u2019une coalition qui irait du Parti socialiste aux R\u00e9publicains viendrait clarifier les choses\u201d, en interpellant \u201cM. Retailleau, M. Darmanin\u201d, respectivement ministres de l\u2019Int\u00e9rieur et de la Justice, \u201cet une partie des R\u00e9publicains\u201d, s\u2019interrogeant sur leur souhait de \u201crester dans un gouvernement qui donne des gages \u00e0 la gauche\u201d. \u201cEn tous les cas, la situation ne durera pas tr\u00e8s longtemps\u201d, a encore pr\u00e9dit l\u2019eurod\u00e9put\u00e9.<\/p>\n\n\n\n<p>SOURCE 7\/7.BE<\/p>\n","protected":false},"excerpt":{"rendered":"<p>Jordan Bardella, patron du Rassemblement national, a estim\u00e9 lundi qu\u2019il \u00e9tait \u201cin\u00e9vitable\u201d de \u201cconvoquer des \u00e9lections l\u00e9gislatives d\u00e8s qu\u2019elles seront<\/p>\n","protected":false},"author":1,"featured_media":51207,"comment_status":"open","ping_status":"open","sticky":false,"template":"","format":"standard","meta":{"footnotes":""},"categories":[51],"tags":[],"class_list":["post-51206","post","type-post","status-publish","format-standard","has-post-thumbnail","hentry","category-general"],"_links":{"self":[{"href":"https:\/\/dekkbi.com\/index.php?rest_route=\/wp\/v2\/posts\/51206","targetHints":{"allow":["GET"]}}],"collection":[{"href":"https:\/\/dekkbi.com\/index.php?rest_route=\/wp\/v2\/posts"}],"about":[{"href":"https:\/\/dekkbi.com\/index.php?rest_route=\/wp\/v2\/types\/post"}],"author":[{"embeddable":true,"href":"https:\/\/dekkbi.com\/index.php?rest_route=\/wp\/v2\/users\/1"}],"replies":[{"embeddable":true,"href":"https:\/\/dekkbi.com\/index.php?rest_route=%2Fwp%2Fv2%2Fcomments&post=51206"}],"version-history":[{"count":1,"href":"https:\/\/dekkbi.com\/index.php?rest_route=\/wp\/v2\/posts\/51206\/revisions"}],"predecessor-version":[{"id":51208,"href":"https:\/\/dekkbi.com\/index.php?rest_route=\/wp\/v2\/posts\/51206\/revisions\/51208"}],"wp:featuredmedia":[{"embeddable":true,"href":"https:\/\/dekkbi.com\/index.php?rest_route=\/wp\/v2\/media\/51207"}],"wp:attachment":[{"href":"https:\/\/dekkbi.com\/index.php?rest_route=%2Fwp%2Fv2%2Fmedia&parent=51206"}],"wp:term":[{"taxonomy":"category","embeddable":true,"href":"https:\/\/dekkbi.com\/index.php?rest_route=%2Fwp%2Fv2%2Fcategories&post=51206"},{"taxonomy":"post_tag","embeddable":true,"href":"https:\/\/dekkbi.com\/index.php?rest_route=%2Fwp%2Fv2%2Ftags&post=51206"}],"curies":[{"name":"wp","href":"https:\/\/api.w.org\/{rel}","templated":true}]}}