{"id":51200,"date":"2025-01-27T12:16:14","date_gmt":"2025-01-27T12:16:14","guid":{"rendered":"https:\/\/dekkbi.com\/?p=51200"},"modified":"2025-01-27T12:17:02","modified_gmt":"2025-01-27T12:17:02","slug":"liberation-dauschwitz-ce-que-les-sovietiques-ont-decouvert-le-27-janvier-1945","status":"publish","type":"post","link":"https:\/\/dekkbi.com\/?p=51200","title":{"rendered":"Lib\u00e9ration d&rsquo;Auschwitz\u00a0: ce que les Sovi\u00e9tiques ont d\u00e9couvert le 27 janvier 1945"},"content":{"rendered":"\n<p>Le 27 janvier 1945, le centre de mise \u00e0 mort d&rsquo;Auschwitz-Birkenau, situ\u00e9 en Pologne annex\u00e9e par le IIIe&nbsp;Reich, est lib\u00e9r\u00e9 par l&rsquo;Arm\u00e9e rouge. Les soldats sovi\u00e9tiques sont les premiers \u00e0 d\u00e9couvrir l&rsquo;horreur de ce lieu o\u00f9 ont \u00e9t\u00e9 assassin\u00e9es plus d&rsquo;un million de personnes, tr\u00e8s majoritairement juives. Ils font face \u00e0 quelques milliers de survivants dans un vaste complexe concentrationnaire o\u00f9 les SS ont essay\u00e9 d&rsquo;effacer les traces de leurs crimes.<\/p>\n\n\n\n<p>\u00ab\u00a0La premi\u00e8re patrouille russe arriva en vue du camp vers midi, le 27 janvier 1945. (&#8230;) C&rsquo;\u00e9taient quatre jeunes soldats \u00e0 cheval qui avan\u00e7aient avec pr\u00e9caution, la mitraillette au c\u00f4t\u00e9, le long de la route qui bornait le camp. Lorsqu&rsquo;ils arriv\u00e8rent pr\u00e8s des barbel\u00e9s, ils s&rsquo;arr\u00eat\u00e8rent pour regarder&nbsp;; en \u00e9changeant quelques mots bref et timides et en jetant des regards lourds d&rsquo;un \u00e9trange embarras sur les cadavres en d\u00e9sordre, les baraquements disloqu\u00e9s et sur nous, rares survivants.\u00a0\u00bb<\/p>\n\n\n\n<p>Dans son livre \u00ab\u00a0La Tr\u00eave\u00a0\u00bb,\u00a0l&rsquo;\u00e9crivain italien Primo Levi\u00a0raconte son premier contact avec des soldats de l&rsquo;Arm\u00e9e rouge le jour de la lib\u00e9ration du centre de mise \u00e0 mort d&rsquo;Auschwitz-Birkenau. Alors prisonnier depuis f\u00e9vrier 1944 de Monowitz, l&rsquo;un des trois camps de ce vaste complexe concentrationnaire, il se rend compte du malaise qui saisit ces hommes \u00e0 la vue de ce lieu devenu depuis symbole de la barbarie nazie\u00a0: \u00ab\u00a0Ils ne nous saluaient pas, ne nous souriaient pas\u00a0; \u00e0 leur piti\u00e9 semblait s&rsquo;ajouter un sentiment confus de g\u00eane qui les oppressait, les rendait muets et encha\u00eenait leurs regards \u00e0 ce spectacle fun\u00e8bre.\u00a0\u00bb<\/p>\n\n\n\n<h2 class=\"wp-block-heading\">\u00ab\u00a0La stupeur de ces gens-l\u00e0\u00a0\u00bb<\/h2>\n\n\n\n<p>Le 27 janvier 1945, ces soldats sovi\u00e9tiques font face \u00e0 l&rsquo;inimaginable. \u00ab\u00a0Il s&rsquo;agissait de contingents du premier front ukrainien. L&rsquo;Arm\u00e9e rouge tombe un peu par hasard sur ce site. Entrer dans Auschwitz n&rsquo;\u00e9tait pas un but de guerre. Il faut imaginer la stupeur de ces gens-l\u00e0 qui ont d\u00e9couvert les uns apr\u00e8s les autres les camps de concentration\u00a0\u00bb,\u00a0d\u00e9crit l&rsquo;historien Alexandre Bande.<\/p>\n\n\n\n<p>Dans son dernier ouvrage \u00ab\u00a0Auschwitz 1945\u00a0\u00bb (\u00e9d. Pass\u00e9s \/ Compos\u00e9s), ce sp\u00e9cialiste de la\u00a0Shoah\u00a0a essay\u00e9 de comprendre ce qu&rsquo;il s&rsquo;est jou\u00e9 en cette journ\u00e9e historique et dans les semaines qui ont suivi. Alors que de nombreux livres s&rsquo;attachent \u00e0 d\u00e9crire le fonctionnement d&rsquo;Auschwitz-Birkenau avec notamment ses s\u00e9lections et son processus d&rsquo;extermination, Alexandre Bande s&rsquo;est pench\u00e9 sur ce vide autour de sa lib\u00e9ration\u00a0: \u00ab\u00a0Ce qu&rsquo;il s&rsquo;est pass\u00e9 sur ce site a tellement marqu\u00e9 les esprits que les historiens comme le grand public ou les t\u00e9moins se sont davantage int\u00e9ress\u00e9s \u00e0 ce qu&rsquo;il s&rsquo;est pass\u00e9 pendant plut\u00f4t qu&rsquo;apr\u00e8s.\u00a0\u00bb<\/p>\n\n\n\n<p>En cette matin\u00e9e de la fin du mois de janvier, les soldats sovi\u00e9tiques rencontrent une s\u00e9v\u00e8re r\u00e9sistance de la part des troupes allemandes. De violents combats ont lieu aux abords du camp. Une fois ces \u00e9l\u00e9ments ennemis mis hors d&rsquo;\u00e9tat de nuire, l&rsquo;Arm\u00e9e rouge d\u00e9couvre une poign\u00e9e de survivants&nbsp;: 7&nbsp;000 \u00e0 8&nbsp;000&nbsp;personnes. \u00ab\u00a0Ce sont essentiellement des hommes, des femmes ou des enfants qui ont \u00e9t\u00e9 consid\u00e9r\u00e9s comme incapables de se d\u00e9placer\u00a0\u00bb, explique l&rsquo;historien.<\/p>\n\n\n\n<figure class=\"wp-block-image\"><img decoding=\"async\" src=\"https:\/\/s.france24.com\/media\/display\/edf2e69e-d4e7-11ef-b45d-005056a90284\/w:980\/000_1IJ1B1.jpg\" alt=\"Des femmes prises en photo dans une des baraques du camp d'Auschwitz-Birkenau apr\u00e8s la lib\u00e9ration par les Sovi\u00e9tiques.\"\/><figcaption class=\"wp-element-caption\">Des femmes prises en photo dans une des baraques du camp d&rsquo;Auschwitz-Birkenau apr\u00e8s la lib\u00e9ration par les Sovi\u00e9tiques.&nbsp;AFP<\/figcaption><\/figure>\n\n\n\n<h2 class=\"wp-block-heading\">\u00ab\u00a0La neige \u00e9tait rouge de sang\u00a0\u00bb<\/h2>\n\n\n\n<p>Quelques jours plus t\u00f4t, le 17 janvier, les Allemands ont en effet commenc\u00e9 \u00e0 \u00e9vacuer Auschwitz-Birkenau. Hitler a ordonn\u00e9 de ne laisser aucun prisonnier tomber vivant dans les mains de l&rsquo;ennemi. Pr\u00e8s de 60&nbsp;000&nbsp;personnes sont ainsi entra\u00een\u00e9es en haillons sur les routes en plein hiver en direction de l&rsquo;ouest. Ce sont les terribles marches de la mort.<\/p>\n\n\n\n<p>\u00ab\u00a0Nous partons par colonnes de 500. Nous avons march\u00e9 trois jours et trois nuits pratiquement\u00a0\u00bb,\u00a0avait racont\u00e9 en 2020 \u00e0 France \u00a024\u00a0 Rapha\u00ebl Esrail, d\u00e9port\u00e9 par le convoi n\u00b0\u00a067. \u00ab\u00a0Ce que j&rsquo;ai surtout en m\u00e9moire et que je ne peux pas oublier, ce sont ces hommes et ces femmes sur le bord de la route qui \u00e9taient morts. Ils avaient \u00e9t\u00e9 tu\u00e9s d&rsquo;une balle dans la t\u00eate par un SS ou ils avaient d\u00fb marcher pieds nus pendant des heures. Ils \u00e9taient tomb\u00e9s comme en pri\u00e8re les jambes gel\u00e9es\u00a0\u00bb, avait-il ajout\u00e9 en racontant ce transfert vers le camp de Gross-Rosen.<\/p>\n\n\n\n<p>\u00ab\u00a0Je ne m&rsquo;attendais pas \u00e0 cela. Les marches de la mort ont \u00e9t\u00e9 terribles. La neige \u00e9tait rouge de sang. Nous \u00e9tions entour\u00e9s tous les 50\u00a0m\u00e8tres par la SS\u00a0\u00bb,\u00a0s&rsquo;\u00e9tait \u00e9galement souvenue L\u00e9a Schwartzmann, d\u00e9port\u00e9e par le m\u00eame convoi et \u00e9vacu\u00e9e en direction du camp de Ravensbr\u00fcck, lors d&rsquo;un entretien en 2016.<\/p>\n\n\n\n<p>Avant d&rsquo;entra\u00eener les prisonniers dans ces marches de la mort, les SS ont essay\u00e9 d&rsquo;effacer un maximum de traces de leurs crimes. D\u00e8s l&rsquo;automne 1944, les autorit\u00e9s nazies anticipent l&rsquo;arr\u00eat du camp. Les fosses qui contiennent les cendres des victimes commencent \u00e0 \u00eatre liquid\u00e9es, tandis que\u00a0les cr\u00e9matoires et chambres \u00e0 gaz sont d\u00e9mantel\u00e9s.\u00a0Lorsque les Sovi\u00e9tiques p\u00e9n\u00e8trent dans le camp, de nombreuses preuves mat\u00e9rielles sont toutefois encore pr\u00e9sentes. \u00ab\u00a0Quand ils sont arriv\u00e9s dans la baraque o\u00f9 sont stock\u00e9s les sacs pleins de cheveux, ils ont bien compris qu&rsquo;il s&rsquo;agissait de restes humains, mais il leur a fallu du temps pour comprendre la r\u00e9alit\u00e9 de la mise \u00e0 mort de centaines de milliers de personnes\u00a0\u00bb, souligne Alexandre Bande.<\/p>\n\n\n\n<h2 class=\"wp-block-heading\">Des reconstitutions<\/h2>\n\n\n\n<p>Des images subsistent de ces atroces d\u00e9couvertes. Des op\u00e9rateurs qui accompagnent l&rsquo;Arm\u00e9e rouge prennent en photo ou filment les moribonds pr\u00e9sents dans les baraques, les cadavres entass\u00e9s ou les 40&nbsp;000&nbsp;paires de lunettes et 50&nbsp;000&nbsp;brosses \u00e0 cheveux entrepos\u00e9es. \u00ab\u00a0La premi\u00e8re s\u00e9rie d&rsquo;images prises dans l&rsquo;imm\u00e9diat est de mauvaise qualit\u00e9 pour des raisons de luminosit\u00e9 et de mat\u00e9riel\u00a0\u00bb, pr\u00e9cise l&rsquo;historien. \u00ab\u00a0La deuxi\u00e8me partie est plus c\u00e9l\u00e8bre. On peut y voir par exemple des prisonniers qui tombent dans les bras des soldats, mais ce sont des reconstitutions. Elles ont \u00e9t\u00e9 faites par les Sovi\u00e9tiques dans les semaines qui suivent. Le but n&rsquo;\u00e9tait pas de s&rsquo;appesantir sur la souffrance des d\u00e9port\u00e9s, mais de mettre en avant l&rsquo;h\u00e9ro\u00efsme des soldats de la glorieuse Arm\u00e9e rouge.\u00a0\u00bb<\/p>\n\n\n\n<figure class=\"wp-block-image\"><img decoding=\"async\" src=\"https:\/\/s.france24.com\/media\/display\/22b1b59a-d4e8-11ef-90de-005056a97e36\/w:980\/%D0%9E%D1%81%D0%B2%D0%BE%D0%B1%D0%BE%D0%B6%D0%B4%D0%B5%D0%BD%D0%BD%D1%8B%D1%85_%D0%BE%D1%81%D1%82%D0%B0%D0%B2%D1%88%D0%B8%D1%85%D1%81%D1%8F_%D0%B2_%D0%B6%D0%B8%D0%B2%D1%8B%D1%85_%D1%83%D0%B7%D0%BD%D0%B8%D0%BA%D0%BE%D0%B2_%D0%BA%D0%BE%D0%BD%D1%86%D0%BB%D0%B0%D0%B3%D0%B5%D1%80%D1%8F_%D0%9E%D1%81%D0%B2%D0%B5%D0%BD%D1%86%D0%B8%D0%BC_%D0%B2%D1%8B%D0%B2%D0%BE%D0%B4%D1%8F%D1%82_%D0%B8%D0%B7_%D0%BB%D0%B0%D0%B3%D0%B5%D1%80%D1%8F.jpeg\" alt=\"Une photographie montrant l'entr\u00e9e du camp d'Auschwitz\u00a0I. Il peut s'agir d'une mise en sc\u00e8ne r\u00e9alis\u00e9e plusieurs jours apr\u00e8s la lib\u00e9ration du camp.\"\/><figcaption class=\"wp-element-caption\">Une photographie montrant l&rsquo;entr\u00e9e du camp d&rsquo;Auschwitz&nbsp;I. Il peut s&rsquo;agir d&rsquo;une mise en sc\u00e8ne r\u00e9alis\u00e9e plusieurs jours apr\u00e8s la lib\u00e9ration du camp.&nbsp;\u00a9 Wikimedia<\/figcaption><\/figure>\n\n\n\n<p>Ces rescap\u00e9s ne sont pas au bout de leur peine. Certains trouvent la mort \u00e0 la lib\u00e9ration du camp en raison de leur extr\u00eame fatigue, de maladies ou m\u00eame d&rsquo;une ingestion trop brutale de nourriture, comme l&rsquo;avait racont\u00e9 en 1991 Albert Grinholtz, d\u00e9port\u00e9 par le convoi n\u00b0&nbsp;4&nbsp;: \u00ab\u00a0Les soldats, ahuris par notre famine et nos corps squelettiques, pr\u00e9parent imm\u00e9diatement une soupe dans une roulante. (&#8230;) En fermant les yeux, je revois cette sc\u00e8ne, la premi\u00e8re nourriture apr\u00e8s tant de privations et de souffrances. Elle causa de nombreuses pertes parmi nos camarades incapables de r\u00e9sister \u00e0 une alimentation trop abondante et trop riche.\u00a0\u00bb<\/p>\n\n\n\n<h2 class=\"wp-block-heading\">Le lieu symbole de la Shoah<\/h2>\n\n\n\n<p>Les survivants mettent des semaines, parfois des mois, \u00e0 retourner dans leur r\u00e9gion ou pays d&rsquo;origine.\u00a0Sur les pr\u00e8s de 69 000 d\u00e9port\u00e9s partis de France en direction d&rsquo;Auschwitz-Birkenau, ils ne sont que 3 % \u00e0 revenir.\u00a0Le centre de mise \u00e0 mort est ensuite utilis\u00e9 par les Sovi\u00e9tiques comme lieu d&rsquo;internement pour des prisonniers de guerre allemands ou des Polonais suspect\u00e9s de collaboration. De nombreuses baraques sont\u00a0d\u00e9mantel\u00e9es\u00a0et\u00a0utilis\u00e9es\u00a0par la population locale en qu\u00eate de bois, tandis que des proc\u00e8s et des ex\u00e9cutions y sont \u00e9galement organis\u00e9s, dont celle de l\u2019ancien commandant du camp Rudolf H\u00f6ss.<\/p>\n\n\n\n<p>En 1947, un mus\u00e9e du martyr est finalement cr\u00e9\u00e9 pour \u00ab\u00a0prot\u00e9ger le lieu et veiller \u00e0 la divulgation du savoir sur les crimes qui y furent perp\u00e9tr\u00e9s\u00a0\u00bb.\u00a0Quatre-vingts ans plus tard, Auschwitz-Birkenau est devenu un haut lieu de m\u00e9moire d\u00e9finitivement associ\u00e9 \u00e0 la Shoah. L&rsquo;an dernier, il a accueilli 1,83\u00a0million de visiteurs. \u00ab\u00a0C&rsquo;est un symbole, surtout en France, car la majorit\u00e9 des d\u00e9port\u00e9s juifs y sont morts, mais aussi parce que c&rsquo;est l&rsquo;un des sites les mieux pr\u00e9serv\u00e9s. C&rsquo;est plus compliqu\u00e9 de drainer des centaines de milliers de touristes sur une simple st\u00e8le ou un m\u00e9morial\u00a0\u00bb, estime Alexandre Bande. \u00ab\u00a0Auschwitz permet de d\u00e9montrer l&rsquo;ampleur du crime.\u00a0\u00bb<\/p>\n\n\n\n<p>SOURCE FRANCE24<a href=\"https:\/\/webdoc.france24.com\/si-je-reviens-un-jour-louise-pikovsky\/\"><\/a><\/p>\n","protected":false},"excerpt":{"rendered":"<p>Le 27 janvier 1945, le centre de mise \u00e0 mort d&rsquo;Auschwitz-Birkenau, situ\u00e9 en Pologne annex\u00e9e par le IIIe&nbsp;Reich, est lib\u00e9r\u00e9<\/p>\n","protected":false},"author":1,"featured_media":51201,"comment_status":"open","ping_status":"open","sticky":false,"template":"","format":"standard","meta":{"footnotes":""},"categories":[51],"tags":[],"class_list":["post-51200","post","type-post","status-publish","format-standard","has-post-thumbnail","hentry","category-general"],"_links":{"self":[{"href":"https:\/\/dekkbi.com\/index.php?rest_route=\/wp\/v2\/posts\/51200","targetHints":{"allow":["GET"]}}],"collection":[{"href":"https:\/\/dekkbi.com\/index.php?rest_route=\/wp\/v2\/posts"}],"about":[{"href":"https:\/\/dekkbi.com\/index.php?rest_route=\/wp\/v2\/types\/post"}],"author":[{"embeddable":true,"href":"https:\/\/dekkbi.com\/index.php?rest_route=\/wp\/v2\/users\/1"}],"replies":[{"embeddable":true,"href":"https:\/\/dekkbi.com\/index.php?rest_route=%2Fwp%2Fv2%2Fcomments&post=51200"}],"version-history":[{"count":3,"href":"https:\/\/dekkbi.com\/index.php?rest_route=\/wp\/v2\/posts\/51200\/revisions"}],"predecessor-version":[{"id":51204,"href":"https:\/\/dekkbi.com\/index.php?rest_route=\/wp\/v2\/posts\/51200\/revisions\/51204"}],"wp:featuredmedia":[{"embeddable":true,"href":"https:\/\/dekkbi.com\/index.php?rest_route=\/wp\/v2\/media\/51201"}],"wp:attachment":[{"href":"https:\/\/dekkbi.com\/index.php?rest_route=%2Fwp%2Fv2%2Fmedia&parent=51200"}],"wp:term":[{"taxonomy":"category","embeddable":true,"href":"https:\/\/dekkbi.com\/index.php?rest_route=%2Fwp%2Fv2%2Fcategories&post=51200"},{"taxonomy":"post_tag","embeddable":true,"href":"https:\/\/dekkbi.com\/index.php?rest_route=%2Fwp%2Fv2%2Ftags&post=51200"}],"curies":[{"name":"wp","href":"https:\/\/api.w.org\/{rel}","templated":true}]}}