{"id":51190,"date":"2025-01-27T12:03:29","date_gmt":"2025-01-27T12:03:29","guid":{"rendered":"https:\/\/dekkbi.com\/?p=51190"},"modified":"2025-01-27T12:03:30","modified_gmt":"2025-01-27T12:03:30","slug":"rd-congo-le-gouvernement-congolais-confirme-la-presence-de-forces-rwandaises-a-goma","status":"publish","type":"post","link":"https:\/\/dekkbi.com\/?p=51190","title":{"rendered":"RD Congo\u00a0: le gouvernement congolais confirme la pr\u00e9sence de forces rwandaises \u00e0 Goma"},"content":{"rendered":"\n<p>Des tirs ont \u00e9t\u00e9 entendus, lundi, \u00e0 Goma, dans de l&rsquo;est de la RD Congo alors que des rebelles du M23 et des membres des troupes rwandaises sont pr\u00e9sents dans plusieurs quartiers.&nbsp;Le gouvernement congolais a confirm\u00e9 lundi la pr\u00e9sence de l\u2019arm\u00e9e rwandaise dans la ville et affirm\u00e9 travailler \u00e0 \u00ab\u00a0\u00e9viter le carnage\u00a0\u00bb, appelant la population \u00e0 \u00ab\u00a0rester \u00e0 l&rsquo;abri\u00a0\u00bb et \u00e0 \u00ab\u00a0s&rsquo;abstenir de commettre des actes de vandalisme et de pillage\u00a0\u00bb.<\/p>\n\n\n\n<p>Des tirs d&rsquo;artillerie lourde ont retenti, lundi 27 janvier, dans le centre de Goma, la grande ville de l&rsquo;est de la\u00a0R\u00e9publique d\u00e9mocratique du Congo, o\u00f9 des troupes rwandaises et combattants du groupe antigouvernemental du\u00a0M23\u00a0sont entr\u00e9s la veille. Ils ont \u00e9t\u00e9 aper\u00e7us, lundi, au niveau de l&rsquo;a\u00e9roport dans le quartier Nord de la capitale du\u00a0Nord-Kivu, alors que des effectifs de l\u2019arm\u00e9e congolaise (FARDC) et leurs alli\u00e9s Wazalendo sont toujours dans la ville.<\/p>\n\n\n\n<p>Le groupe arm\u00e9 antigouvernemental du M23 (\u00ab\u00a0Mouvement du 23 mars\u00a0\u00bb) et 3&nbsp;000 \u00e0 4&nbsp;000 soldats rwandais, selon l&rsquo;ONU, combattent l&rsquo;arm\u00e9e congolaise dans la r\u00e9gion depuis plus de trois ans. Dimanche, les combats se sont d\u00e9roul\u00e9s aux portes de Goma, capitale provinciale de plus d&rsquo;un million d&rsquo;habitants et presque autant de d\u00e9plac\u00e9s.<\/p>\n\n\n\n<p>Le gouvernement congolais a confirm\u00e9 lundi la pr\u00e9sence de l\u2019arm\u00e9e rwandaise et affirm\u00e9 travailler \u00e0 \u00ab\u00a0\u00e9viter le carnage\u00a0\u00bb, appelant la population \u00e0 \u00ab\u00a0rester \u00e0 l&rsquo;abri\u00a0\u00bb et \u00e0 \u00ab\u00a0s&rsquo;abstenir de commettre des actes de vandalisme et de pillage\u00a0\u00bb, dans une d\u00e9claration post\u00e9e sur X. Son porte-parole, Patrick Muyaya a \u00e9galement appel\u00e9 \u00ab\u00a0tous les Congolais, o\u00f9 qu&rsquo;ils se trouvent dans le monde, \u00e0 se mobiliser en soutien\u00a0\u00bb \u00e0 la population du Nord-Kivu ainsi qu&rsquo;aux autorit\u00e9s du pays.<\/p>\n\n\n\n<p>Pour afficher ce contenu X (Twitter), il est n\u00e9cessaire d&rsquo;autoriser les cookies de mesure d&rsquo;audience et de publicit\u00e9.AccepterG\u00e9rer mes choix<\/p>\n\n\n\n<p>La fronti\u00e8re avec le\u00a0Rwanda\u00a0est ferm\u00e9e lundi matin \u00e0 Goma, a indiqu\u00e9 \u00e0 l&rsquo;AFP une source consulaire. \u00ab\u00a0Personne n&rsquo;entre, personne ne sort, \u00e0 part quelques personnels de l&rsquo;ONU et leur famille \u00e9vacu\u00e9s ce matin\u00a0\u00bb, a ajout\u00e9 un travailleur humanitaire pr\u00e9sent au principal point de passage entre la RD Congo et le Rwanda. Des bus ont \u00e9t\u00e9 organis\u00e9s lundi \u00e0 la fronti\u00e8re rwandaise avec l&rsquo;est de la RDC, afin d&rsquo;\u00e9vacuer vers Kigali des personnels de l&rsquo;ONU et leurs familles venant de Goma.<\/p>\n\n\n\n<p>Alors que des habitants tentent de fuir la ville, la prison, qui comptait environ 3&nbsp;000 d\u00e9tenus, a \u00e9t\u00e9 \u00ab\u00a0totalement incendi\u00e9e\u00a0\u00bb \u00e0 la suite d&rsquo;une \u00ab\u00a0\u00e9vasion massive\u00a0\u00bb qui a caus\u00e9 des \u00ab\u00a0morts\u00a0\u00bb, a pr\u00e9cis\u00e9 \u00e0 l&rsquo;AFP une source s\u00e9curitaire, sans donner de bilan \u00e0 ce stade.<\/p>\n\n\n\n<p>Le pr\u00e9sident k\u00e9nyan,\u00a0William Ruto, a annonc\u00e9 dans un communiqu\u00e9 r\u00e9unir \u00ab\u00a0dans les prochaines 48 heures\u00a0\u00bb un sommet extraordinaire de la Communaut\u00e9 des \u00c9tats d&rsquo;Afrique de l&rsquo;Est (EAC) en pr\u00e9sence des pr\u00e9sidents congolais\u00a0F\u00e9lix Tshisekedi\u00a0et rwandais\u00a0Paul Kagame.<\/p>\n\n\n\n<p>Une m\u00e9diation R\u00e9publique d\u00e9mocratique du Congo-Rwanda sous l&rsquo;\u00e9gide de l&rsquo;Angola a \u00e9chou\u00e9 en d\u00e9cembre faute d&rsquo;entente sur les conditions d&rsquo;un accord.<\/p>\n\n\n\n<p>Kinshasa a accus\u00e9, dimanche, le Rwanda de lui avoir \u00ab\u00a0d\u00e9clar\u00e9 la guerre\u00a0\u00bb en envoyant de nouvelles troupes alors que l&rsquo;ONU a appel\u00e9 ce dernier \u00e0 retirer ses forces de la r\u00e9gion. Kigali a r\u00e9pondu dans la soir\u00e9e affirmant conserver une \u00ab\u00a0posture d\u00e9fensive durable\u00a0\u00bb au vu des combats repr\u00e9sentant \u00ab\u00a0une menace s\u00e9rieuse \u00e0 la s\u00e9curit\u00e9 du Rwanda\u00a0\u00bb, selon son minist\u00e8re des Affaires \u00e9trang\u00e8res.<\/p>\n\n\n\n<h2 class=\"wp-block-heading\">L\u2019ONU r\u00e9clame le retrait \u00ab\u00a0des forces ext\u00e9rieures\u00a0\u00bb<\/h2>\n\n\n\n<p>R\u00e9uni en urgence dimanche pour \u00e9voquer la situation sur le terrain, le Conseil de s\u00e9curit\u00e9 de l&rsquo;ONU a d\u00e9nonc\u00e9 dimanche le \u00ab\u00a0m\u00e9pris \u00e9hont\u00e9\u00a0\u00bb de la souverainet\u00e9 et de l&rsquo;int\u00e9grit\u00e9 territoriale de la R\u00e9publique d\u00e9mocratique du Congo, r\u00e9clamant le retrait \u00ab\u00a0des forces ext\u00e9rieures\u00a0\u00bb sans les nommer explicitement.<\/p>\n\n\n\n<p>Les membres du Conseil \u00ab\u00a0condamnent le m\u00e9pris \u00e9hont\u00e9 en cours de la souverainet\u00e9 et de l&rsquo;int\u00e9grit\u00e9 territoriale de la RDC, y compris la pr\u00e9sence non autoris\u00e9e dans l&rsquo;est de la RD Congo de forces ext\u00e9rieures comme rapport\u00e9 par le Groupe d&rsquo;experts et exige le retrait imm\u00e9diat de ces forces\u00a0\u00bb, selon une d\u00e9claration publi\u00e9e dimanche soir, qui fait r\u00e9f\u00e9rence \u00e0 un rapport d&rsquo;experts de l&rsquo;ONU ayant d\u00e9nonc\u00e9 la pr\u00e9sence de forces rwandaises en RD Congo et leur soutien au groupe arm\u00e9 M23 qui combat l&rsquo;arm\u00e9e congolaise. Durant cette r\u00e9union, la ministre congolaise des Affaires \u00e9trang\u00e8res Th\u00e9r\u00e8se Kayikwamba Wagner, a r\u00e9clam\u00e9 \u00ab\u00a0des sanctions cibl\u00e9es\u00a0\u00bb contre les dirigeants militaires et politiques rwandais ainsi qu&rsquo;un \u00ab\u00a0embargo total sur les exportations de tous les minerais \u00e9tiquet\u00e9s comme rwandais\u00a0\u00bb.<\/p>\n\n\n\n<p>L&rsquo;Union europ\u00e9enne\u00a0a appel\u00e9 le M23 \u00e0 \u00ab\u00a0arr\u00eater son avanc\u00e9e\u00a0\u00bb et le Rwanda \u00e0 \u00ab\u00a0se retirer imm\u00e9diatement\u00a0\u00bb dans une d\u00e9claration sign\u00e9e par les 27 pays membres. L&rsquo;Union africaine\u00a0(UA) a r\u00e9clam\u00e9 \u00ab\u00a0la stricte observation du cessez-le-feu convenu entre les parties\u00a0\u00bb fin juillet.<\/p>\n\n\n\n<p>Lundi, le ministre fran\u00e7ais des Affaires \u00e9trang\u00e8res,\u00a0Jean-No\u00ebl Barrot, a exprim\u00e9 sa vive inqui\u00e9tude sur la situation \u00e0 Goma, condamnant \u00ab\u00a0fermement l&rsquo;offensive men\u00e9e par le M23, soutenu par les Forces arm\u00e9es rwandaises\u00a0\u00bb dans l&rsquo;est de la R\u00e9publique d\u00e9mocratique du Congo.<\/p>\n\n\n\n<p>\u00ab\u00a0La France exprime sa solidarit\u00e9 \u00e0 l&rsquo;\u00e9gard de la R\u00e9publique d\u00e9mocratique du Congo, de son int\u00e9grit\u00e9 territoriale. (&#8230;) Les combats doivent cesser et le dialogue doit reprendre\u00a0\u00bb, a-t-il exhort\u00e9.<\/p>\n\n\n\n<p>Goma avait \u00e9t\u00e9 bri\u00e8vement occup\u00e9e fin 2012 par le M23 (\u00ab\u00a0Mouvement du 23 mars\u00a0\u00bb), n\u00e9 cette ann\u00e9e-l\u00e0 et vaincu militairement l&rsquo;ann\u00e9e suivante. Dans l&rsquo;est de la RD Congo, riche en ressources naturelles, les conflits s&rsquo;encha\u00eenent depuis plus de trente ans.<\/p>\n\n\n\n<p>Les derni\u00e8res violences ont encore aggrav\u00e9 une crise humanitaire chronique dans la r\u00e9gion. Selon l&rsquo;ONU, 400&nbsp;000 personnes ont \u00e9t\u00e9 d\u00e9plac\u00e9es par les combats depuis d\u00e9but janvier.<\/p>\n\n\n\n<p>Les Nations unies ont \u00e9vacu\u00e9 certains de leurs personnels de Goma. Les \u00c9tats-Unis, la France, le Royaume-Uni et l&rsquo;Allemagne ont appel\u00e9 leurs ressortissants \u00e0 quitter la ville tant que l&rsquo;a\u00e9roport et les fronti\u00e8res sont ouverts.<a href=\"https:\/\/www.france24.com\/fr\/afrique\/\"><\/a><\/p>\n\n\n\n<p><em>Avec AFP<\/em><\/p>\n","protected":false},"excerpt":{"rendered":"<p>Des tirs ont \u00e9t\u00e9 entendus, lundi, \u00e0 Goma, dans de l&rsquo;est de la RD Congo alors que des rebelles du<\/p>\n","protected":false},"author":1,"featured_media":51191,"comment_status":"open","ping_status":"open","sticky":false,"template":"","format":"standard","meta":{"footnotes":""},"categories":[51],"tags":[],"class_list":["post-51190","post","type-post","status-publish","format-standard","has-post-thumbnail","hentry","category-general"],"_links":{"self":[{"href":"https:\/\/dekkbi.com\/index.php?rest_route=\/wp\/v2\/posts\/51190","targetHints":{"allow":["GET"]}}],"collection":[{"href":"https:\/\/dekkbi.com\/index.php?rest_route=\/wp\/v2\/posts"}],"about":[{"href":"https:\/\/dekkbi.com\/index.php?rest_route=\/wp\/v2\/types\/post"}],"author":[{"embeddable":true,"href":"https:\/\/dekkbi.com\/index.php?rest_route=\/wp\/v2\/users\/1"}],"replies":[{"embeddable":true,"href":"https:\/\/dekkbi.com\/index.php?rest_route=%2Fwp%2Fv2%2Fcomments&post=51190"}],"version-history":[{"count":1,"href":"https:\/\/dekkbi.com\/index.php?rest_route=\/wp\/v2\/posts\/51190\/revisions"}],"predecessor-version":[{"id":51192,"href":"https:\/\/dekkbi.com\/index.php?rest_route=\/wp\/v2\/posts\/51190\/revisions\/51192"}],"wp:featuredmedia":[{"embeddable":true,"href":"https:\/\/dekkbi.com\/index.php?rest_route=\/wp\/v2\/media\/51191"}],"wp:attachment":[{"href":"https:\/\/dekkbi.com\/index.php?rest_route=%2Fwp%2Fv2%2Fmedia&parent=51190"}],"wp:term":[{"taxonomy":"category","embeddable":true,"href":"https:\/\/dekkbi.com\/index.php?rest_route=%2Fwp%2Fv2%2Fcategories&post=51190"},{"taxonomy":"post_tag","embeddable":true,"href":"https:\/\/dekkbi.com\/index.php?rest_route=%2Fwp%2Fv2%2Ftags&post=51190"}],"curies":[{"name":"wp","href":"https:\/\/api.w.org\/{rel}","templated":true}]}}