{"id":51183,"date":"2025-01-27T11:53:13","date_gmt":"2025-01-27T11:53:13","guid":{"rendered":"https:\/\/dekkbi.com\/?p=51183"},"modified":"2025-01-27T11:53:13","modified_gmt":"2025-01-27T11:53:13","slug":"forum-de-la-pme-10-mille-participants-attendus-a-la-4e-edition","status":"publish","type":"post","link":"https:\/\/dekkbi.com\/?p=51183","title":{"rendered":"Forum de la Pme : 10 mille participants attendus \u00e0 la 4e \u00e9dition"},"content":{"rendered":"\n<p><strong>Pour le Forum de la Pme 2025 pr\u00e9vu les 18, 19 et 20 f\u00e9vrier au Grand Th\u00e9\u00e2tre national et au Mus\u00e9e des civilisations noires, le comit\u00e9 d\u2019organisation a \u00e9t\u00e9 install\u00e9 jeudi dernier. Il est attendu \u00e0 cette 4e \u00e9dition dont le th\u00e8me est \u00abPme et innovation\u00a0: leviers de souverainet\u00e9\u00bb, 10 mille participants dont 2 mille Pme.<\/strong><\/p>\n\n\n\n<p>\u00abPme et innovation&nbsp;: leviers de souverainet\u00e9\u00bb, c\u2019est le th\u00e8me de la 4e \u00e9dition du Forum de la Pme pr\u00e9vue les 18, 19 et 20 f\u00e9vrier 2025 au Grand Th\u00e9\u00e2tre national et au Mus\u00e9e des civilisations noires. Un th\u00e8me en parfaite coh\u00e9rence avec la Vision 2050, selon le secr\u00e9taire d\u2019Etat au D\u00e9velop\u00adpement des Pme\/Pmi. En effet, rappelle Ibrahima Thiam, \u00able chef de l\u2019Etat et son Premier ministre placent l\u2019innovation, l\u2019industrialisation et la souverainet\u00e9 de notre pays au c\u0153ur des priorit\u00e9s de l\u2019action gouvernementale\u00bb.<\/p>\n\n\n\n<p>Le Forum de la Pme, souligne M. Thiam, \u00abest un cadre de concertation, de rencontre, de r\u00e9flexion et de partage pour un dialogue public-priv\u00e9 inclusif centr\u00e9 sur la Pme\/Pmi et ses grands d\u00e9fis. Il offre aux participants une belle occasion de rencontrer des structures d\u2019appui et d\u2019encadrement, des chefs d\u2019entreprise, des experts, des institutions financi\u00e8res, bref des acteurs-cl\u00e9s de l\u2019\u00e9cosyst\u00e8me entrepreneurial\u00bb.<\/p>\n\n\n\n<p>Les organisateurs comptent ainsi \u00abmobiliser pendant ces trois jours, plus de 10&nbsp;mille participants dont 2000 Pme\/Pmi et l\u2019ensemble du dispositif d\u2019accompagnement\u00bb.<\/p>\n\n\n\n<p>Gr\u00e2ce \u00e0 une s\u00e9rie d\u2019ateliers th\u00e9matiques, de sessions de networking, de master class, de conf\u00e9rences ponctu\u00e9es d\u2019interventions de haut niveau, les participants auront, d\u2019apr\u00e8s le secr\u00e9taire d\u2019Etat, \u00abl\u2019opportunit\u00e9 d\u2019\u00e9changer des id\u00e9es, de d\u00e9velopper leurs comp\u00e9tences, de d\u00e9couvrir de nouvelles opportunit\u00e9s d\u2019affaires et de nouer des partenariats strat\u00e9giques\u00bb.<\/p>\n\n\n\n<p>Rappelant que le S\u00e9n\u00e9gal a adopt\u00e9 le statut de l\u2019entreprenant \u00e0 l\u2019instar des pays de l\u2019Ohada, M. Thiam invite \u00abtous les porteurs d\u2019id\u00e9es et de projets, les entrepreneurs individuels, toutes les Pme\/Pmi, \u00e0 venir \u00e0 la rencontre des structures pertinentes de l\u2019\u00e9cosyst\u00e8me qui se\u00adront toutes pr\u00e9sentes pour b\u00e9n\u00e9ficier de leur accompagnement\u00bb.<\/p>\n\n\n\n<p>Sur les innovations apport\u00e9es \u00e0 l\u2019\u00e9dition 2025 du Forum de la Pme, le Directeur g\u00e9n\u00e9ral de l\u2019Agence de d\u00e9veloppement et d\u2019encadrement des Pme (Adepme) invoque un \u00abdialogue direct entre les plus hautes autorit\u00e9s et la cible Pme s\u00e9n\u00e9galaise\u00bb. \u00abL\u2019id\u00e9e est d\u2019avoir un temps d\u2019\u00e9change pendant lequel nos plus hautes autorit\u00e9s vont pouvoir \u00e9changer avec un \u00e9chantillon consid\u00e9rable de nos Pme sur la politique qui leur est r\u00e9serv\u00e9e, surtout la place importante dans l\u2019agenda de transformation \u00e9conomique Vision 2050. Tout cela, pour qu\u2019elles puissent s\u2019approprier la politique du gouvernement et qu\u2019elles consid\u00e8rent que la souverainet\u00e9, l\u2019endog\u00e9neisation dont on parle, l\u2019industrialisation reposeront essentiellement sur elles.\u00bb Comme autre temps fort, Marie Rose Faye annonce une \u00abgrande exposition&nbsp;qui mettra en lumi\u00e8re la contribution des Pme \u00e0 la souverainet\u00e9 nationale par le biais de l\u2019innovation dans des domaines strat\u00e9giques tels que l\u2019industrie, l\u2019agriculture, l\u2019agro-industrie, le num\u00e9rique, la technologie, l\u2019\u00e9nergie, la sant\u00e9, l\u2019\u00e9ducation, le tourisme, la culture\u00bb. Il s\u2019agira, selon elle, \u00abde mettre en lumi\u00e8re 500 Pme championnes s\u00e9n\u00e9galaises. Les huit p\u00f4les territoriaux seront repr\u00e9sent\u00e9s, ainsi que tous les secteurs prioritaires. Dans le cadre de cette exposition, on aura \u00e9galement un espace d\u00e9di\u00e9 \u00e0 la technologie et \u00e0 l\u2019innovation&nbsp;; un espace qui permettra \u00e0 chaque participant de voir tout ce qui se fait de mieux en termes d\u2019innovation au S\u00e9n\u00e9gal\u00bb.<\/p>\n\n\n\n<p>Il est \u00e9galement attendu de ce forum, \u00abla signature de conventions de financement avec vingt institutions financi\u00e8res pour un montant de mille milliards de francs Cfa du Programme pour le financement massif et s\u00e9curis\u00e9 des Pme\/Pmi\u00bb. Pour les organisateurs, \u00abcela constitue une \u00e9tape importante pour atteindre notre objectif de mobiliser 3000 milliards de francs Cfa pour nos Pme d\u2019ici 2028\u00bb.<\/p>\n\n\n\n<p>La Turquie et la C\u00f4te d\u2019Ivoire sont les deux pays invit\u00e9s d\u2019honneur. Et gr\u00e2ce au soutien des partenaires, particuli\u00e8rement la Banque mondiale et la Giz, le comit\u00e9 d\u2019organisation n\u2019entend m\u00e9nager aucun effort pour faire de cette 4e \u00e9dition une r\u00e9ussite.<\/p>\n\n\n\n<p><strong>Par Dialigu\u00e9 FAYE \u2013<\/strong> <strong>dialigue@lequotidien.sn<\/strong><\/p>\n","protected":false},"excerpt":{"rendered":"<p>Pour le Forum de la Pme 2025 pr\u00e9vu les 18, 19 et 20 f\u00e9vrier au Grand Th\u00e9\u00e2tre national et au<\/p>\n","protected":false},"author":1,"featured_media":47186,"comment_status":"open","ping_status":"open","sticky":false,"template":"","format":"standard","meta":{"footnotes":""},"categories":[3],"tags":[],"class_list":["post-51183","post","type-post","status-publish","format-standard","has-post-thumbnail","hentry","category-event-more-news"],"_links":{"self":[{"href":"https:\/\/dekkbi.com\/index.php?rest_route=\/wp\/v2\/posts\/51183","targetHints":{"allow":["GET"]}}],"collection":[{"href":"https:\/\/dekkbi.com\/index.php?rest_route=\/wp\/v2\/posts"}],"about":[{"href":"https:\/\/dekkbi.com\/index.php?rest_route=\/wp\/v2\/types\/post"}],"author":[{"embeddable":true,"href":"https:\/\/dekkbi.com\/index.php?rest_route=\/wp\/v2\/users\/1"}],"replies":[{"embeddable":true,"href":"https:\/\/dekkbi.com\/index.php?rest_route=%2Fwp%2Fv2%2Fcomments&post=51183"}],"version-history":[{"count":1,"href":"https:\/\/dekkbi.com\/index.php?rest_route=\/wp\/v2\/posts\/51183\/revisions"}],"predecessor-version":[{"id":51184,"href":"https:\/\/dekkbi.com\/index.php?rest_route=\/wp\/v2\/posts\/51183\/revisions\/51184"}],"wp:featuredmedia":[{"embeddable":true,"href":"https:\/\/dekkbi.com\/index.php?rest_route=\/wp\/v2\/media\/47186"}],"wp:attachment":[{"href":"https:\/\/dekkbi.com\/index.php?rest_route=%2Fwp%2Fv2%2Fmedia&parent=51183"}],"wp:term":[{"taxonomy":"category","embeddable":true,"href":"https:\/\/dekkbi.com\/index.php?rest_route=%2Fwp%2Fv2%2Fcategories&post=51183"},{"taxonomy":"post_tag","embeddable":true,"href":"https:\/\/dekkbi.com\/index.php?rest_route=%2Fwp%2Fv2%2Ftags&post=51183"}],"curies":[{"name":"wp","href":"https:\/\/api.w.org\/{rel}","templated":true}]}}