{"id":51179,"date":"2025-01-27T11:44:08","date_gmt":"2025-01-27T11:44:08","guid":{"rendered":"https:\/\/dekkbi.com\/?p=51179"},"modified":"2025-01-27T11:58:04","modified_gmt":"2025-01-27T11:58:04","slug":"contribution-a-la-creation-demplois-au-senegal-litalie-et-loit-mutualisent-leurs-forces","status":"publish","type":"post","link":"https:\/\/dekkbi.com\/?p=51179","title":{"rendered":"Cr\u00e9ation d\u2019emplois au S\u00e9n\u00e9gal: L\u2019Italie et l\u2019Oit mutualisent leurs forces"},"content":{"rendered":"\n<p>L\u2019Italie et l\u2019Organisation internationale du travail (Oit) lancent le programme \u00abAdijefe\u00bb pour soutenir et accompagner les efforts du gouvernement s\u00e9n\u00e9galais dans la cr\u00e9ation d\u2019emplois d\u00e9cents, l\u2019insertion des jeunes femmes et hommes, et la formalisation des entreprises. L\u2019ambassadeur d\u2019Italie au S\u00e9n\u00e9gal, Giovanni Umberto De Vito, et Dramane Ha\u00efdara, directeur du Bureau international du travail (Bit), ont sign\u00e9, vendredi dernier, un accord de financement de 2 millions d\u2019euros, soit 1, 3 milliard de francs Cfa, sur une p\u00e9riode de 2 ans, en pr\u00e9sence du ministre du Travail, du dialogue social et des relations avec les institutions, Samba Sy.<\/p>\n\n\n\n<p>\u00abNous travaillons en partenariat avec l\u2019Oit depuis tr\u00e8s longtemps pour promouvoir des pratiques de travail d\u00e9cent, renforcer la formalisation du secteur priv\u00e9. Si les entreprises sont formalis\u00e9es, il y a un avantage pour les employeurs, pour les employ\u00e9s, pour les caisses de l\u2019Etat, et il y a un avantage pour l\u2019avenir\u00bb, a d\u00e9clar\u00e9 l\u2019ambassadeur d\u2019Italie. Giovanni Umberto De Vito a annonc\u00e9 \u00e9galement qu\u2019il y a d\u2019autres projets qui seront bient\u00f4t finalis\u00e9s et qui concernent la territorialisation des politiques de l\u2019insertion professionnelle. \u00abL\u2019Italie consolide son engagement aux c\u00f4t\u00e9s du S\u00e9n\u00e9gal en mati\u00e8re d\u2019insertion professionnelle et d\u2019appui au secteur priv\u00e9, composantes fondamentales d\u2019un d\u00e9veloppement inclusif et alternatif \u00e0 la migration irr\u00e9guli\u00e8re. On est encore en train de finaliser un programme pluriel de partenariat de la p\u00e9riode 2024-2026\u00bb, a-t-il poursuivi, rappelant que l\u2019objectif de ce projet est d\u2019accompagner la r\u00e9forme de la Convention nationale Etat-employeurs (Cnee).<\/p>\n\n\n\n<p>Le directeur de l\u2019Oit, Dramane Ha\u00efdara, s\u2019est r\u00e9joui de cette signature d\u2019accord de financement qui, selon lui, t\u00e9moigne de l\u2019engagement collectif de l\u2019Oit en faveur du travail d\u00e9cent au S\u00e9n\u00e9gal. \u00abCet accord, qui alloue un financement de 2 millions d\u2019euros sur une p\u00e9riode de 2 ans, est le t\u00e9moignage tangible de notre d\u00e9termination \u00e0 stimuler la cr\u00e9ation d\u2019emplois d\u00e9cents au S\u00e9n\u00e9gal par l\u2019am\u00e9lioration du dispositif d\u2019insertion des jeunes femmes et hommes, et la formalisation des entreprises\u00bb, a-t-il not\u00e9, assurant que le projet a deux composantes essentielles qui sont en parfaite ad\u00e9quation avec les besoins du S\u00e9n\u00e9gal et les objectifs du Bureau international du travail (Bit). \u00abLa collaboration entre l\u2019Italie, le S\u00e9n\u00e9gal et le Bit est une illustration remarquable de ce que nous pouvons accomplir lorsque nous unissons nos forces pour atteindre des objectifs communs. Le montant consid\u00e9rable de ce financement ne constitue pas seulement un investissement financier, mais \u00e9galement un investissement dans l\u2019avenir de la jeunesse s\u00e9n\u00e9galaise\u00bb, a-t-il soulign\u00e9.<\/p>\n\n\n\n<p>M\u00eame son de cloche chez le ministre du Travail, du dialogue social et des relations avec les institutions. \u00abIl est, en effet, significatif que le S\u00e9n\u00e9gal dont l\u2019\u00e9crasante composante de la population est jeune, se soucie d\u2019emplois, qu\u2019il les veuille d\u00e9cents, qu\u2019il comprenne que ces jeunes ont des besoins pressants ne pouvant trouver solution en dehors de leur pleine implication dans la cr\u00e9ation de richesses.<br><strong>Par Ousmane SOW<\/strong><\/p>\n","protected":false},"excerpt":{"rendered":"<p>L\u2019Italie et l\u2019Organisation internationale du travail (Oit) lancent le programme \u00abAdijefe\u00bb pour soutenir et accompagner les efforts du gouvernement s\u00e9n\u00e9galais<\/p>\n","protected":false},"author":1,"featured_media":51180,"comment_status":"open","ping_status":"open","sticky":false,"template":"","format":"standard","meta":{"footnotes":""},"categories":[3],"tags":[],"class_list":["post-51179","post","type-post","status-publish","format-standard","has-post-thumbnail","hentry","category-event-more-news"],"_links":{"self":[{"href":"https:\/\/dekkbi.com\/index.php?rest_route=\/wp\/v2\/posts\/51179","targetHints":{"allow":["GET"]}}],"collection":[{"href":"https:\/\/dekkbi.com\/index.php?rest_route=\/wp\/v2\/posts"}],"about":[{"href":"https:\/\/dekkbi.com\/index.php?rest_route=\/wp\/v2\/types\/post"}],"author":[{"embeddable":true,"href":"https:\/\/dekkbi.com\/index.php?rest_route=\/wp\/v2\/users\/1"}],"replies":[{"embeddable":true,"href":"https:\/\/dekkbi.com\/index.php?rest_route=%2Fwp%2Fv2%2Fcomments&post=51179"}],"version-history":[{"count":3,"href":"https:\/\/dekkbi.com\/index.php?rest_route=\/wp\/v2\/posts\/51179\/revisions"}],"predecessor-version":[{"id":51186,"href":"https:\/\/dekkbi.com\/index.php?rest_route=\/wp\/v2\/posts\/51179\/revisions\/51186"}],"wp:featuredmedia":[{"embeddable":true,"href":"https:\/\/dekkbi.com\/index.php?rest_route=\/wp\/v2\/media\/51180"}],"wp:attachment":[{"href":"https:\/\/dekkbi.com\/index.php?rest_route=%2Fwp%2Fv2%2Fmedia&parent=51179"}],"wp:term":[{"taxonomy":"category","embeddable":true,"href":"https:\/\/dekkbi.com\/index.php?rest_route=%2Fwp%2Fv2%2Fcategories&post=51179"},{"taxonomy":"post_tag","embeddable":true,"href":"https:\/\/dekkbi.com\/index.php?rest_route=%2Fwp%2Fv2%2Ftags&post=51179"}],"curies":[{"name":"wp","href":"https:\/\/api.w.org\/{rel}","templated":true}]}}