{"id":51173,"date":"2025-01-27T11:35:31","date_gmt":"2025-01-27T11:35:31","guid":{"rendered":"https:\/\/dekkbi.com\/?p=51173"},"modified":"2025-01-27T11:36:05","modified_gmt":"2025-01-27T11:36:05","slug":"fait-historique-le-couple-presidentiel-baptise-son-enfant-du-nom-de-la-mere-du-pm-ousmane-sonko","status":"publish","type":"post","link":"https:\/\/dekkbi.com\/?p=51173","title":{"rendered":"Fait historique : Le couple pr\u00e9sidentiel baptise son enfant du nom de la m\u00e8re de Sonko"},"content":{"rendered":"\n<h3 class=\"wp-block-heading\">Contrairement aux attentes de nombreux S\u00e9n\u00e9galais qui esp\u00e9raient participer ou assister aux festivit\u00e9s, le Pr\u00e9sident Bassirou Diomaye Faye et son \u00e9pouse, Absa Faye, ont choisi une c\u00e9r\u00e9monie sobre et priv\u00e9e pour baptiser leur b\u00e9b\u00e9. Et la surprise a \u00e9t\u00e9 la marraine du b\u00e9b\u00e9&#8230;.<\/h3>\n\n\n\n<p>Selon une exclusivit\u00e9 du m\u00e9dia \u00ab\u00a0K\u00e9woulo\u00a0\u00bb, le bapt\u00eame du nouveau-n\u00e9 du couple pr\u00e9sidentiel s&rsquo;est d\u00e9roul\u00e9 dans la plus grande discr\u00e9tion, en pr\u00e9sence d&rsquo;un cercle restreint de proches.<\/p>\n\n\n\n<p>Initialement, une partie de l&rsquo;opinion publique pensait que les festivit\u00e9s se tiendraient ce mardi, soit \u00e0 la r\u00e9sidence pr\u00e9sidentielle \u00e0 Mermoz, soit au palais de la R\u00e9publique ou encore dans leur r\u00e9gion d&rsquo;origine, Ndiaganiao.<\/p>\n\n\n\n<p>Cependant, les plans de ceux qui esp\u00e9raient s&rsquo;y rendre, ont \u00e9t\u00e9 contrecarr\u00e9s : la c\u00e9r\u00e9monie a finalement eu lieu dimanche matin, loin des salutations.<\/p>\n\n\n\n<p>Le nouveau-n\u00e9 a \u00e9t\u00e9 pr\u00e9nomm\u00e9 Maman Khady Ngom , en hommage \u00e0 la m\u00e8re d&rsquo;Ousmane Sonko, Premier ministre du S\u00e9n\u00e9gal.<\/p>\n\n\n\n<p>SOURCE LERAL<\/p>\n","protected":false},"excerpt":{"rendered":"<p>Contrairement aux attentes de nombreux S\u00e9n\u00e9galais qui esp\u00e9raient participer ou assister aux festivit\u00e9s, le Pr\u00e9sident Bassirou Diomaye Faye et son<\/p>\n","protected":false},"author":1,"featured_media":51174,"comment_status":"open","ping_status":"open","sticky":false,"template":"","format":"standard","meta":{"footnotes":""},"categories":[21],"tags":[],"class_list":["post-51173","post","type-post","status-publish","format-standard","has-post-thumbnail","hentry","category-societe"],"_links":{"self":[{"href":"https:\/\/dekkbi.com\/index.php?rest_route=\/wp\/v2\/posts\/51173","targetHints":{"allow":["GET"]}}],"collection":[{"href":"https:\/\/dekkbi.com\/index.php?rest_route=\/wp\/v2\/posts"}],"about":[{"href":"https:\/\/dekkbi.com\/index.php?rest_route=\/wp\/v2\/types\/post"}],"author":[{"embeddable":true,"href":"https:\/\/dekkbi.com\/index.php?rest_route=\/wp\/v2\/users\/1"}],"replies":[{"embeddable":true,"href":"https:\/\/dekkbi.com\/index.php?rest_route=%2Fwp%2Fv2%2Fcomments&post=51173"}],"version-history":[{"count":2,"href":"https:\/\/dekkbi.com\/index.php?rest_route=\/wp\/v2\/posts\/51173\/revisions"}],"predecessor-version":[{"id":51176,"href":"https:\/\/dekkbi.com\/index.php?rest_route=\/wp\/v2\/posts\/51173\/revisions\/51176"}],"wp:featuredmedia":[{"embeddable":true,"href":"https:\/\/dekkbi.com\/index.php?rest_route=\/wp\/v2\/media\/51174"}],"wp:attachment":[{"href":"https:\/\/dekkbi.com\/index.php?rest_route=%2Fwp%2Fv2%2Fmedia&parent=51173"}],"wp:term":[{"taxonomy":"category","embeddable":true,"href":"https:\/\/dekkbi.com\/index.php?rest_route=%2Fwp%2Fv2%2Fcategories&post=51173"},{"taxonomy":"post_tag","embeddable":true,"href":"https:\/\/dekkbi.com\/index.php?rest_route=%2Fwp%2Fv2%2Ftags&post=51173"}],"curies":[{"name":"wp","href":"https:\/\/api.w.org\/{rel}","templated":true}]}}