{"id":51168,"date":"2025-01-27T11:28:32","date_gmt":"2025-01-27T11:28:32","guid":{"rendered":"https:\/\/dekkbi.com\/?p=51168"},"modified":"2025-01-27T11:30:10","modified_gmt":"2025-01-27T11:30:10","slug":"constat-situation-economique-tendue-demain-cest-maintenant-appelle-a-des-concertations","status":"publish","type":"post","link":"https:\/\/dekkbi.com\/?p=51168","title":{"rendered":"Constat \u2013 Situation \u00ab\u00e9conomique tendue\u00bb : \u00abDemain c\u2019est maintenant\u00bb appelle \u00e0 des concertations"},"content":{"rendered":"\n<p><strong>Le mouvement \u00abDemain c\u2019est maintenant\u00bb constate que le S\u00e9n\u00e9gal traverse une situation \u00ab\u00e9conomique tendue\u00bb. Il demande ainsi une large concertation pour \u00e9viter une crise sans pr\u00e9c\u00e9dent.<\/strong><\/p>\n\n\n\n<p>\u2013 Comment \u00e9viter au S\u00e9n\u00e9gal une crise sociale sans pr\u00e9c\u00e9dent ? C\u2019est la question \u00e0 laquelle \u00abDemain c\u2019est maintenant\u00bb a tent\u00e9 de r\u00e9pondre. Dans un communiqu\u00e9, le mouvement part de ce constat : \u00abLa situation nationale est pr\u00e9occupante. Elle est particuli\u00e8rement marqu\u00e9e par un ralentissement de l\u2019\u00e9conomie avec des contre-performances notables&nbsp;: faible production arachidi\u00e8re malgr\u00e9 l\u2019augmentation du prix au producteur, campagne de commercialisation d\u00e9savantageuse pour les paysans&nbsp;; finances publiques exsangues, handicap\u00e9es par une dette, un train de vie de l\u2019Etat et une masse salariale de plus en plus insupportables&nbsp;; un important d\u00e9ficit budg\u00e9taire&nbsp;; des entreprises sinistr\u00e9es et contraintes \u00e0 la fermeture ou \u00e0 des licenciements massifs&nbsp;; un secteur priv\u00e9 t\u00e9tanis\u00e9\u2026\u00bb Selon toujours le document, cette situation \u00ab\u00e9conomique et financi\u00e8re tendue\u00bb a des cons\u00e9quences non n\u00e9gligeables. Elle est, selon Mamoudou Ibra Kane et ses camarades, \u00e0 l\u2019origine d\u2019un \u00abrench\u00e9rissement des prix de certaines services&nbsp;et denr\u00e9es, du ch\u00f4mage en hausse, de l\u2019\u00e9migration irr\u00e9guli\u00e8re avec son lot incessant de morts dans les oc\u00e9ans, de remous dans les secteurs de l\u2019\u00e9ducation, de la sant\u00e9, de l\u2019Administration et de l\u2019informel\u00bb.<\/p>\n\n\n\n<p>Fort de ce constat, le mouvement \u00abDemain c\u2019est maintenant\u00bb demande au nouveau r\u00e9gime de \u00abse mettre \u00e0 la hauteur des attentes, des urgences, des d\u00e9fis et des enjeux. Il est attendu sur le terrain de la d\u00e9cision au lendemain de la D\u00e9claration de politique g\u00e9n\u00e9rale du Premier ministre et du premier message de Nouvel an du pr\u00e9sident de la R\u00e9publique, et non dans l\u2019invective, encore moins dans la tension permanente\u00bb. Ainsi, pr\u00e9cise le communiqu\u00e9, \u00able temps est donc plus que jamais \u00e0 l\u2019action pour \u00e9viter au S\u00e9n\u00e9gal une crise sociale sans pr\u00e9c\u00e9dent\u00bb, en faisant une large concertation.<\/p>\n\n\n\n<p><strong>Par Malick GAYE<\/strong> &#8211; <strong>mgaye@lequotidien.sn<\/strong><\/p>\n","protected":false},"excerpt":{"rendered":"<p>Le mouvement \u00abDemain c\u2019est maintenant\u00bb constate que le S\u00e9n\u00e9gal traverse une situation \u00ab\u00e9conomique tendue\u00bb. Il demande ainsi une large concertation<\/p>\n","protected":false},"author":1,"featured_media":10417,"comment_status":"open","ping_status":"open","sticky":false,"template":"","format":"standard","meta":{"footnotes":""},"categories":[6],"tags":[],"class_list":["post-51168","post","type-post","status-publish","format-standard","has-post-thumbnail","hentry","category-politics"],"_links":{"self":[{"href":"https:\/\/dekkbi.com\/index.php?rest_route=\/wp\/v2\/posts\/51168","targetHints":{"allow":["GET"]}}],"collection":[{"href":"https:\/\/dekkbi.com\/index.php?rest_route=\/wp\/v2\/posts"}],"about":[{"href":"https:\/\/dekkbi.com\/index.php?rest_route=\/wp\/v2\/types\/post"}],"author":[{"embeddable":true,"href":"https:\/\/dekkbi.com\/index.php?rest_route=\/wp\/v2\/users\/1"}],"replies":[{"embeddable":true,"href":"https:\/\/dekkbi.com\/index.php?rest_route=%2Fwp%2Fv2%2Fcomments&post=51168"}],"version-history":[{"count":1,"href":"https:\/\/dekkbi.com\/index.php?rest_route=\/wp\/v2\/posts\/51168\/revisions"}],"predecessor-version":[{"id":51169,"href":"https:\/\/dekkbi.com\/index.php?rest_route=\/wp\/v2\/posts\/51168\/revisions\/51169"}],"wp:featuredmedia":[{"embeddable":true,"href":"https:\/\/dekkbi.com\/index.php?rest_route=\/wp\/v2\/media\/10417"}],"wp:attachment":[{"href":"https:\/\/dekkbi.com\/index.php?rest_route=%2Fwp%2Fv2%2Fmedia&parent=51168"}],"wp:term":[{"taxonomy":"category","embeddable":true,"href":"https:\/\/dekkbi.com\/index.php?rest_route=%2Fwp%2Fv2%2Fcategories&post=51168"},{"taxonomy":"post_tag","embeddable":true,"href":"https:\/\/dekkbi.com\/index.php?rest_route=%2Fwp%2Fv2%2Ftags&post=51168"}],"curies":[{"name":"wp","href":"https:\/\/api.w.org\/{rel}","templated":true}]}}