{"id":51155,"date":"2025-01-27T11:23:02","date_gmt":"2025-01-27T11:23:02","guid":{"rendered":"https:\/\/dekkbi.com\/?p=51155"},"modified":"2025-01-27T11:24:48","modified_gmt":"2025-01-27T11:24:48","slug":"disparition-de-didier-badji-et-fulbert-sambou-nous-attendons-que-le-gouvernement-passe-a-laction-parce-que-nous-sommes-fatigues-dattendre-collectif-des-ressortissants-des-iles-du-bliss-kass","status":"publish","type":"post","link":"https:\/\/dekkbi.com\/?p=51155","title":{"rendered":"Disparition de Didier Badji et Fulbert Sambou: \u00ab\u00a0Nous attendons que le gouvernement passe \u00e0 l&rsquo;action parce que nous sommes fatigu\u00e9s d&rsquo;attendre.\u00a0\u00bb"},"content":{"rendered":"\n<p>Le 18 novembre 2022, l&rsquo;adjudant-chef Didier Badji et le sergent Fulbert Sambou disparaissaient dans des circonstances myst\u00e9rieuses. Quelques jours plus tard, le corps de Fulbert Sambou \u00e9tait retrouv\u00e9 au large du Cap Manuel, tandis que Didier Badji demeure introuvable. Deux ans apr\u00e8s les faits, les zones d\u2019ombre persistent, et les familles des victimes, plong\u00e9es dans une d\u00e9tresse incommensurable, demandent au gouvernement s\u00e9n\u00e9galais de joindre l&rsquo;acte \u00e0 la parole et de faire toute la lumi\u00e8re sur ces drames.&nbsp;<\/p>\n\n\n\n<p>Face \u00e0 l&rsquo;inaction des nouvelles autorit\u00e9s, les ressortissants des \u00eeles Bliss Kassa&nbsp; d&rsquo;ou sont originaires les deux&nbsp; disparus se sont r\u00e9unis, ce 24 janvier 2024, au si\u00e8ge d&rsquo;Amnesty International pour exiger que la lumi\u00e8re soit faite sur cette affaire et que justice soit rendue.&nbsp;<\/p>\n\n\n\n<p>D\u00e9s le d\u00e9but du point de presse le ton est donn\u00e9: Nous attendons que le gouvernement passe \u00e0 l&rsquo;action parce que nous sommes fatigu\u00e9s d&rsquo;attendre\u00a0\u00bb, se d\u00e9solent les ressortissants de l&rsquo;\u00eele Bliss. Docteur Alex Nicodem Tabar, membre de la cellule communication du Comit\u00e9 de gestion des \u00celes Bliss, a tenu \u00e0 d\u00e9noncer les lenteurs de l\u2019enqu\u00eate. \u00ab Cela fait deux ans que nous nous battons pour la v\u00e9rit\u00e9. Nous ne croyons pas \u00e0 la version initiale de noyade. Nous savons qu&rsquo;ils ne peuvent pas se noyer \u00bb.<\/p>\n\n\n\n<p>Selon le Collectif,&nbsp; le procureur actuel a r\u00e9cemment \u00e9voqu\u00e9 l&rsquo;existence de commanditaires et d&rsquo;ex\u00e9cutants, une avanc\u00e9e qui redonne espoir mais soul\u00e8ve aussi de fortes attentes.<\/p>\n\n\n\n<p>En effet, les familles des victimes vivent dans une pr\u00e9carit\u00e9 aggrav\u00e9e par l\u2019absence de r\u00e9ponses concr\u00e8tes. \u00ab Didier Badji est mort dans des circonstances troublantes. Sa femme est d\u00e9c\u00e9d\u00e9e quelques mois apr\u00e8s, laissant des enfants dans une situation insoutenable. Que fait l\u2019\u00c9tat pour ces familles ? \u00bb a lanc\u00e9 le docteur Tabar, appelant \u00e0 des mesures de r\u00e9paration.<\/p>\n\n\n\n<p>Ainsi pour se faire entendre, le Comit\u00e9 de gestion des \u00celes Bliss pr\u00e9voit une grande manifestation, ce dimanche dans les localit\u00e9s concern\u00e9es. Ils annoncent \u00e9galement des actions concert\u00e9es avec leurs avocats et des campagnes de communication pour faire pression sur les autorit\u00e9s.<\/p>\n\n\n\n<p>Pour ces insulaires, ce combat d\u00e9passe la justice pour leurs fr\u00e8res disparus : il s\u2019agit aussi d\u2019affirmer la dignit\u00e9 de leurs communaut\u00e9s et d\u2019exiger une gouvernance transparente. Le gouvernement est d\u00e9sormais attendu au tournant, face \u00e0 un appel qui ne saurait rester sans r\u00e9ponse.<\/p>\n\n\n\n<figure class=\"wp-block-embed is-type-rich is-provider-prise-en-charge-des-contenus-embarqu-s wp-block-embed-prise-en-charge-des-contenus-embarqu-s wp-embed-aspect-16-9 wp-has-aspect-ratio\"><div class=\"wp-block-embed__wrapper\">\n<iframe loading=\"lazy\" title=\"Disparition Didier Badji et Fulbert Sambou: &quot;Nous attendons que le gouvernement passe \u00e0 l&#039;action...&quot;\" width=\"800\" height=\"450\" src=\"https:\/\/www.youtube.com\/embed\/BeX7HKU56IE?feature=oembed\" frameborder=\"0\" allow=\"accelerometer; autoplay; clipboard-write; encrypted-media; gyroscope; picture-in-picture; web-share\" referrerpolicy=\"strict-origin-when-cross-origin\" allowfullscreen><\/iframe>\n<\/div><\/figure>\n\n\n\n<p>SOURCE DAKARACTU<\/p>\n\n\n\n<p><\/p>\n","protected":false},"excerpt":{"rendered":"<p>Le 18 novembre 2022, l&rsquo;adjudant-chef Didier Badji et le sergent Fulbert Sambou disparaissaient dans des circonstances myst\u00e9rieuses. Quelques jours plus<\/p>\n","protected":false},"author":1,"featured_media":3955,"comment_status":"open","ping_status":"open","sticky":false,"template":"","format":"standard","meta":{"footnotes":""},"categories":[26],"tags":[],"class_list":["post-51155","post","type-post","status-publish","format-standard","has-post-thumbnail","hentry","category-fait-divers"],"_links":{"self":[{"href":"https:\/\/dekkbi.com\/index.php?rest_route=\/wp\/v2\/posts\/51155","targetHints":{"allow":["GET"]}}],"collection":[{"href":"https:\/\/dekkbi.com\/index.php?rest_route=\/wp\/v2\/posts"}],"about":[{"href":"https:\/\/dekkbi.com\/index.php?rest_route=\/wp\/v2\/types\/post"}],"author":[{"embeddable":true,"href":"https:\/\/dekkbi.com\/index.php?rest_route=\/wp\/v2\/users\/1"}],"replies":[{"embeddable":true,"href":"https:\/\/dekkbi.com\/index.php?rest_route=%2Fwp%2Fv2%2Fcomments&post=51155"}],"version-history":[{"count":4,"href":"https:\/\/dekkbi.com\/index.php?rest_route=\/wp\/v2\/posts\/51155\/revisions"}],"predecessor-version":[{"id":51162,"href":"https:\/\/dekkbi.com\/index.php?rest_route=\/wp\/v2\/posts\/51155\/revisions\/51162"}],"wp:featuredmedia":[{"embeddable":true,"href":"https:\/\/dekkbi.com\/index.php?rest_route=\/wp\/v2\/media\/3955"}],"wp:attachment":[{"href":"https:\/\/dekkbi.com\/index.php?rest_route=%2Fwp%2Fv2%2Fmedia&parent=51155"}],"wp:term":[{"taxonomy":"category","embeddable":true,"href":"https:\/\/dekkbi.com\/index.php?rest_route=%2Fwp%2Fv2%2Fcategories&post=51155"},{"taxonomy":"post_tag","embeddable":true,"href":"https:\/\/dekkbi.com\/index.php?rest_route=%2Fwp%2Fv2%2Ftags&post=51155"}],"curies":[{"name":"wp","href":"https:\/\/api.w.org\/{rel}","templated":true}]}}