{"id":51115,"date":"2025-01-24T15:35:12","date_gmt":"2025-01-24T15:35:12","guid":{"rendered":"https:\/\/dekkbi.com\/?p=51115"},"modified":"2025-01-24T15:35:13","modified_gmt":"2025-01-24T15:35:13","slug":"lassemblee-nationale-a-vote-la-levee-de-limmunite-parlementaire-de-farba-ngom","status":"publish","type":"post","link":"https:\/\/dekkbi.com\/?p=51115","title":{"rendered":"L\u2019Assembl\u00e9e nationale a vot\u00e9 la lev\u00e9e de l\u2019immunit\u00e9 parlementaire de Farba Ngom"},"content":{"rendered":"\n<p>Dakar, 24 jan (APS) \u2013 Les d\u00e9put\u00e9s ont adopt\u00e9, vendredi, la demande de lev\u00e9e de l\u2019immunit\u00e9 parlementaire de Mouhamadou Ngom dit Farba, faisant suite \u00e0 une requ\u00eate du procureur du Pool judiciaire financier dans le cadre d\u2019une enqu\u00eate sur des activit\u00e9s suspectes de blanchiment de capitaux dont la valeur est estim\u00e9e provisoirement \u00e0 plus de 125 milliards de Francs CFA.<\/p>\n\n\n\n<p>Dans un climat relativement serein, trois seulement parmi les 136 d\u00e9put\u00e9s ayant pris part au vote se sont oppos\u00e9s \u00e0 la lev\u00e9e de l\u2019immunit\u00e9 parlementaire de Mouhamadou Ngom dit Farba..<\/p>\n\n\n\n<p>Le groupe parlementaire Takku Wallu a d\u00e9cid\u00e9 de boycotter le vote. Sa pr\u00e9sidente, A\u00efssata Tall Sall, a exprim\u00e9 ses vives critiques pour d\u00e9noncer le processus ayant conduit \u00e0 cette d\u00e9cision.<\/p>\n\n\n\n<p>Elle insist\u00e9 sur l\u2019importance d\u2019une \u00ab&nbsp;justice impartiale&nbsp;\u00bb, tout en rappelant les \u00ab&nbsp;principes de souverainet\u00e9 et de responsabilit\u00e9 parlementaire qui devraient guider de telles actions&nbsp;\u00bb.<\/p>\n\n\n\n<p>Son coll\u00e8gue &nbsp;Abdou Mbow issu du m\u00eame groupe parlementaire a affirm\u00e9 que le r\u00e8glement int\u00e9rieur de l\u2019Assembl\u00e9e nationale a \u00e9t\u00e9 \u00ab&nbsp;manipul\u00e9 \u00e0 des fins partisanes&nbsp;\u00bb.<\/p>\n\n\n\n<p>Dans une lettre adress\u00e9e \u00e0 l\u2019Assembl\u00e9e nationale le 10 janvier dernier, le Garde des Sceaux ministre de la Justice, sur requ\u00eate du Parquet financier, avait sollicit\u00e9 cette lev\u00e9e d\u2019immunit\u00e9 parlementaire dans le cadre d\u2019une enqu\u00eate approfondie sur des activit\u00e9s suspectes de blanchiment de capitaux.<\/p>\n\n\n\n<p>Avec cette lev\u00e9e effective de son immunit\u00e9, Mouhamadou Ngom dit Farba pourra d\u00e9sormais \u00eatre convoqu\u00e9 par le procureur pour une audition dans le cadre de ladite enqu\u00eate.<\/p>\n\n\n\n<p>AN\/SMD\/MTN<\/p>\n","protected":false},"excerpt":{"rendered":"<p>Dakar, 24 jan (APS) \u2013 Les d\u00e9put\u00e9s ont adopt\u00e9, vendredi, la demande de lev\u00e9e de l\u2019immunit\u00e9 parlementaire de Mouhamadou Ngom<\/p>\n","protected":false},"author":1,"featured_media":51116,"comment_status":"open","ping_status":"open","sticky":false,"template":"","format":"standard","meta":{"footnotes":""},"categories":[6],"tags":[],"class_list":["post-51115","post","type-post","status-publish","format-standard","has-post-thumbnail","hentry","category-politics"],"_links":{"self":[{"href":"https:\/\/dekkbi.com\/index.php?rest_route=\/wp\/v2\/posts\/51115","targetHints":{"allow":["GET"]}}],"collection":[{"href":"https:\/\/dekkbi.com\/index.php?rest_route=\/wp\/v2\/posts"}],"about":[{"href":"https:\/\/dekkbi.com\/index.php?rest_route=\/wp\/v2\/types\/post"}],"author":[{"embeddable":true,"href":"https:\/\/dekkbi.com\/index.php?rest_route=\/wp\/v2\/users\/1"}],"replies":[{"embeddable":true,"href":"https:\/\/dekkbi.com\/index.php?rest_route=%2Fwp%2Fv2%2Fcomments&post=51115"}],"version-history":[{"count":1,"href":"https:\/\/dekkbi.com\/index.php?rest_route=\/wp\/v2\/posts\/51115\/revisions"}],"predecessor-version":[{"id":51117,"href":"https:\/\/dekkbi.com\/index.php?rest_route=\/wp\/v2\/posts\/51115\/revisions\/51117"}],"wp:featuredmedia":[{"embeddable":true,"href":"https:\/\/dekkbi.com\/index.php?rest_route=\/wp\/v2\/media\/51116"}],"wp:attachment":[{"href":"https:\/\/dekkbi.com\/index.php?rest_route=%2Fwp%2Fv2%2Fmedia&parent=51115"}],"wp:term":[{"taxonomy":"category","embeddable":true,"href":"https:\/\/dekkbi.com\/index.php?rest_route=%2Fwp%2Fv2%2Fcategories&post=51115"},{"taxonomy":"post_tag","embeddable":true,"href":"https:\/\/dekkbi.com\/index.php?rest_route=%2Fwp%2Fv2%2Ftags&post=51115"}],"curies":[{"name":"wp","href":"https:\/\/api.w.org\/{rel}","templated":true}]}}