{"id":51102,"date":"2025-01-24T10:54:21","date_gmt":"2025-01-24T10:54:21","guid":{"rendered":"https:\/\/dekkbi.com\/?p=51102"},"modified":"2025-01-24T10:54:21","modified_gmt":"2025-01-24T10:54:21","slug":"conflit-dans-lest-de-la-rdc-les-combats-ont-repris-a-kimbumba","status":"publish","type":"post","link":"https:\/\/dekkbi.com\/?p=51102","title":{"rendered":"Conflit dans l&rsquo;est de la RDC: les combats ont repris \u00e0 Kimbumba"},"content":{"rendered":"\n<p>Dans l&rsquo;est de la R\u00e9publique d\u00e9mocratique du Congo (RDC), le groupe arm\u00e9 du M23, qui est appuy\u00e9 militairement sur le terrain par l&rsquo;arm\u00e9e rwandaise, a lanc\u00e9 une offensive depuis maintenant plusieurs jours. Les combats ont repris vers 04h00 ce 24 janvier au matin sur l&rsquo;une des deux lignes de front, celle de Kibumba, au nord de Goma, la capitale du Nord-Kivu. Au petit matin, c\u2019\u00e9tait plus calme \u00e0 Sake.<\/p>\n\n\n\n<p>C&rsquo;est depuis 04h00 du matin, ce vendredi, heure locale (02h00 TU) que les tirs ont repris \u00e0 Kibumba, \u00e0 une vingtaine de kilom\u00e8tres au nord de Goma, dans l\u2019est de la R\u00e9publique d\u00e9mocratique du Congo (<strong>RDC<\/strong>). De nouveaux d\u00e9placements de population sont aussi signal\u00e9s. C&rsquo;est l&rsquo;autre front actif signal\u00e9 jeudi soir, dans le territoire de Nyiragongo, au nord de Goma. Les habitants du village de Rusayu, dans le groupement Muja, ont rapport\u00e9 des affrontements, des tirs d&rsquo;armes lourdes et l\u00e9g\u00e8res ont \u00e9t\u00e9 entendus, d\u00e8s l&rsquo;aube, \u00e0 environ 20 kilom\u00e8tres de Goma. Un obus tomb\u00e9 dans le quartier de Turunga a caus\u00e9 la mort de deux civils.<\/p>\n\n\n\n<p>Du c\u00f4t\u00e9 de Sake, la ligne de front est relativement calme ce matin. Selon des sources locales, le\u00a0<strong>M23<\/strong>\u00a0soutenu par les forces sp\u00e9ciales de l&rsquo;arm\u00e9e rwandaise \u00e9tait pr\u00e9sent \u00e0 Sake, \u00e0 une vingtaine de kilom\u00e8tres de Goma, la capitale provinciale, jeudi quasiment toute la journ\u00e9e. Des \u00e9changes de tirs ont \u00e9t\u00e9 signal\u00e9s jusque tard dans la nuit. Les forces arm\u00e9es de la RDC (FARDC) ont intensifi\u00e9 leurs op\u00e9rations en d\u00e9ployant des h\u00e9licopt\u00e8res et des mortiers pour contrer l&rsquo;avanc\u00e9e de ces combattants du M23, soutenu par le\u00a0<strong>Rwanda<\/strong>. Les \u00ab\u00a0casques bleus\u00a0\u00bb, eux, ont apport\u00e9 un soutien aux forces congolaises.<\/p>\n\n\n\n<h2 class=\"wp-block-heading\">Une position de la Monusco touch\u00e9e<\/h2>\n\n\n\n<p>D&rsquo;apr\u00e8s les informations obtenues par RFI, au milieu des affrontements entre FARDC et M23, des obus de mortier en provenance d&rsquo;une zone contr\u00f4l\u00e9e par le M23 auraient touch\u00e9 une position de la Mission de maintien de la paix de l&rsquo;ONU (Monusco) et ses environs \u00e0 Sake. Cet incident a caus\u00e9 des blessures l\u00e9g\u00e8res \u00e0 trois \u00ab casques bleus&nbsp;\u00bb, selon les m\u00eames sources. Jusque tard dans la soir\u00e9e de jeudi, des tirs de mortiers \u00e9taient entendus dans la zone. Les \u00ab&nbsp;casques bleus&nbsp;\u00bb restent d\u00e9ploy\u00e9s sur place, leurs missions \u00e9tant limit\u00e9es \u00e0 des actions d\u00e9fensives dans le cadre de leur mandat de protection des civils.<\/p>\n\n\n\n<p>Il faut noter un autre aspect pr\u00e9occupant : la guerre technologique. Des perturbations de communication ont \u00e9t\u00e9 signal\u00e9es toute la journ\u00e9e de jeudi dans les zones de Sake et de Goma. Les autorit\u00e9s congolaises, les \u00c9tats-Unis, des experts des Nations unies ont, \u00e0 plusieurs reprises, accus\u00e9 Kigali de manipuler des signaux GPS en brouillant des communications ou en \u00e9mettant de faux signaux dans la r\u00e9gion.<\/p>\n\n\n\n<h2 class=\"wp-block-heading\">De multiples forces en pr\u00e9sence<\/h2>\n\n\n\n<p>Ce jeudi,\u00a0<strong>les combats ont donc eu lieu autour de Sake<\/strong>. Plusieurs fois dans la journ\u00e9e ce jeudi, des t\u00e9moins ont vu des h\u00e9licopt\u00e8res venir bombarder les positions du M23 et de l\u2019arm\u00e9e rwandaise dans les environs de Sake. Des renforts a\u00e9riens confirm\u00e9s dans la journ\u00e9e par les autorit\u00e9s militaires de l\u2019Est qui ont assur\u00e9 que toutes les dispositions ont \u00e9t\u00e9 prises pour s\u00e9curiser et prot\u00e9ger Goma.<\/p>\n\n\n\n<p>Les FARDC et les Wazalendos, les groupes d\u2019autod\u00e9fense alli\u00e9s de Kinshasa, ne sont pas seuls dans cette zone de Sake. Il y a des forces de la Monusco et de la SAMIDRC, ce sont les troupes de la communaut\u00e9 d\u2019Afrique australe, principalement des troupes sud-africaines. Ces deux entit\u00e9s ont rejoint dans la journ\u00e9e les militaires congolais sur le front.<\/p>\n\n\n\n<p>La Monusco qui a confirm\u00e9 avoir activ\u00e9 et renforc\u00e9 l\u2019op\u00e9ration \u00ab&nbsp;Springbok&nbsp;\u00bb en collaboration avec les militaires congolais et ceux de la SADC. Une op\u00e9ration qui vise \u00e0 d\u00e9fendre des positions dans et autour de Sake et de Goma, afin d\u2019emp\u00eacher leur prise par le M23. Avec comme mission prioritaire d\u2019assurer la s\u00e9curit\u00e9 des routes et des approvisionnements.<\/p>\n\n\n\n<p>SOURCE RFI<\/p>\n","protected":false},"excerpt":{"rendered":"<p>Dans l&rsquo;est de la R\u00e9publique d\u00e9mocratique du Congo (RDC), le groupe arm\u00e9 du M23, qui est appuy\u00e9 militairement sur le<\/p>\n","protected":false},"author":1,"featured_media":51103,"comment_status":"open","ping_status":"open","sticky":false,"template":"","format":"standard","meta":{"footnotes":""},"categories":[51],"tags":[],"class_list":["post-51102","post","type-post","status-publish","format-standard","has-post-thumbnail","hentry","category-general"],"_links":{"self":[{"href":"https:\/\/dekkbi.com\/index.php?rest_route=\/wp\/v2\/posts\/51102","targetHints":{"allow":["GET"]}}],"collection":[{"href":"https:\/\/dekkbi.com\/index.php?rest_route=\/wp\/v2\/posts"}],"about":[{"href":"https:\/\/dekkbi.com\/index.php?rest_route=\/wp\/v2\/types\/post"}],"author":[{"embeddable":true,"href":"https:\/\/dekkbi.com\/index.php?rest_route=\/wp\/v2\/users\/1"}],"replies":[{"embeddable":true,"href":"https:\/\/dekkbi.com\/index.php?rest_route=%2Fwp%2Fv2%2Fcomments&post=51102"}],"version-history":[{"count":1,"href":"https:\/\/dekkbi.com\/index.php?rest_route=\/wp\/v2\/posts\/51102\/revisions"}],"predecessor-version":[{"id":51104,"href":"https:\/\/dekkbi.com\/index.php?rest_route=\/wp\/v2\/posts\/51102\/revisions\/51104"}],"wp:featuredmedia":[{"embeddable":true,"href":"https:\/\/dekkbi.com\/index.php?rest_route=\/wp\/v2\/media\/51103"}],"wp:attachment":[{"href":"https:\/\/dekkbi.com\/index.php?rest_route=%2Fwp%2Fv2%2Fmedia&parent=51102"}],"wp:term":[{"taxonomy":"category","embeddable":true,"href":"https:\/\/dekkbi.com\/index.php?rest_route=%2Fwp%2Fv2%2Fcategories&post=51102"},{"taxonomy":"post_tag","embeddable":true,"href":"https:\/\/dekkbi.com\/index.php?rest_route=%2Fwp%2Fv2%2Ftags&post=51102"}],"curies":[{"name":"wp","href":"https:\/\/api.w.org\/{rel}","templated":true}]}}